{"id":3510,"date":"2020-10-17T21:32:03","date_gmt":"2020-10-17T19:32:03","guid":{"rendered":"http:\/\/mbloretanska.pl\/?p=3510"},"modified":"2020-10-17T21:32:04","modified_gmt":"2020-10-17T19:32:04","slug":"xxix-niedziela-zwykla-18-10-2020","status":"publish","type":"post","link":"https:\/\/mbloretanska.pl\/?p=3510","title":{"rendered":"XXIX niedziela zwyk\u0142a, 18.10.2020"},"content":{"rendered":"<section  class='av_textblock_section av-kge2pwnt-f9ef74a77fba431b09e0e9f78cb602a2 '   itemscope=\"itemscope\" itemtype=\"https:\/\/schema.org\/BlogPosting\" itemprop=\"blogPost\" ><div class='avia_textblock'  itemprop=\"text\" ><ol>\n<li>Razem z ca\u0142ym Ko\u015bcio\u0142em obchodzimy dzi\u015b \u015awiatowy Dzie\u0144 Misyjny, kt\u00f3ry rozpoczyna Tydzie\u0144 misyjny. Dzi\u0119kujemy wszystkim za modlitewne i finansowe dzie\u0142a g\u0142oszenia Ewangelii. Misjonarkom Karolinie J\u00f3\u017awiak i Monice St\u0105porek serdecznie dzi\u0119kujemy za\u00a0 podzielenie si\u0119 z nami entuzjazmem i rado\u015bci\u0105 wiary.<\/li>\n<li>Na mocy dekretu Biskupa Romualda Kami\u0144skiego dotycz\u0105cego zasad bezpiecze\u0144stwa i\u00a0higieny oraz duszpasterstwa w\u00a0czasie pandemii wydanego 16.X.2020r. informujemy, \u017ce zgodnie z zaleceniem zachowania dystansu spo\u0142ecznego powierzchnia naszego ko\u015bcio\u0142a pozwala na udzia\u0142 jednoczesny w zgromadzeniu liturgicznym 85 os\u00f3b. Przypominamy o obowi\u0105zku korzystania z maseczek ochronnych. Dozowniki z p\u0142ynem do dezynfekcji r\u0105k znajduj\u0105 si\u0119 przy drzwiach wej\u015bciowych.<\/li>\n<li>W poniedzia\u0142ek 19 X liturgiczne wspomnienie b\u0142. ks. Jerzego Popie\u0142uszki, we wtorek 20 X \u015bw. Jana Kantego, a w czwartek 22 X \u015bw. Jana Paw\u0142a II.<\/li>\n<li>W pi\u0105tek 23 X w czasie Mszy \u015bw. o godz. 18.00 biskup Marek Solarczyk udzieli sakramentu bierzmowania m\u0142odzie\u017cy naszej parafii. Z tego wzgl\u0119du w pi\u0105tek r\u00f3\u017caniec b\u0119dzie nie jak zwykle o 17.15, ale rano po Mszy \u015bw. o godz. 8.00. Kancelaria parafialna po po\u0142udniu b\u0119dzie nieczynna \u2013 zapraszamy w godzinach przedpo\u0142udniowych. Ze wzgl\u0119du na ograniczenie liczby os\u00f3b uczestnicz\u0105cych w liturgii na t\u0119 uroczysto\u015b\u0107 zapraszamy tylko m\u0142odzie\u017c, \u015bwiadk\u00f3w i najbli\u017csz\u0105 rodzin\u0119.\u00a0Spotkania dla kandydat\u00f3w jeszcze dzisiaj i w czwartek o godz. 19.00, a spowied\u017a przed bierzmowaniem w czwartek od godz. 17.30.<\/li>\n<li>Planowany na przysz\u0142\u0105 niedziel\u0119 25. X koncert w ramach cyklu Praska Jesie\u0144\u00a0 w \u015awi\u0105tyniach odb\u0119dzie si\u0119 w innej ni\u017c dotychczas formule. Zarz\u0105d Dzielnicy Praga-P\u00f3\u0142noc maj\u0105c na wzgl\u0119dzie kwestie bezpiecze\u0144stwa\u00a0podj\u0105\u0142 decyzj\u0119 o rezygnacji z widowni i przeprowadzenie koncertu w formie transmisji online \u00a0\/przez internet\/. Adres i link do odpowiedniej strony podamy po otrzymaniu informacji od organizator\u00f3w.<\/li>\n<li>Zbli\u017ca si\u0119 Uroczysto\u015b\u0107 Wszystkich \u015awi\u0119tych i Dzie\u0144 Zaduszny. Mo\u017cna ju\u017c zapisywa\u0107 swoich bliskich zmar\u0142ych na wypominki jednorazowe, roczne lub na listopadow\u0105 Msz\u0119 \u015bw. gregoria\u0144sk\u0105, kt\u00f3ra b\u0119dzie odprawiana od 3 XI do 2 XII codziennie o godz. 18.00. Pami\u0119tajmy, \u017ce o ile w wypominkach podajemy wielu zmar\u0142ych, tak tutaj ograniczmy si\u0119 do jednej osoby, kt\u00f3rej chcemy skr\u00f3ci\u0107 kar\u0119 czy\u015b\u0107cow\u0105. Sk\u0142adane ofiary s\u0105 dobrowolne \u2013 adekwatne do daru, kt\u00f3ry ofiarujemy naszym bliskim zmar\u0142ym. Procesje \u017ca\u0142obne z modlitw\u0105 za zmar\u0142ych: 1 XI po Mszy wieczornej oraz 2 XI rano po Mszy o 9.00 i wieczorem po Mszy o 18.00.<\/li>\n<li>Polecamy lektur\u0119 tygodnika <em>Idziemy, <\/em>w kt\u00f3rym znajdziemy zdrowy pokarm dla naszego intelektu i wiary. Tematem wiod\u0105cym tego numeru s\u0105 misje.<\/li>\n<\/ol>\n<\/div><\/section>\n","protected":false},"excerpt":{"rendered":"","protected":false},"author":1,"featured_media":46,"comment_status":"closed","ping_status":"open","sticky":false,"template":"","format":"standard","meta":{"ngg_post_thumbnail":0,"footnotes":""},"categories":[3],"tags":[],"class_list":["post-3510","post","type-post","status-publish","format-standard","has-post-thumbnail","hentry","category-ogloszenia-duszpasterskie"],"_links":{"self":[{"href":"https:\/\/mbloretanska.pl\/index.php?rest_route=\/wp\/v2\/posts\/3510","targetHints":{"allow":["GET"]}}],"collection":[{"href":"https:\/\/mbloretanska.pl\/index.php?rest_route=\/wp\/v2\/posts"}],"about":[{"href":"https:\/\/mbloretanska.pl\/index.php?rest_route=\/wp\/v2\/types\/post"}],"author":[{"embeddable":true,"href":"https:\/\/mbloretanska.pl\/index.php?rest_route=\/wp\/v2\/users\/1"}],"replies":[{"embeddable":true,"href":"https:\/\/mbloretanska.pl\/index.php?rest_route=%2Fwp%2Fv2%2Fcomments&post=3510"}],"version-history":[{"count":1,"href":"https:\/\/mbloretanska.pl\/index.php?rest_route=\/wp\/v2\/posts\/3510\/revisions"}],"predecessor-version":[{"id":3511,"href":"https:\/\/mbloretanska.pl\/index.php?rest_route=\/wp\/v2\/posts\/3510\/revisions\/3511"}],"wp:featuredmedia":[{"embeddable":true,"href":"https:\/\/mbloretanska.pl\/index.php?rest_route=\/wp\/v2\/media\/46"}],"wp:attachment":[{"href":"https:\/\/mbloretanska.pl\/index.php?rest_route=%2Fwp%2Fv2%2Fmedia&parent=3510"}],"wp:term":[{"taxonomy":"category","embeddable":true,"href":"https:\/\/mbloretanska.pl\/index.php?rest_route=%2Fwp%2Fv2%2Fcategories&post=3510"},{"taxonomy":"post_tag","embeddable":true,"href":"https:\/\/mbloretanska.pl\/index.php?rest_route=%2Fwp%2Fv2%2Ftags&post=3510"}],"curies":[{"name":"wp","href":"https:\/\/api.w.org\/{rel}","templated":true}]}}