{"id":3508,"date":"2020-10-17T21:19:00","date_gmt":"2020-10-17T19:19:00","guid":{"rendered":"http:\/\/mbloretanska.pl\/?p=3508"},"modified":"2020-10-17T21:19:01","modified_gmt":"2020-10-17T19:19:01","slug":"intencje-mszalne-18-24-10-2020","status":"publish","type":"post","link":"https:\/\/mbloretanska.pl\/?p=3508","title":{"rendered":"intencje mszalne 18-24.10.2020"},"content":{"rendered":"<section  class='av_textblock_section av-kge29pm8-330d0781d3ff3985af9ebdeaa9844cc4 '   itemscope=\"itemscope\" itemtype=\"https:\/\/schema.org\/BlogPosting\" itemprop=\"blogPost\" ><div class='avia_textblock'  itemprop=\"text\" ><table width=\"699\">\n<tbody>\n<tr>\n<td colspan=\"2\" width=\"699\"><strong>\u00a0<\/strong><\/td>\n<\/tr>\n<tr>\n<td colspan=\"2\" width=\"699\">\n<p style=\"text-align: center;\"><strong>XXIX NIEDZIELA ZWYK\u0141A \u00a0<\/strong><\/p>\n<p style=\"text-align: center;\"><strong>(18 pa\u017adziernika 2020 r.)<\/strong><\/p>\n<\/td>\n<\/tr>\n<tr>\n<td width=\"53\"><strong>7.00<\/strong><\/td>\n<td width=\"646\">+ Wojciecha WILEMBERG (1 r. \u015bm.)<\/td>\n<\/tr>\n<tr>\n<td width=\"53\"><strong>8.30<\/strong><\/td>\n<td width=\"646\">+ Janin\u0119 KOPACZ (1 r. \u015bm.)<\/td>\n<\/tr>\n<tr>\n<td width=\"53\"><strong>10.00<\/strong><\/td>\n<td width=\"646\">1) + Adama \u0141\u0104CKIEGO (greg. 18).<\/p>\n<p>2) + Zdzis\u0142awa D\u0118BSKIEGO (greg. 18).<\/td>\n<\/tr>\n<tr>\n<td width=\"53\"><strong>11.00<\/strong><\/td>\n<td width=\"646\">\u00b7\u00a0\u00a0\u00a0\u00a0\u00a0 W intencji ks. \u0141ukasza (imieninowa)<\/td>\n<\/tr>\n<tr>\n<td width=\"53\"><strong>12.30<\/strong><\/td>\n<td width=\"646\">\u00b7\u00a0\u00a0\u00a0\u00a0\u00a0 Dz. b\u0142ag. o dary Ducha \u015awi\u0119tego i Bo\u017ce b\u0142og. dla \u0141ukasza w 25 rocznic\u0119 urodzin.<\/p>\n<p>\u00b7\u00a0\u00a0\u00a0\u00a0\u00a0 W int. Lucyny SUWALSKIEJ (101 r. ur.)<\/p>\n<p>+ Lecha M\u0104CZY\u0143SKIEGO (10 r. \u015bm.) i Krystyn\u0119 MM\u0104CZY\u0143SK\u0104.<\/p>\n<p>+ Danut\u0119 (6 r. \u015bm.) i Miros\u0142awa (5 r. \u015bm.) BAJKOWSKICH.<\/p>\n<p>+ Beat\u0119 WI\u0118C\u0141AWSK\u0104 (30 dzie\u0144 po pogrzebie).<\/p>\n<p>+ Benedykta HABKOWSKIEGO (30 dni po \u015bmierci).<\/p>\n<p>+ rodzic\u00f3w: Mariann\u0119, W\u0142adys\u0142awa i Zdzis\u0142awa NOWAK,<br \/>\nRomana, Krystyn\u0119 i Eugeniusza PUCHTA.<\/p>\n<p>+ w int. pomordowanych i zmar\u0142ych wi\u0119\u017ani\u00f3w wi\u0119zienia \u201eToledo\u201d z ul. Namys\u0142owskiej,<br \/>\nkt\u00f3rych szcz\u0105tki (18 cia\u0142) odnaleziono i tych, kt\u00f3rzy czekaj\u0105 na odnalezienie<br \/>\ni identyfikacj\u0119, aby ofiara poniesiona dla ziemskiej Ojczyzny wyjedna\u0142a im mi\u0142osierdzie<br \/>\ni nagrod\u0119 \u017cycia wiecznego w ojczy\u017anie niebieskiej.<\/p>\n<p>O Bo\u017ce b\u0142og. i potrzebne \u0142aski dla wszystkich, kt\u00f3rzy odkrywaj\u0105c prawd\u0119 przywracaj\u0105<br \/>\npami\u0119\u0107 i szacunek ofiarom komunistycznego re\u017cimu.<\/td>\n<\/tr>\n<tr>\n<td width=\"53\"><strong>18.00<\/strong><\/td>\n<td width=\"646\">\u00b7\u00a0\u00a0\u00a0\u00a0\u00a0 O Bo\u017ce b\u0142og. i potrzebne \u0142aski dla Tadeusza PUD\u0141O (w 81 r. ur.) i dla ca\u0142ej rodziny.<\/td>\n<\/tr>\n<tr>\n<td colspan=\"2\" width=\"699\"><strong>\u00a0<\/strong><\/td>\n<\/tr>\n<tr>\n<td colspan=\"2\" width=\"699\">\n<p style=\"text-align: center;\"><strong>PONIEDZIA\u0141EK\u00a0\u00a0 <\/strong><\/p>\n<p style=\"text-align: center;\"><strong>(19 pa\u017adziernika 2020 r.)<\/strong><\/p>\n<\/td>\n<\/tr>\n<tr>\n<td width=\"53\"><strong>7.00<\/strong><\/td>\n<td width=\"646\">1) + Adama \u0141\u0104CKIEGO (greg. 19).<\/p>\n<p>2) + Zdzis\u0142awa D\u0118BSKIEGO (greg. 19).<\/td>\n<\/tr>\n<tr>\n<td width=\"53\"><strong>8.00<\/strong><\/td>\n<td width=\"646\">+ Piotra DOPIERALSKIEGO, Waleri\u0119 i Boles\u0142awa JANKOWSKICH,<br \/>\nJanin\u0119 i Franciszka WODZI\u0143SKICH, Alfreda S\u0141UPECKIEGO,<br \/>\nJanusza CICHOCKIEGO i Leokadi\u0119 JANKOWSK\u0104.<\/td>\n<\/tr>\n<tr>\n<td width=\"53\"><strong>18.00<\/strong><\/td>\n<td width=\"646\"><\/td>\n<\/tr>\n<tr>\n<td colspan=\"2\" width=\"699\"><\/td>\n<\/tr>\n<tr>\n<td colspan=\"2\" width=\"699\">\n<p style=\"text-align: center;\"><strong>WTOREK\u00a0\u00a0 <\/strong><\/p>\n<p style=\"text-align: center;\"><strong>(20 pa\u017adziernika 2020 r.)<\/strong><\/p>\n<p style=\"text-align: center;\"><strong>\u015aw. Jana Kantego &#8211; Wspomnienie<\/strong><\/p>\n<\/td>\n<\/tr>\n<tr>\n<td width=\"53\"><strong>7.00<\/strong><\/td>\n<td width=\"646\">1) + Adama \u0141\u0104CKIEGO (greg. 20).<\/p>\n<p>2) + Zdzis\u0142awa D\u0118BSKIEGO (greg. 20).<\/td>\n<\/tr>\n<tr>\n<td width=\"53\"><strong>8.00<\/strong><\/td>\n<td width=\"646\">\u00b7\u00a0\u00a0\u00a0\u00a0\u00a0 O zdrowie, b\u0142og. Bo\u017ce, opiek\u0119 Matki Bo\u017cej i potrzebne \u0142aski dla Ireny CIE\u015aLAK<br \/>\nz racji imienin.<\/td>\n<\/tr>\n<tr>\n<td width=\"53\"><strong>18.00<\/strong><\/td>\n<td width=\"646\">+ Feliksa (14 r. \u015bm.) Sabin\u0119 i Tadeusza TOCZY\u0143SKICH, zm. z r. TOCZY\u0143SKICH,<br \/>\ni WASZCZUK\u00d3W.<\/td>\n<\/tr>\n<tr>\n<td colspan=\"2\" width=\"699\"><\/td>\n<\/tr>\n<tr>\n<td colspan=\"2\" width=\"699\">\n<p style=\"text-align: center;\"><strong>\u015aRODA <\/strong><\/p>\n<p style=\"text-align: center;\"><strong>(21 pa\u017adziernika 2020 r.)<\/strong><\/p>\n<\/td>\n<\/tr>\n<tr>\n<td width=\"53\"><strong>7.00<\/strong><\/td>\n<td width=\"646\">+ Helen\u0119 BAWOR (2 r. \u015bm.), i jej rodze\u0144stwo: Aniel\u0119 i Franciszka J\u0118CZALIK.<\/td>\n<\/tr>\n<tr>\n<td width=\"53\"><strong>8.00<\/strong><\/td>\n<td width=\"646\">1) + Adama \u0141\u0104CKIEGO (greg. 21).<\/p>\n<p>2) + Zdzis\u0142awa D\u0118BSKIEGO (greg. 21).<\/td>\n<\/tr>\n<tr>\n<td width=\"53\"><strong>17.45<\/strong><\/td>\n<td width=\"646\"><strong>NOWENNA:<\/strong><\/p>\n<p>\u00b7\u00a0\u00a0\u00a0\u00a0\u00a0 Int. dzi\u0119kczynna w 30 dniu po \u015blubie Beaty i Ernesta KOBYLI\u0143SKICH<br \/>\nz pro\u015bb\u0105 o b\u0142og. Bo\u017ce i potrzebne \u0142aski w \u017cyciu ma\u0142\u017ce\u0144skim.<\/p>\n<p>+ Janusza KAMI\u0143SKIEGO<\/p>\n<p>+ Marka PINDERA (30 dni po \u015bm.) oraz Edmunda PINDERA (48 r. \u015bm.)<\/td>\n<\/tr>\n<tr>\n<td colspan=\"2\" width=\"699\"><strong>\u00a0<\/strong><\/td>\n<\/tr>\n<tr>\n<td colspan=\"2\" width=\"699\">\n<p style=\"text-align: center;\"><strong>CZWARTEK\u00a0 <\/strong><\/p>\n<p style=\"text-align: center;\"><strong>(22 pa\u017adziernika 2020 r.)<\/strong><\/p>\n<p style=\"text-align: center;\"><strong>\u015bw. Jana Paw\u0142a II, papie\u017ca &#8211; wspomnienie <\/strong><\/p>\n<\/td>\n<\/tr>\n<tr>\n<td width=\"53\"><strong>7.00<\/strong><\/td>\n<td width=\"646\">+ W\u0142adys\u0142aw\u0119 PARYS.<\/td>\n<\/tr>\n<tr>\n<td width=\"53\"><strong>8.00<\/strong><\/td>\n<td width=\"646\">+ Zdzis\u0142awa D\u0118BSKIEGO (greg. 22).<\/td>\n<\/tr>\n<tr>\n<td width=\"53\"><strong>18.00<\/strong><\/td>\n<td width=\"646\">+ Adama \u0141\u0104CKIEGO (greg. 22).<\/td>\n<\/tr>\n<tr>\n<td colspan=\"2\" width=\"699\"><strong>\u00a0<\/strong><\/td>\n<\/tr>\n<tr>\n<td colspan=\"2\" width=\"699\">\n<p style=\"text-align: center;\"><strong>PI\u0104TEK\u00a0 <\/strong><\/p>\n<p style=\"text-align: center;\"><strong>(23 pa\u017adziernika 2020 r.)<\/strong><\/p>\n<\/td>\n<\/tr>\n<tr>\n<td width=\"53\"><strong>7.00<\/strong><\/td>\n<td width=\"646\">+ Adama \u0141\u0104CKIEGO (greg. 23).<\/td>\n<\/tr>\n<tr>\n<td width=\"53\"><strong>8.00<\/strong><\/td>\n<td width=\"646\">+ Zdzis\u0142awa D\u0118BSKIEGO (greg. 23).<\/td>\n<\/tr>\n<tr>\n<td width=\"53\"><strong>18.00<\/strong><\/td>\n<td width=\"646\">BIERZMOWANIE<\/td>\n<\/tr>\n<tr>\n<td colspan=\"2\" width=\"699\"><strong>\u00a0<\/strong><\/td>\n<\/tr>\n<tr>\n<td colspan=\"2\" width=\"699\">\n<p style=\"text-align: center;\"><strong>SOBOTA\u00a0\u00a0 <\/strong><\/p>\n<p style=\"text-align: center;\"><strong>(24 pa\u017adziernika 2020 r.)<\/strong><\/p>\n<\/td>\n<\/tr>\n<tr>\n<td width=\"53\"><strong>7.00<\/strong><\/td>\n<td width=\"646\">1) + Adama \u0141\u0104CKIEGO (greg.24).<\/p>\n<p>2) + Zdzis\u0142awa D\u0118BSKIEGO (greg. 24).<\/td>\n<\/tr>\n<tr>\n<td width=\"53\"><strong>8.00<\/strong><\/td>\n<td width=\"646\">+ Paw\u0142a KOKOT w dniu urodzin.<\/td>\n<\/tr>\n<tr>\n<td width=\"53\"><strong>18.00<\/strong><\/td>\n<td width=\"646\">+ Helen\u0119, J\u00f3zefa, Waldemara, Barnab\u0119, Halin\u0119 ZBROSZCZYK,<br \/>\nJana i Stanis\u0142aw\u0119 GLI\u0143SKICH.<\/td>\n<\/tr>\n<\/tbody>\n<\/table>\n<\/div><\/section>\n","protected":false},"excerpt":{"rendered":"","protected":false},"author":1,"featured_media":1242,"comment_status":"closed","ping_status":"open","sticky":false,"template":"","format":"standard","meta":{"ngg_post_thumbnail":0,"footnotes":""},"categories":[3],"tags":[],"class_list":["post-3508","post","type-post","status-publish","format-standard","has-post-thumbnail","hentry","category-ogloszenia-duszpasterskie"],"_links":{"self":[{"href":"https:\/\/mbloretanska.pl\/index.php?rest_route=\/wp\/v2\/posts\/3508","targetHints":{"allow":["GET"]}}],"collection":[{"href":"https:\/\/mbloretanska.pl\/index.php?rest_route=\/wp\/v2\/posts"}],"about":[{"href":"https:\/\/mbloretanska.pl\/index.php?rest_route=\/wp\/v2\/types\/post"}],"author":[{"embeddable":true,"href":"https:\/\/mbloretanska.pl\/index.php?rest_route=\/wp\/v2\/users\/1"}],"replies":[{"embeddable":true,"href":"https:\/\/mbloretanska.pl\/index.php?rest_route=%2Fwp%2Fv2%2Fcomments&post=3508"}],"version-history":[{"count":1,"href":"https:\/\/mbloretanska.pl\/index.php?rest_route=\/wp\/v2\/posts\/3508\/revisions"}],"predecessor-version":[{"id":3509,"href":"https:\/\/mbloretanska.pl\/index.php?rest_route=\/wp\/v2\/posts\/3508\/revisions\/3509"}],"wp:featuredmedia":[{"embeddable":true,"href":"https:\/\/mbloretanska.pl\/index.php?rest_route=\/wp\/v2\/media\/1242"}],"wp:attachment":[{"href":"https:\/\/mbloretanska.pl\/index.php?rest_route=%2Fwp%2Fv2%2Fmedia&parent=3508"}],"wp:term":[{"taxonomy":"category","embeddable":true,"href":"https:\/\/mbloretanska.pl\/index.php?rest_route=%2Fwp%2Fv2%2Fcategories&post=3508"},{"taxonomy":"post_tag","embeddable":true,"href":"https:\/\/mbloretanska.pl\/index.php?rest_route=%2Fwp%2Fv2%2Ftags&post=3508"}],"curies":[{"name":"wp","href":"https:\/\/api.w.org\/{rel}","templated":true}]}}