{"id":3305,"date":"2020-05-03T08:19:56","date_gmt":"2020-05-03T06:19:56","guid":{"rendered":"http:\/\/mbloretanska.pl\/?p=3305"},"modified":"2020-05-03T08:19:58","modified_gmt":"2020-05-03T06:19:58","slug":"intencje-mszalne-03-09-05-2020","status":"publish","type":"post","link":"https:\/\/mbloretanska.pl\/?p=3305","title":{"rendered":"intencje mszalne 03-09.05.2020"},"content":{"rendered":"<section  class='av_textblock_section av-k9qnza09-2bc2c9c301b2134d117da759c11eb268 '   itemscope=\"itemscope\" itemtype=\"https:\/\/schema.org\/BlogPosting\" itemprop=\"blogPost\" ><div class='avia_textblock'  itemprop=\"text\" ><table>\n<tbody>\n<tr>\n<td class=\"s3\" colspan=\"2\">\n<div>\n<p class=\"s2\">\n<\/div>\n<\/td>\n<\/tr>\n<tr>\n<td colspan=\"2\">\n<div>\n<p class=\"s5\"><span class=\"s4\">IV<\/span><span class=\"s4\"> NIEDZIELA WIELKANOCNA<\/span><\/p>\n<p class=\"s5\"><span class=\"s4\">(3 maja<\/span> <span class=\"s4\">2020<\/span><span class=\"s4\"> r.<\/span><span class=\"s4\">)<\/span><\/p>\n<p class=\"s5\"><span class=\"s4\">\u015awi\u0119to konstytucji 3 maja<\/span><\/p>\n<\/div>\n<\/td>\n<\/tr>\n<tr>\n<td>\n<div>\n<p class=\"s2\"><span class=\"s4\">7<\/span><span class=\"s4\">.00<\/span><\/p>\n<\/div>\n<\/td>\n<td>\n<div>\n<p class=\"s2\"><span class=\"s6\">+<\/span><span class=\"s6\"> Jana, Ann\u0119, Mariann\u0119, Juliana BEKISZ, Alin\u0119, Edwarda, SZWARCZ <\/span><span class=\"s6\"><br \/>\n<\/span><span class=\"s6\">\u00a0 oraz Helen\u0119 DOMINIAK i zm. z tych rodzin.<\/span><\/p>\n<\/div>\n<\/td>\n<\/tr>\n<tr>\n<td>\n<div>\n<p class=\"s2\"><span class=\"s4\">8.30<\/span><\/p>\n<\/div>\n<\/td>\n<td>\n<div>\n<p class=\"s2\"><span class=\"s6\">+ rodzic\u00f3w, m\u0119\u017ca i brata: Ann\u0119, Stefana, Andrzeja, Janka DIETRICH\u00d3W <\/span><span class=\"s6\"><br \/>\n<\/span><span class=\"s6\">\u00a0 i zm. z rodziny KILEN\u00d3W.<\/span><\/p>\n<\/div>\n<\/td>\n<\/tr>\n<tr>\n<td>\n<div>\n<p class=\"s2\"><span class=\"s4\">10.00<\/span><\/p>\n<\/div>\n<\/td>\n<td>\n<div>\n<p class=\"s2\"><span class=\"s6\">1) <\/span><span class=\"s6\">+<\/span><span class=\"s6\"> Kazimierza KRYSI\u0143SKIEGO<\/span> <span class=\"s6\">(20 r. \u015bm.) Aniel\u0119, Jana KRYSI\u0143SKICH.<\/span><\/p>\n<p class=\"s2\"><span class=\"s6\">2) + Katarzyn\u0119-Monik\u0119 DOBROWOLSK\u0104 (greg. 3)<\/span><\/p>\n<\/div>\n<\/td>\n<\/tr>\n<tr>\n<td>\n<div>\n<p class=\"s2\"><span class=\"s4\">11.00<\/span><\/p>\n<\/div>\n<\/td>\n<td>\n<div>\n<div class=\"s8\"><span class=\"s7\">\u2022 <\/span><span class=\"s6\">1) O b\u0142o<\/span><span class=\"s6\">g<\/span><span class=\"s6\">os\u0142awie\u0144stwo Bo\u017ce i potrzebne \u0142aski w rozwoju cz\u0142owiecze\u0144stwa i pomna\u017caniu otrzymanych talent\u00f3w dla Kamila DYGA w 22 r. urodzin.<\/span><\/div>\n<div class=\"s8\"><span class=\"s7\">\u2022 <\/span><span class=\"s6\">2) Dz. B\u0142. o Bo\u017ce b\u0142ogos\u0142awie\u0144stwo, zdrowie i wszelkie potrzebne \u0142aski dla Marcina w 40 rocznic\u0119 urodzin i opiek\u0119 dla c.r. RYBAK\u00d3W.<\/span><\/div>\n<\/div>\n<\/td>\n<\/tr>\n<tr>\n<td>\n<div>\n<p class=\"s2\"><span class=\"s4\">12.30<\/span><\/p>\n<\/div>\n<\/td>\n<td>\n<div>\n<div class=\"s8\"><span class=\"s7\">\u2022 <\/span><span class=\"s6\">O \u0142ask\u0119 nawr\u00f3cenia i Bo\u017ce b\u0142ogos\u0142awie\u0144stwo dla Marii. <\/span><\/div>\n<p class=\"s2\"><span class=\"s6\">+ Agnieszk\u0119 KRAWCZYK (greg. 3)<\/span><\/p>\n<p class=\"s2\"><span class=\"s6\">+ Szymona STAROST\u0118 (3 r. \u015bm.)<\/span><\/p>\n<p class=\"s2\"><span class=\"s6\">+ Juli\u0119, Teres\u0119, Micha\u0142a, Franciszka i zmar\u0142ych z ich rodzin. <\/span><\/p>\n<p class=\"s2\"><span class=\"s6\">+ Stanis\u0142aw\u0119 OR\u0141OWSK\u0104 (8 m-cy po \u015bmierci).<\/span><a name=\"_GoBack\"><\/a><\/p>\n<\/div>\n<\/td>\n<\/tr>\n<tr>\n<td>\n<div>\n<p class=\"s2\"><span class=\"s4\">18.00<\/span><\/p>\n<\/div>\n<\/td>\n<td>\n<div>\n<p class=\"s9\"><span class=\"s6\">+ Stefani\u0119, Stanis\u0142awa, Grzegorza PIETRZAK<\/span><span class=\"s6\">.<\/span><\/p>\n<\/div>\n<\/td>\n<\/tr>\n<tr>\n<td class=\"s3\" colspan=\"2\">\n<div>\n<p class=\"s5\">\n<\/div>\n<\/td>\n<\/tr>\n<tr>\n<td colspan=\"2\">\n<div>\n<p class=\"s5\"><span class=\"s4\">PONIEDZIA\u0141EK<\/span><span class=\"s4\"> \u00a0 <\/span><\/p>\n<p class=\"s5\"><span class=\"s4\">(4 maj<\/span><span class=\"s4\">a<\/span> <span class=\"s4\">2020<\/span><span class=\"s4\"> r.<\/span><span class=\"s4\">)<\/span><\/p>\n<p class=\"s5\"><span class=\"s4\">\u015aw. Floriana, M\u0119czennika, patrona diecezji warszawsko-praskiej &#8211; wspomnienie<\/span><\/p>\n<\/div>\n<\/td>\n<\/tr>\n<tr>\n<td>\n<div>\n<p class=\"s2\"><span class=\"s4\">7.00<\/span><\/p>\n<\/div>\n<\/td>\n<td>\n<div>\n<p class=\"s2\"><span class=\"s6\">1) + <\/span><span class=\"s6\">Katarzyn\u0119-Monik\u0119 DOBROWOLSK\u0104 (greg. 4)<\/span><\/p>\n<p class=\"s2\"><span class=\"s6\">2) + <\/span><span class=\"s6\">Agnieszk\u0119 KRAWCZYK (greg. 4)<\/span><\/p>\n<\/div>\n<\/td>\n<\/tr>\n<tr>\n<td>\n<div>\n<p class=\"s2\"><span class=\"s4\">8.00<\/span><\/p>\n<\/div>\n<\/td>\n<td>\n<div>\n<p class=\"s2\"><span class=\"s6\">+<\/span> <span class=\"s6\">w int. <\/span><span class=\"s6\">Stanis\u0142awa GRABOWSKIEGO.<\/span><\/p>\n<\/div>\n<\/td>\n<\/tr>\n<tr>\n<td>\n<div>\n<p class=\"s2\"><span class=\"s4\">18<\/span><span class=\"s4\">.00<\/span><\/p>\n<\/div>\n<\/td>\n<td>\n<div>\n<p class=\"s2\"><span class=\"s6\">1) <\/span><span class=\"s6\">+ <\/span><span class=\"s6\">Aleksandr\u0119 SOBCZAK (imieninowa)<\/span><\/p>\n<p class=\"s2\"><span class=\"s6\">2) Dz. b\u0142. o zdrowie i wszelkie potrzebne \u0142aski i opiek\u0119 Matki Bo\u017cej Loreta\u0144skiej <\/span><span class=\"s6\"><br \/>\n<\/span><span class=\"s6\">\u00a0 \u00a0dla c.r. PISARSKICH<\/span><span class=\"s6\">, ROMANOWSKICH i ZALIWSKICH. <\/span><\/p>\n<p class=\"s2\">\n<p class=\"s2\">\n<\/div>\n<\/td>\n<\/tr>\n<tr>\n<td class=\"s3\" colspan=\"2\">\n<div>\n<p class=\"s2\">\n<\/div>\n<\/td>\n<\/tr>\n<tr>\n<td colspan=\"2\">\n<div>\n<p class=\"s5\"><span class=\"s4\">WTOREK<\/span><span class=\"s4\"> \u00a0 <\/span><\/p>\n<p class=\"s5\"><span class=\"s4\">(5 maja<\/span> <span class=\"s4\">2020<\/span><span class=\"s4\"> r.<\/span><span class=\"s4\">)<\/span><\/p>\n<\/div>\n<\/td>\n<\/tr>\n<tr>\n<td>\n<div>\n<p class=\"s5\"><span class=\"s4\">7.00<\/span><\/p>\n<\/div>\n<\/td>\n<td>\n<div>\n<p class=\"s2\"><span class=\"s6\">1) <\/span><span class=\"s6\">+ <\/span><span class=\"s6\">Stanis\u0142awa GAJEWSKIEGO.<\/span><\/p>\n<p class=\"s2\"><span class=\"s6\">2) <\/span><span class=\"s6\">+ <\/span><span class=\"s6\">Agnieszk\u0119 KRAWCZYK (greg. 5)<\/span><\/p>\n<\/div>\n<\/td>\n<\/tr>\n<tr>\n<td>\n<div>\n<p class=\"s5\"><span class=\"s4\">8.00<\/span><\/p>\n<\/div>\n<\/td>\n<td>\n<div>\n<p class=\"s2\"><span class=\"s6\">+<\/span><span class=\"s6\"> W intencji zmar\u0142ych z rodzin B\u0141A\u017bEWICZ\u00d3W i D\u0104BROWSKICH.<\/span><\/p>\n<\/div>\n<\/td>\n<\/tr>\n<tr>\n<td>\n<div>\n<p class=\"s5\"><span class=\"s4\">11.00<\/span><\/p>\n<\/div>\n<\/td>\n<td>\n<div>\n<p class=\"s2\"><span class=\"s6\">POGRZEB: + Zygmunt Wac\u0142aw<\/span><span class=\"s6\"> PIWEK<\/span><\/p>\n<\/div>\n<\/td>\n<\/tr>\n<tr>\n<td>\n<div>\n<p class=\"s5\"><span class=\"s4\">18.00<\/span><\/p>\n<\/div>\n<\/td>\n<td>\n<div>\n<p class=\"s2\"><span class=\"s6\">+ <\/span><span class=\"s6\">Katarzyn\u0119-Monik\u0119 DOBROWOLSK\u0104 (greg. 5)<\/span><\/p>\n<\/div>\n<\/td>\n<\/tr>\n<tr>\n<td class=\"s10\" colspan=\"2\">\n<div>\n<p class=\"s2\">\n<\/div>\n<\/td>\n<\/tr>\n<tr>\n<td colspan=\"2\">\n<div>\n<p class=\"s5\"><span class=\"s4\">\u015aRODA<\/span><span class=\"s4\"> \u00a0<\/span><\/p>\n<p class=\"s5\"><span class=\"s4\">(6 maj<\/span><span class=\"s4\">a<\/span><span class=\"s4\"> 2020 r.)<\/span><\/p>\n<p class=\"s5\"><span class=\"s4\">\u015awi\u0119tych Aposto\u0142\u00f3w Filipa i Jakuba &#8211; \u015awi\u0119to<\/span><\/p>\n<\/div>\n<\/td>\n<\/tr>\n<tr>\n<td class=\"s11\">\n<div>\n<p class=\"s5\"><span class=\"s4\">7.0<\/span><span class=\"s4\">0<\/span><\/p>\n<\/div>\n<\/td>\n<td class=\"s11\">\n<div>\n<p class=\"s2\"><span class=\"s6\">1) <\/span><span class=\"s6\">+ <\/span><span class=\"s6\">Katarzyn\u0119-Monik\u0119 DOBROWOLSK\u0104 (greg. 6)<\/span><\/p>\n<p class=\"s2\"><span class=\"s6\">2) <\/span><span class=\"s6\">+ Agnieszk\u0119 KRAWCZYK (greg. 6)<\/span><\/p>\n<\/div>\n<\/td>\n<\/tr>\n<tr>\n<td>\n<div>\n<p class=\"s5\"><span class=\"s4\">8<\/span><span class=\"s4\">.00<\/span><\/p>\n<\/div>\n<\/td>\n<td>\n<div>\n<p class=\"s9\"><span class=\"s6\">+ <\/span><span class=\"s6\">Stanis\u0142awa GWIAZD\u0118, Franciszk\u0119 i Stanis\u0142awa JAROCKICH. <\/span><\/p>\n<\/div>\n<\/td>\n<\/tr>\n<tr>\n<td>\n<div>\n<p class=\"s5\"><span class=\"s4\">17.45<\/span><\/p>\n<\/div>\n<\/td>\n<td>\n<div>\n<p class=\"s2\"><span class=\"s4\">NOWENNA<\/span><span class=\"s4\">: <\/span><\/p>\n<p class=\"s2\"><span class=\"s6\">+ <\/span><span class=\"s6\">Natali\u0119 RZESZOT<\/span> <span class=\"s6\">(30 dni po \u015bm.)<\/span><\/p>\n<p class=\"s2\">\n<\/div>\n<\/td>\n<\/tr>\n<tr>\n<td class=\"s3\" colspan=\"2\">\n<div>\n<p class=\"s5\">\n<\/div>\n<\/td>\n<\/tr>\n<tr>\n<td colspan=\"2\">\n<div>\n<p class=\"s5\"><span class=\"s4\">CZWARTE<\/span><span class=\"s4\">K<\/span><span class=\"s4\"> \u00a0<\/span><\/p>\n<p class=\"s5\"><span class=\"s4\">(7 maj<\/span><span class=\"s4\">a <\/span><span class=\"s4\">2020<\/span><span class=\"s4\"> r<\/span><span class=\"s4\">.)<\/span><\/p>\n<\/div>\n<\/td>\n<\/tr>\n<tr>\n<td>\n<div>\n<p class=\"s5\"><span class=\"s4\">7.00<\/span><\/p>\n<\/div>\n<\/td>\n<td>\n<div>\n<p class=\"s2\"><span class=\"s6\">+ Stanis\u0142awa i Jerzego CZERBNIAK<\/span><\/p>\n<\/div>\n<\/td>\n<\/tr>\n<tr>\n<td>\n<div>\n<p class=\"s5\"><span class=\"s4\">8.00<\/span><\/p>\n<\/div>\n<\/td>\n<td>\n<div>\n<p class=\"s2\"><span class=\"s6\">1) + Katarzyn\u0119-Monik\u0119 DOBROWOLSK\u0104 (greg. 7)<\/span><\/p>\n<p class=\"s2\"><span class=\"s6\">2) + Agnieszk\u0119 KRAWCZYK (greg. 7)<\/span><\/p>\n<\/div>\n<\/td>\n<\/tr>\n<tr>\n<td>\n<div>\n<p class=\"s5\"><span class=\"s4\">18.00<\/span><\/p>\n<\/div>\n<\/td>\n<td>\n<div>\n<p class=\"s2\"><span class=\"s6\">+ <\/span><span class=\"s6\">W intencji Stanis\u0142awa oraz Jerzego. <\/span><\/p>\n<\/div>\n<\/td>\n<\/tr>\n<tr>\n<td class=\"s3\" colspan=\"2\">\n<div>\n<p class=\"s5\">\n<\/div>\n<\/td>\n<\/tr>\n<tr>\n<td colspan=\"2\">\n<div>\n<p class=\"s5\"><span class=\"s4\">PI\u0104TEK<\/span><span class=\"s4\"> \u00a0 <\/span><\/p>\n<p class=\"s5\"><span class=\"s4\">(8<\/span><span class=\"s4\"> maja<\/span> <span class=\"s4\">2020<\/span><span class=\"s4\"> r.<\/span><span class=\"s4\">)<\/span><\/p>\n<p class=\"s5\"><span class=\"s4\">\u015aw. Stanis\u0142awa, biskupa i m\u0119czennika, g\u0142\u00f3wnego patrona Polski \u2013 uroczysto\u015b\u0107.<\/span><\/p>\n<\/div>\n<\/td>\n<\/tr>\n<tr>\n<td>\n<div>\n<p class=\"s5\"><span class=\"s4\">7.00<\/span><\/p>\n<\/div>\n<\/td>\n<td>\n<div>\n<p class=\"s2\"><span class=\"s6\">1) + Katarzyn\u0119-Monik\u0119 DOBROWOLSK\u0104 (greg. 8)<\/span><\/p>\n<p class=\"s2\"><span class=\"s6\">2) + Agnieszk\u0119 KRAWCZYK (greg. 8)<\/span><\/p>\n<\/div>\n<\/td>\n<\/tr>\n<tr>\n<td>\n<div>\n<p class=\"s5\"><span class=\"s4\">8.00<\/span><\/p>\n<\/div>\n<\/td>\n<td>\n<div>\n<p class=\"s2\"><span class=\"s6\">+ o \u0142ask\u0119 zbawienia dla Marii KOKOT (int. urodzinowo<\/span> <span class=\"s6\">&#8211;<\/span> <span class=\"s6\">imieninowa)<\/span><\/p>\n<\/div>\n<\/td>\n<\/tr>\n<tr>\n<td>\n<div>\n<p class=\"s5\"><span class=\"s4\">18.00<\/span><\/p>\n<\/div>\n<\/td>\n<td>\n<div>\n<p class=\"s2\"><span class=\"s6\">+ <\/span><span class=\"s6\">Stanis\u0142awa i Zuzann\u0119 SO\u0141TYSIAK.<\/span><\/p>\n<\/div>\n<\/td>\n<\/tr>\n<tr>\n<td class=\"s3\" colspan=\"2\">\n<div>\n<p class=\"s5\">\n<\/div>\n<\/td>\n<\/tr>\n<tr>\n<td colspan=\"2\">\n<div>\n<p class=\"s5\"><span class=\"s4\">SOBOTA<\/span><\/p>\n<p class=\"s5\"><span class=\"s4\">(<\/span><span class=\"s4\">9<\/span><span class=\"s4\"> maja<\/span> <span class=\"s4\">2020<\/span><span class=\"s4\"> r.<\/span><span class=\"s4\">)<\/span><\/p>\n<\/div>\n<\/td>\n<\/tr>\n<tr>\n<td>\n<div>\n<p class=\"s2\"><span class=\"s4\">7.00<\/span><\/p>\n<\/div>\n<\/td>\n<td>\n<div>\n<p class=\"s2\"><span class=\"s6\">1) + Katarzyn\u0119-Monik\u0119 DOBROWOLSK\u0104 (greg. 9)<\/span><\/p>\n<p class=\"s2\"><span class=\"s6\">2) + zm. z r. KURK\u00d3W i \u0141AP\u00d3W.<\/span><\/p>\n<\/div>\n<\/td>\n<\/tr>\n<tr>\n<td>\n<div>\n<p class=\"s2\"><span class=\"s4\">8.00<\/span><\/p>\n<\/div>\n<\/td>\n<td>\n<div>\n<p class=\"s2\"><span class=\"s6\">1) W int. czcicieli \u015bw. Micha\u0142a Archanio\u0142a. <\/span><\/p>\n<p class=\"s2\"><span class=\"s6\">2) + Agnieszk\u0119 KRAWCZYK (greg. 9)<\/span><\/p>\n<\/div>\n<\/td>\n<\/tr>\n<tr>\n<td>\n<div>\n<p class=\"s2\"><span class=\"s4\">18.00<\/span><\/p>\n<\/div>\n<\/td>\n<td>\n<div>\n<p class=\"s2\"><span class=\"s6\">+ <\/span><span class=\"s6\">Feliks\u0119 WOL<\/span><span class=\"s6\">ICK\u0104 (20 r. \u015bm.)<\/span><\/p>\n<\/div>\n<\/td>\n<\/tr>\n<\/tbody>\n<\/table>\n<\/div><\/section>\n","protected":false},"excerpt":{"rendered":"","protected":false},"author":1,"featured_media":1242,"comment_status":"closed","ping_status":"open","sticky":false,"template":"","format":"standard","meta":{"ngg_post_thumbnail":0,"footnotes":""},"categories":[6],"tags":[],"class_list":["post-3305","post","type-post","status-publish","format-standard","has-post-thumbnail","hentry","category-intencje-mszalne"],"_links":{"self":[{"href":"https:\/\/mbloretanska.pl\/index.php?rest_route=\/wp\/v2\/posts\/3305","targetHints":{"allow":["GET"]}}],"collection":[{"href":"https:\/\/mbloretanska.pl\/index.php?rest_route=\/wp\/v2\/posts"}],"about":[{"href":"https:\/\/mbloretanska.pl\/index.php?rest_route=\/wp\/v2\/types\/post"}],"author":[{"embeddable":true,"href":"https:\/\/mbloretanska.pl\/index.php?rest_route=\/wp\/v2\/users\/1"}],"replies":[{"embeddable":true,"href":"https:\/\/mbloretanska.pl\/index.php?rest_route=%2Fwp%2Fv2%2Fcomments&post=3305"}],"version-history":[{"count":1,"href":"https:\/\/mbloretanska.pl\/index.php?rest_route=\/wp\/v2\/posts\/3305\/revisions"}],"predecessor-version":[{"id":3306,"href":"https:\/\/mbloretanska.pl\/index.php?rest_route=\/wp\/v2\/posts\/3305\/revisions\/3306"}],"wp:featuredmedia":[{"embeddable":true,"href":"https:\/\/mbloretanska.pl\/index.php?rest_route=\/wp\/v2\/media\/1242"}],"wp:attachment":[{"href":"https:\/\/mbloretanska.pl\/index.php?rest_route=%2Fwp%2Fv2%2Fmedia&parent=3305"}],"wp:term":[{"taxonomy":"category","embeddable":true,"href":"https:\/\/mbloretanska.pl\/index.php?rest_route=%2Fwp%2Fv2%2Fcategories&post=3305"},{"taxonomy":"post_tag","embeddable":true,"href":"https:\/\/mbloretanska.pl\/index.php?rest_route=%2Fwp%2Fv2%2Ftags&post=3305"}],"curies":[{"name":"wp","href":"https:\/\/api.w.org\/{rel}","templated":true}]}}