{"id":3051,"date":"2020-03-14T14:45:28","date_gmt":"2020-03-14T13:45:28","guid":{"rendered":"http:\/\/mbloretanska.pl\/?p=3051"},"modified":"2020-03-14T14:45:30","modified_gmt":"2020-03-14T13:45:30","slug":"intencje-mszalne-15-21-03-2020","status":"publish","type":"post","link":"https:\/\/mbloretanska.pl\/?p=3051","title":{"rendered":"intencje mszalne 15-21.03.2020"},"content":{"rendered":"<section  class='av_textblock_section av-k7rnwcj4-d9e1860dc9c69d4496d1c3197b4ad60e '   itemscope=\"itemscope\" itemtype=\"https:\/\/schema.org\/BlogPosting\" itemprop=\"blogPost\" ><div class='avia_textblock'  itemprop=\"text\" ><table width=\"699\">\n<tbody>\n<tr>\n<td colspan=\"2\" width=\"699\">\n<p style=\"text-align: center;\"><strong>III NIEDZIELA WIELKIEGO POSTU \u00a0(15 marca 2020 r.)<\/strong><\/p>\n<\/td>\n<\/tr>\n<tr>\n<td width=\"53\"><strong>7.00<\/strong><\/td>\n<td width=\"646\">+ Rozalii (5 r. \u015bm.) i Franciszka TUSZY\u0143SKICH i zm. z rodz. WOJTKOWSKICH.<\/td>\n<\/tr>\n<tr>\n<td width=\"53\"><strong>8.30<\/strong><\/td>\n<td width=\"646\">+ Ryszarda Aleksandra DOBROWOLSKIEGO (greg. 15.)<\/td>\n<\/tr>\n<tr>\n<td width=\"53\"><strong>10.00<\/strong><\/td>\n<td width=\"646\">+ Aniel\u0119 O\u015aWIT (13 r. \u015bm.) oraz za jej c\u00f3rki Wies\u0142aw\u0119 i Ann\u0119.<\/td>\n<\/tr>\n<tr>\n<td width=\"53\"><strong>11.00<\/strong><\/td>\n<td width=\"646\">+ J\u00f3zefa (23 r. \u015bm.), Krystyn\u0119, Aniel\u0119, Wac\u0142awa PYRZEWICZ\u00d3W,<br \/>\nc.r. KU\u015aMIERCZYK\u00d3W i NAGRABA.<\/td>\n<\/tr>\n<tr>\n<td width=\"53\"><strong>12.30<\/strong><\/td>\n<td width=\"646\">\u00b7\u00a0\u00a0\u00a0\u00a0\u00a0 O szcz\u0119\u015bliwe rozwi\u0105zanie dla Katarzyny, oraz zdrowie dla dziecka i jego mamy.<\/p>\n<p>\u00b7\u00a0\u00a0\u00a0\u00a0\u00a0 O Bo\u017ce b\u0142ogos\u0142awie\u0144stwo dla Bo\u017ceny WOJTKOWSKIEJ (int. imieninowa).<\/p>\n<p>+ Mariana WO\u0179NIAKA (65 r. \u015bm.).<\/p>\n<p>+ Aleksandr\u0119 ZAGRODZK\u0104 z d. SMOLI\u0143SK\u0104.<\/p>\n<p>+ Mariann\u0119 SZUMLICK\u0104 (30 dni po \u015bm.)<\/p>\n<p>+ Wand\u0119 \u0141\u0118CK\u0104 (30 dni po \u015bm.)<\/p>\n<p>+ J\u00f3zef\u0119 KNAGA (30 dni po \u015bm.)<\/p>\n<p>+ Dariusza PACZY\u0143SKIEGO (16 r. \u015bm.)<\/p>\n<p>+ Aniel\u0119, Kazimierza, Jana KRYSI\u0143SKICH.<\/p>\n<p>+ Janin\u0119 i Bronis\u0142awa NIEST\u0118PSKICH i Ryszarda MOSKW\u0118.<\/td>\n<\/tr>\n<tr>\n<td width=\"53\"><strong>18.00<\/strong><\/td>\n<td width=\"646\">\u00b7\u00a0\u00a0\u00a0\u00a0\u00a0 O Bo\u017ce b\u0142og. i potrzebne \u0142aski dla Tomasza PUD\u0141O w 45 r. urodzin, jak r\u00f3wnie\u017c dla ca\u0142ej jego rodziny.<\/td>\n<\/tr>\n<tr>\n<td colspan=\"2\" width=\"699\"><strong>\u00a0<\/strong><\/td>\n<\/tr>\n<tr>\n<td colspan=\"2\" width=\"699\">\n<p style=\"text-align: center;\"><strong>PONIEDZIA\u0141EK (16 marca 2020 r.)<\/strong><\/p>\n<\/td>\n<\/tr>\n<tr>\n<td width=\"53\"><strong>7.00<\/strong><\/td>\n<td width=\"646\">+ Ryszarda Aleksandra DOBROWOLSKIEGO (greg. 16.)<\/td>\n<\/tr>\n<tr>\n<td width=\"53\"><strong>8.00<\/strong><\/td>\n<td width=\"646\">+ Zygmunta OPORKA (16 r. \u015bm.)<\/td>\n<\/tr>\n<tr>\n<td width=\"53\"><strong>18.00<\/strong><\/td>\n<td width=\"646\">+ Mari\u0119 (w 43 r. \u015bm.) i Antoniego.<\/td>\n<\/tr>\n<tr>\n<td colspan=\"2\" width=\"699\"><\/td>\n<\/tr>\n<tr>\n<td colspan=\"2\" width=\"699\">\n<p style=\"text-align: center;\"><strong>WTOREK (17 marca 2020 r.)<\/strong><\/p>\n<\/td>\n<\/tr>\n<tr>\n<td width=\"53\"><strong>7.00<\/strong><\/td>\n<td width=\"646\">+ J\u00f3zefa i Agnieszk\u0119 BARTNIK\u00d3W,<br \/>\nRyszarda, Stanis\u0142aw\u0119, Feliksa, El\u017cbiet\u0119, Krzysztofa W\u00d3JCICKICH,<br \/>\nHalin\u0119 KRAJCARZ, Teres\u0119 ROSADZI\u0143SK\u0104.<\/td>\n<\/tr>\n<tr>\n<td width=\"53\"><strong>8.00<\/strong><\/td>\n<td width=\"646\">+ Zbigniewa i Tadeusza SOSI\u0143SKICH.<\/td>\n<\/tr>\n<tr>\n<td width=\"53\"><strong>18.00<\/strong><\/td>\n<td width=\"646\">+ Ryszarda Aleksandra DOBROWOLSKIEGO (greg. 17).<\/td>\n<\/tr>\n<tr>\n<td colspan=\"2\" width=\"699\"><\/td>\n<\/tr>\n<tr>\n<td colspan=\"2\" width=\"699\">\n<p style=\"text-align: center;\"><strong>\u015aRODA (18 marca 2020 r.)<\/strong><\/p>\n<\/td>\n<\/tr>\n<tr>\n<td width=\"53\"><strong>7.00<\/strong><\/td>\n<td width=\"646\">+ Ryszarda Aleksandra DOBROWOLSKIEGO (greg. 18).<\/td>\n<\/tr>\n<tr>\n<td width=\"53\"><strong>8.00<\/strong><\/td>\n<td width=\"646\">+ Stefani\u0119, Piotra i Jana ZGADZAJSKICH oraz Zygmunta ROGALSKIEGO.<\/td>\n<\/tr>\n<tr>\n<td width=\"53\"><strong>17.45<\/strong><\/td>\n<td width=\"646\">\u00b7\u00a0\u00a0\u00a0\u00a0\u00a0 O Bo\u017ce b\u0142og., \u0142ask\u0119 zdrowia, Dary Ducha \u015awi\u0119tego dla Edwarda STA\u0143CZAKA.<\/p>\n<p>+ Wand\u0119-Zofi\u0119 PIUS (30 dni po \u015bm.)<\/p>\n<p>+ J\u00f3zefa OPRZALAK (100 r. ur.), Magdalen\u0119 OPRZALAK i Weronik\u0119 SANAKIEWICZ.<\/td>\n<\/tr>\n<tr>\n<td colspan=\"2\" width=\"699\"><strong>\u00a0<\/strong><\/td>\n<\/tr>\n<tr>\n<td colspan=\"2\" width=\"699\">\n<p style=\"text-align: center;\"><strong>CZWARTEK (19 marca 2020 r.)<\/strong><\/p>\n<p style=\"text-align: center;\"><strong>\u015aw. J\u00f3zefa, Oblubie\u0144ca NMP \u2013 uroczysto\u015b\u0107.<\/strong><\/p>\n<\/td>\n<\/tr>\n<tr>\n<td width=\"53\"><strong>7.00<\/strong><\/td>\n<td width=\"646\">+ Ryszarda Aleksandra DOBROWOLSKIEGO (greg. 19).<\/td>\n<\/tr>\n<tr>\n<td width=\"53\"><strong>8.00<\/strong><\/td>\n<td width=\"646\">+ Helen\u0119 i J\u00f3zefa MOZAL i ich dzieci.<\/td>\n<\/tr>\n<tr>\n<td width=\"53\"><strong>18.00<\/strong><\/td>\n<td width=\"646\">1) + J\u00f3zefa PASKA-PASZKOWSKIEGO (imieninowa)<\/p>\n<p>2) + Wojciecha JAGIE\u0141\u0141O (1 r. \u015bm.)<\/td>\n<\/tr>\n<tr>\n<td colspan=\"2\" width=\"699\"><strong>\u00a0<\/strong><\/td>\n<\/tr>\n<tr>\n<td colspan=\"2\" width=\"699\">\n<p style=\"text-align: center;\"><strong>PI\u0104TEK (20 marca 2020 r.)<\/strong><\/p>\n<\/td>\n<\/tr>\n<tr>\n<td width=\"53\"><strong>7.00<\/strong><\/td>\n<td width=\"646\">+ Ryszarda Aleksandra DOBROWOLSKIEGO (greg. 20.)<\/td>\n<\/tr>\n<tr>\n<td width=\"53\"><strong>8.00<\/strong><\/td>\n<td width=\"646\">+ J\u00f3zefa, Juliann\u0119 i Tadeusza CIE\u015aLAK<\/td>\n<\/tr>\n<tr>\n<td width=\"53\"><strong>18.00<\/strong><\/td>\n<td width=\"646\">+ Helen\u0119, Henryk\u0119, Alfonsa, D\u0141UGO\u0141\u0118CKICH,<br \/>\noraz zm. z rodz. BAKU\u0141\u00d3W, Genowef\u0119 i Czes\u0142awa.<\/td>\n<\/tr>\n<tr>\n<td colspan=\"2\" width=\"699\"><strong>\u00a0<\/strong><\/td>\n<\/tr>\n<tr>\n<td colspan=\"2\" width=\"699\">\n<p style=\"text-align: center;\"><strong>SOBOTA (21 marca 2020 r.)<\/strong><\/p>\n<\/td>\n<\/tr>\n<tr>\n<td width=\"53\"><strong>7.00<\/strong><\/td>\n<td width=\"646\">+ Ryszarda Aleksandra DOBROWOLSKIEGO (greg. 14.)<\/td>\n<\/tr>\n<tr>\n<td width=\"53\"><strong>8.00<\/strong><\/td>\n<td width=\"646\">+ Jana i W\u0142adys\u0142aw\u0119 K\u0141OSZEWSKICH<\/td>\n<\/tr>\n<tr>\n<td width=\"53\"><strong>18.00<\/strong><\/td>\n<td width=\"646\">+ Zbigniewa ROJEWSKIEGO (z racji imienin)<\/td>\n<\/tr>\n<\/tbody>\n<\/table>\n<\/div><\/section>\n","protected":false},"excerpt":{"rendered":"","protected":false},"author":1,"featured_media":1242,"comment_status":"closed","ping_status":"open","sticky":false,"template":"","format":"standard","meta":{"ngg_post_thumbnail":0,"footnotes":""},"categories":[6],"tags":[],"class_list":["post-3051","post","type-post","status-publish","format-standard","has-post-thumbnail","hentry","category-intencje-mszalne"],"_links":{"self":[{"href":"https:\/\/mbloretanska.pl\/index.php?rest_route=\/wp\/v2\/posts\/3051","targetHints":{"allow":["GET"]}}],"collection":[{"href":"https:\/\/mbloretanska.pl\/index.php?rest_route=\/wp\/v2\/posts"}],"about":[{"href":"https:\/\/mbloretanska.pl\/index.php?rest_route=\/wp\/v2\/types\/post"}],"author":[{"embeddable":true,"href":"https:\/\/mbloretanska.pl\/index.php?rest_route=\/wp\/v2\/users\/1"}],"replies":[{"embeddable":true,"href":"https:\/\/mbloretanska.pl\/index.php?rest_route=%2Fwp%2Fv2%2Fcomments&post=3051"}],"version-history":[{"count":1,"href":"https:\/\/mbloretanska.pl\/index.php?rest_route=\/wp\/v2\/posts\/3051\/revisions"}],"predecessor-version":[{"id":3052,"href":"https:\/\/mbloretanska.pl\/index.php?rest_route=\/wp\/v2\/posts\/3051\/revisions\/3052"}],"wp:featuredmedia":[{"embeddable":true,"href":"https:\/\/mbloretanska.pl\/index.php?rest_route=\/wp\/v2\/media\/1242"}],"wp:attachment":[{"href":"https:\/\/mbloretanska.pl\/index.php?rest_route=%2Fwp%2Fv2%2Fmedia&parent=3051"}],"wp:term":[{"taxonomy":"category","embeddable":true,"href":"https:\/\/mbloretanska.pl\/index.php?rest_route=%2Fwp%2Fv2%2Fcategories&post=3051"},{"taxonomy":"post_tag","embeddable":true,"href":"https:\/\/mbloretanska.pl\/index.php?rest_route=%2Fwp%2Fv2%2Ftags&post=3051"}],"curies":[{"name":"wp","href":"https:\/\/api.w.org\/{rel}","templated":true}]}}