{"id":3038,"date":"2020-03-13T23:47:55","date_gmt":"2020-03-13T22:47:55","guid":{"rendered":"http:\/\/mbloretanska.pl\/?p=3038"},"modified":"2020-03-14T00:05:06","modified_gmt":"2020-03-13T23:05:06","slug":"dekret-biskupa-warszawsko-praskiego-po-wprowadzeniu-stanu-zagrozenia-epidemicznego13-marca-2020-roku","status":"publish","type":"post","link":"https:\/\/mbloretanska.pl\/?p=3038","title":{"rendered":"Dekret Biskupa Warszawsko-Praskiego po wprowadzeniu stanu zagro\u017cenia epidemicznego<br>"},"content":{"rendered":"\n<p>DEKRET<\/p>\n\n\n\n<p>Z powodu wprowadzenia w&nbsp;Polsce stanu zagro\u017cenia epidemicznego i&nbsp;ze wzgl\u0119du na obowi\u0105zuj\u0105ce wraz z&nbsp;nim przepisy prawa pa\u0144stwowego jeste\u015bmy w&nbsp;tym wyj\u0105tkowym czasie zobligowani do dostosowania naszego \u017cycia religijnego do zalece\u0144 w\u0142adz \u015bwieckich. Wprowadzone regulacje prawne maj\u0105 na celu powstrzymanie rozprzestrzeniania si\u0119 wirusa poprzez ograniczenie kontakt\u00f3w mi\u0119dzy obywatelami.<\/p>\n\n\n\n<p>Nawi\u0105zuj\u0105c do wcze\u015bniejszych komunikat\u00f3w oraz udzielonej ju\u017c dyspensy od obowi\u0105zku uczestnictwa w&nbsp;niedzielnej Mszy \u015bw. i&nbsp;zach\u0119caj\u0105c do osobistych i&nbsp;rodzinnych form \u017cycia duchowego, niniejszym dekretem wprowadzam w&nbsp;\u017cycie nast\u0119puj\u0105ce postanowienia:<\/p>\n\n\n\n<p>1. Zawieszam wsp\u00f3lnie celebrowane nabo\u017ce\u0144stwa (Gorzkie \u017bale, Drogi Krzy\u017cowe, Godzinki, R\u00f3\u017caniec, Koronka do Mi\u0142osierdzia Bo\u017cego i&nbsp;inne), a&nbsp;uwzgl\u0119dniaj\u0105c ich bogactwo duchowe, zach\u0119cam do indywidualnego i&nbsp;rodzinnego ich odprawiania.<\/p>\n\n\n\n<p>2. Zawieszam spotkania formacyjne, kursy (np. przedma\u0142\u017ce\u0144skie), wszelkie formy rekolekcji, pielgrzymki, sakrament bierzmowania udzielany w&nbsp;Bazylice Katedralnej oraz wszelkie inne zgromadzenia o&nbsp;charakterze formacyjnym lub pozaliturgicznym.<\/p>\n\n\n\n<p>3. Ograniczam mo\u017cliwo\u015b\u0107 uczestnictwa wiernych we Mszach \u015bw. (niedzielnych, obrz\u0119dowych, w&nbsp;dni powszednie) do os\u00f3b zamawiaj\u0105cych intencj\u0119 mszaln\u0105 lub, w&nbsp;wypadku pogrzebu, do najbli\u017cszej rodziny. We wszystkich Mszach, wraz z&nbsp;duchowie\u0144stwem parafialnym, pos\u0142uguj\u0105cymi w&nbsp;liturgii i&nbsp;uczestnikami mo\u017ce bra\u0107 udzia\u0142 maksymalnie 50 os\u00f3b.<\/p>\n\n\n\n<p>4. Je\u015bli w&nbsp;parafii jest prowadzona w&nbsp;ci\u0105gu dnia adoracja Naj\u015bwi\u0119tszego Sakramentu, obowi\u0105zkiem proboszcza jest zorganizowanie jej w&nbsp;taki spos\u00f3b, aby jednocze\u015bnie w&nbsp;ko\u015bciele nie przebywa\u0142o wi\u0119cej ni\u017c dopuszczalna przez prawo pa\u0144stwowe liczba os\u00f3b (maksymalnie 50).<\/p>\n\n\n\n<p>5. Udzia\u0142 wiernych w&nbsp;Mszach \u015bw. w&nbsp;kaplicach prywatnych, p\u00f3\u0142publicznych i&nbsp;publicznych mieszcz\u0105cych si\u0119 w&nbsp;domach zakonnych, wsp\u00f3lnot ko\u015bcielnych etc. oraz w&nbsp;zak\u0142adach opieki, opieku\u0144czo-leczniczych, szpitalach etc. zostaje ograniczony wy\u0142\u0105cznie do mieszka\u0144c\u00f3w lub pracownik\u00f3w. Zabraniam udzia\u0142u w&nbsp;tych celebracjach cz\u0142onkom s\u0142u\u017cby liturgicznej oraz jakichkolwiek innych os\u00f3b nie b\u0119d\u0105cych mieszka\u0144cami, pracownikami lub podopiecznymi plac\u00f3wek. W&nbsp;wypadku gdyby liczba os\u00f3b uprawnionych do udzia\u0142u we Mszy \u015bw. lub nabo\u017ce\u0144stwie wynikaj\u0105cym z&nbsp;konstytucji zakonnych by\u0142a wi\u0119ksza ni\u017c dopuszczona prawem liczba 50 os\u00f3b, zarz\u0105dzam, aby zorganizowa\u0107 tak\u0105 liczb\u0119 celebracji, by zachowane zosta\u0142y przepisy prawa pa\u0144stwowego.<\/p>\n\n\n\n<p>6. Zach\u0119cam, aby w&nbsp;trakcie adoracji Naj\u015bwi\u0119tszego Sakramentu kap\u0142ani sprawowali sakrament pokuty i&nbsp;zobowi\u0105zuj\u0119 proboszcz\u00f3w do przestrzegania norm dotycz\u0105cych liczby zgromadzonych w&nbsp;ko\u015bciele os\u00f3b. Je\u017celi przemawiaj\u0105 za tym okoliczno\u015bci funkcjonowania parafii, polecam zorganizowanie odpowiednich s\u0142u\u017cb parafialnych odpowiadaj\u0105cych za zachowanie norm prawnych dotycz\u0105cych liczby wiernych zgromadzonych w&nbsp;ko\u015bciele. Takim s\u0142u\u017cbom nale\u017cy zapewni\u0107 odpowiednie \u015brodki ochronne.<\/p>\n\n\n\n<p>7. Zalecam, aby osoby konsekrowane i&nbsp;duchowni (w ko\u015bcio\u0142ach, bez udzia\u0142u wiernych \u015bwieckich) oraz \u015bwieccy (we w\u0142asnych domach), zgodnie z&nbsp;komunikatem Przewodnicz\u0105cego Konferencji Episkopatu Polski z&nbsp;dnia 13.03.2020 r., ka\u017cdego dnia, o&nbsp;godzinie 20.30, odmawiali R\u00f3\u017caniec w&nbsp;intencji os\u00f3b chorych oraz tych, kt\u00f3rzy si\u0119 nimi opiekuj\u0105, jak r\u00f3wnie\u017c s\u0142u\u017cb medycznych i&nbsp;sanitarnych, a&nbsp;tak\u017ce o&nbsp;pok\u00f3j serc i&nbsp;\u0142ask\u0119 nawr\u00f3cenia.<\/p>\n\n\n\n<p>8. Przypominam, \u017ce Msze \u015bw. transmitowane przez \u015brodki masowego przekazu oraz inne modlitwy daj\u0105 mo\u017cliwo\u015b\u0107 duchowego prze\u017cywania tajemnic wiary, kt\u00f3re w&nbsp;tych nadzwyczajnych okoliczno\u015bciach mog\u0105 by\u0107 nieocenione dla dobra duszy i&nbsp;spo\u0142ecze\u0144stwa. Jednocze\u015bnie formy te wymagaj\u0105 zachowania odpowiedniego sposobu uczestnictwa. Wyra\u017cam wdzi\u0119czno\u015b\u0107 mediom og\u00f3lnopolskim, diecezjalnym oraz parafialnym za to, \u017ce stwarzaj\u0105 szerok\u0105 ofert\u0119 duchowego prze\u017cycia poprzez transmisje telewizyjne, radiowe oraz internetowe.<\/p>\n\n\n\n<p>9. Zarz\u0105dzenie powy\u017csze obowi\u0105zuje od chwili og\u0142oszenia do odwo\u0142ania. Zobowi\u0105zuj\u0119 do \u015bledzenia stron internetowych oraz profili w&nbsp;mediach spo\u0142eczno\u015bciowych Diecezji Warszawsko-Praskiej, gdzie na bie\u017c\u0105co b\u0119d\u0105 publikowane wszelkie aktualizacje.<\/p>\n\n\n\n<p>10. Przypominam wszystkim, kt\u00f3rych obowi\u0105zuje wprowadzenie w&nbsp;\u017cycie powy\u017cszego dekretu, \u017ce, uwzgl\u0119dniaj\u0105c powag\u0119 sytuacji oraz nasz\u0105 odpowiedzialno\u015b\u0107 za wiernych, zgodnie z&nbsp;kan. 273 i&nbsp;274 par. 2, osoby te powinny zrealizowa\u0107 wprowadzone zarz\u0105dzenia bezwarunkowo, ze \u015bwiadomo\u015bci\u0105 konsekwencji wynikaj\u0105cych z&nbsp;prawa \u015bwieckiego i&nbsp;ko\u015bcielnego.<\/p>\n\n\n\n<p>Czcigodni duszpasterze i&nbsp;wsp\u00f3lnoto diecezjalna! Z&nbsp;ca\u0142ego serca prosz\u0119 o&nbsp;zrozumienie tych rozporz\u0105dze\u0144 wynikaj\u0105cych z&nbsp;naprawd\u0119 wyj\u0105tkowej sytuacji w&nbsp;naszym kraju i&nbsp;na ca\u0142ym \u015bwiecie. Nasze pokolenia, nigdy nie spotka\u0142y si\u0119 z&nbsp;takim do\u015bwiadczeniem. St\u0105d te\u017c trudno nam jest nieraz zrozumie\u0107 r\u00f3\u017cne uwarunkowania, jakim podlegamy. Pragnijmy, aby mimo wielu zewn\u0119trznych ogranicze\u0144 umacnia\u0142a si\u0119 w&nbsp;nas potrzeba ca\u0142kowitego zaufania Opatrzno\u015bci Bo\u017cej.<\/p>\n\n\n\n<p>M\u00f3dlmy si\u0119, aby B\u00f3g raczy\u0142 oddali\u0107 od nas wszelkie choroby i&nbsp;nieszcz\u0119\u015bcia.<\/p>\n\n\n\n<p>Matko Bo\u017ca Zwyci\u0119ska, M\u00f3dl si\u0119 za nami!<\/p>\n\n\n\n<p>+ Romuald Kami\u0144ski<br \/>Biskup Warszawsko-Praski<\/p>\n\n\n\n<p>Warszawa, dnia 13 marca 2020 r.<\/p>\n","protected":false},"excerpt":{"rendered":"<p>DEKRET Z powodu wprowadzenia w&nbsp;Polsce stanu zagro\u017cenia epidemicznego i&nbsp;ze wzgl\u0119du na obowi\u0105zuj\u0105ce wraz z&nbsp;nim przepisy prawa pa\u0144stwowego jeste\u015bmy w&nbsp;tym wyj\u0105tkowym czasie zobligowani do dostosowania naszego \u017cycia religijnego do zalece\u0144 w\u0142adz \u015bwieckich. Wprowadzone regulacje prawne maj\u0105 na celu powstrzymanie rozprzestrzeniania si\u0119 wirusa poprzez ograniczenie kontakt\u00f3w mi\u0119dzy obywatelami. Nawi\u0105zuj\u0105c do wcze\u015bniejszych komunikat\u00f3w oraz udzielonej ju\u017c dyspensy od [&hellip;]<\/p>\n","protected":false},"author":1,"featured_media":1950,"comment_status":"closed","ping_status":"open","sticky":false,"template":"","format":"standard","meta":{"ngg_post_thumbnail":0,"footnotes":""},"categories":[3],"tags":[],"class_list":["post-3038","post","type-post","status-publish","format-standard","has-post-thumbnail","hentry","category-ogloszenia-duszpasterskie"],"_links":{"self":[{"href":"https:\/\/mbloretanska.pl\/index.php?rest_route=\/wp\/v2\/posts\/3038","targetHints":{"allow":["GET"]}}],"collection":[{"href":"https:\/\/mbloretanska.pl\/index.php?rest_route=\/wp\/v2\/posts"}],"about":[{"href":"https:\/\/mbloretanska.pl\/index.php?rest_route=\/wp\/v2\/types\/post"}],"author":[{"embeddable":true,"href":"https:\/\/mbloretanska.pl\/index.php?rest_route=\/wp\/v2\/users\/1"}],"replies":[{"embeddable":true,"href":"https:\/\/mbloretanska.pl\/index.php?rest_route=%2Fwp%2Fv2%2Fcomments&post=3038"}],"version-history":[{"count":6,"href":"https:\/\/mbloretanska.pl\/index.php?rest_route=\/wp\/v2\/posts\/3038\/revisions"}],"predecessor-version":[{"id":3046,"href":"https:\/\/mbloretanska.pl\/index.php?rest_route=\/wp\/v2\/posts\/3038\/revisions\/3046"}],"wp:featuredmedia":[{"embeddable":true,"href":"https:\/\/mbloretanska.pl\/index.php?rest_route=\/wp\/v2\/media\/1950"}],"wp:attachment":[{"href":"https:\/\/mbloretanska.pl\/index.php?rest_route=%2Fwp%2Fv2%2Fmedia&parent=3038"}],"wp:term":[{"taxonomy":"category","embeddable":true,"href":"https:\/\/mbloretanska.pl\/index.php?rest_route=%2Fwp%2Fv2%2Fcategories&post=3038"},{"taxonomy":"post_tag","embeddable":true,"href":"https:\/\/mbloretanska.pl\/index.php?rest_route=%2Fwp%2Fv2%2Ftags&post=3038"}],"curies":[{"name":"wp","href":"https:\/\/api.w.org\/{rel}","templated":true}]}}