{"id":3035,"date":"2020-03-12T23:08:27","date_gmt":"2020-03-12T22:08:27","guid":{"rendered":"http:\/\/mbloretanska.pl\/?p=3035"},"modified":"2020-03-13T23:58:33","modified_gmt":"2020-03-13T22:58:33","slug":"d-y-s-p-e-n-s-a","status":"publish","type":"post","link":"https:\/\/mbloretanska.pl\/?p=3035","title":{"rendered":"D Y S P E N S A Biskup Warszawsko-Praski"},"content":{"rendered":"<section  class='av_textblock_section av-k7pazmlu-9b953798c394aeda9d771ad09c563897 '   itemscope=\"itemscope\" itemtype=\"https:\/\/schema.org\/BlogPosting\" itemprop=\"blogPost\" ><div class='avia_textblock'  itemprop=\"text\" ><p align=\"right\">Warszawa, 12 marca 2020<\/p>\n<p align=\"center\"><b>D Y S P E N S A<\/b><\/p>\n<p>W zwi\u0105zku z\u00a0niebezpiecze\u0144stwem, jakie stwarza panuj\u0105ca epidemia koronawirusa, maj\u0105c na uwadze piln\u0105 potrzeb\u0119 ochrony zdrowia i\u00a0\u017cycia ludzkiego, stosownie do kanon\u00f3w 87\u00a71, 1245 i\u00a01248\u00a72 Kodeksu Prawa Kanonicznego, udzielam dyspensy od obowi\u0105zku niedzielnego uczestnictwa we Mszy \u015awi\u0119tej do ko\u0144ca marca bie\u017c\u0105cego roku: osobom w\u00a0podesz\u0142ym wieku, osobom chorym lub maj\u0105cym objawy infekcji, dzieciom i\u00a0m\u0142odzie\u017cy szkolnej oraz doros\u0142ym sprawuj\u0105cym nad nimi bezpo\u015bredni\u0105 opiek\u0119, a\u00a0tak\u017ce wszystkim wiernym, kt\u00f3rzy czuj\u0105 obaw\u0119 przed zara\u017ceniem koronawirusem.<\/p>\n<p>Osoby korzystaj\u0105ce z\u00a0dyspensy zobowi\u0105zane s\u0105 w\u00a0sumieniu do uczestnictwa w\u00a0niedzielnej Mszy \u015awi\u0119tej w\u00a0domu za po\u015brednictwem transmisji w\u00a0\u015brodkach spo\u0142ecznego przekazu. Zach\u0119cam te\u017c do pog\u0142\u0119bionej modlitwy osobistej.<\/p>\n<p>Ogarniam modlitw\u0105 wszystkich Diecezjan oraz osoby przebywaj\u0105ce na terenie naszej Diecezji i\u00a0b\u0142ogos\u0142awi\u0119.<\/p>\n<p align=\"center\"><i>+ Romuald Kami\u0144ski<br \/>\nBiskup Warszawsko-Praski<\/i><\/p>\n<\/div><\/section>\n","protected":false},"excerpt":{"rendered":"","protected":false},"author":1,"featured_media":1950,"comment_status":"closed","ping_status":"open","sticky":false,"template":"","format":"standard","meta":{"ngg_post_thumbnail":0,"footnotes":""},"categories":[1,3],"tags":[],"class_list":["post-3035","post","type-post","status-publish","format-standard","has-post-thumbnail","hentry","category-aktualnosci","category-ogloszenia-duszpasterskie"],"_links":{"self":[{"href":"https:\/\/mbloretanska.pl\/index.php?rest_route=\/wp\/v2\/posts\/3035","targetHints":{"allow":["GET"]}}],"collection":[{"href":"https:\/\/mbloretanska.pl\/index.php?rest_route=\/wp\/v2\/posts"}],"about":[{"href":"https:\/\/mbloretanska.pl\/index.php?rest_route=\/wp\/v2\/types\/post"}],"author":[{"embeddable":true,"href":"https:\/\/mbloretanska.pl\/index.php?rest_route=\/wp\/v2\/users\/1"}],"replies":[{"embeddable":true,"href":"https:\/\/mbloretanska.pl\/index.php?rest_route=%2Fwp%2Fv2%2Fcomments&post=3035"}],"version-history":[{"count":2,"href":"https:\/\/mbloretanska.pl\/index.php?rest_route=\/wp\/v2\/posts\/3035\/revisions"}],"predecessor-version":[{"id":3037,"href":"https:\/\/mbloretanska.pl\/index.php?rest_route=\/wp\/v2\/posts\/3035\/revisions\/3037"}],"wp:featuredmedia":[{"embeddable":true,"href":"https:\/\/mbloretanska.pl\/index.php?rest_route=\/wp\/v2\/media\/1950"}],"wp:attachment":[{"href":"https:\/\/mbloretanska.pl\/index.php?rest_route=%2Fwp%2Fv2%2Fmedia&parent=3035"}],"wp:term":[{"taxonomy":"category","embeddable":true,"href":"https:\/\/mbloretanska.pl\/index.php?rest_route=%2Fwp%2Fv2%2Fcategories&post=3035"},{"taxonomy":"post_tag","embeddable":true,"href":"https:\/\/mbloretanska.pl\/index.php?rest_route=%2Fwp%2Fv2%2Ftags&post=3035"}],"curies":[{"name":"wp","href":"https:\/\/api.w.org\/{rel}","templated":true}]}}