{"id":2796,"date":"2019-09-14T22:09:11","date_gmt":"2019-09-14T20:09:11","guid":{"rendered":"http:\/\/mbloretanska.pl\/?p=2796"},"modified":"2019-09-14T22:09:13","modified_gmt":"2019-09-14T20:09:13","slug":"intencje-mszalne-15-21-09-2019","status":"publish","type":"post","link":"https:\/\/mbloretanska.pl\/?p=2796","title":{"rendered":"intencje mszalne 15-21.09.2019"},"content":{"rendered":"<section  class='av_textblock_section av-k0jzfcuq-8c05967360c5e8259ae24009f39c7603 '   itemscope=\"itemscope\" itemtype=\"https:\/\/schema.org\/BlogPosting\" itemprop=\"blogPost\" ><div class='avia_textblock'  itemprop=\"text\" ><table>\n<tbody>\n<tr>\n<td colspan=\"2\">\n<div>\n<p class=\"s5\"><span class=\"s4\">XXIV<\/span><span class=\"s4\"> NIEDZIELA ZWYK\u0141A<\/span><span class=\"s4\"> (15<\/span><span class=\"s4\">.09.2019)<\/span><\/p>\n<\/div>\n<\/td>\n<\/tr>\n<tr>\n<td>\n<div>\n<p class=\"s2\"><span class=\"s4\">7.00<\/span><\/p>\n<\/div>\n<\/td>\n<td>\n<div>\n<p class=\"s2\"><span class=\"s6\">+ <\/span><span class=\"s6\">Stanis\u0142aw\u0119 i <\/span><span class=\"s6\">Stanis\u0142awa TOCHOLSKICH, Janin\u0119 i Adama SZCZEPANIAK\u00d3W<\/span><span class=\"s6\">.<\/span><\/p>\n<\/div>\n<\/td>\n<\/tr>\n<tr>\n<td>\n<div>\n<p class=\"s2\"><span class=\"s4\">8.30<\/span><\/p>\n<\/div>\n<\/td>\n<td>\n<div>\n<p class=\"s2\"><span class=\"s6\">1) + <\/span><span class=\"s6\">Zdzis\u0142awa (M) ULRYCH &#8211; greg. 15.<\/span><\/p>\n<p class=\"s2\"><span class=\"s6\">2) + o \u017cycie wieczne i odpuszczenie grzech\u00f3w dla Wac\u0142awa OLESZCZUKA.<\/span><\/p>\n<\/div>\n<\/td>\n<\/tr>\n<tr>\n<td>\n<div>\n<p class=\"s2\"><span class=\"s4\">10.00<\/span><\/p>\n<\/div>\n<\/td>\n<td>\n<div>\n<p class=\"s2\"><span class=\"s6\">+ <\/span><span class=\"s6\">Jana KOWALKOWSKIEGO, Mariann\u0119 i Franciszka MIELNICKICH.<\/span><\/p>\n<\/div>\n<\/td>\n<\/tr>\n<tr>\n<td>\n<div>\n<p class=\"s2\"><span class=\"s4\">11.00<\/span><\/p>\n<\/div>\n<\/td>\n<td>\n<div>\n<p class=\"s2\"><span class=\"s6\">+ <\/span><span class=\"s6\">Jadwig\u0119 i Stefana SYKUT\u00d3W, Paw\u0142a WOJTYSIAKA<\/span><span class=\"s6\">.<\/span><\/p>\n<\/div>\n<\/td>\n<\/tr>\n<tr>\n<td>\n<div>\n<p class=\"s2\"><span class=\"s4\">12.30<\/span><\/p>\n<\/div>\n<\/td>\n<td>\n<div>\n<div class=\"s8\"><span class=\"s7\">\u2022 <\/span><span class=\"s6\">w int. parafian<\/span><span class=\"s6\">;<\/span><\/div>\n<div class=\"s8\"><span class=\"s7\">\u2022 <\/span><span class=\"s6\">Dz. b\u0142agalna w 40 r. \u015blubu Anny i Henryka ORKISIEWICZ\u00d3W<\/span><span class=\"s6\"> z pro\u015bb\u0105 o Bo\u017ce b\u0142og. dla <\/span><span class=\"s6\">ca\u0142ej rodziny;<\/span><\/div>\n<div class=\"s8\"><span class=\"s7\">\u2022 <\/span><span class=\"s6\">Dzi\u0119kczyn<\/span><span class=\"s6\">na za dar \u017cycia i o szcz\u0119\u015bliw\u0105 obron\u0119<\/span><span class=\"s6\"> prac dla Ewy, <\/span><span class=\"s6\">z pro\u015bb\u0105 o dalsz\u0105 opiek\u0119 Maryi nad jej rod<\/span><span class=\"s6\">zin\u0105, przyjaci\u00f3\u0142mi i s\u0105siadami (i o rado\u015b\u0107 wieczn\u0105 dla dziadk\u00f3w i pradziadk\u00f3w)<\/span><span class=\"s6\">;<\/span><\/div>\n<p class=\"s2\"><span class=\"s6\">+ <\/span><span class=\"s6\">o spok\u00f3j duszy Alicji KO\u0141OSOWSKIEJ (3 r. \u015bm.), J\u00f3zefa MIKO\u0141AJCZYKA (3 r. \u015bm.) i Barbary MIKO\u0141AJCZYK (6 r. \u015bm.)<\/span><span class=\"s6\">;<\/span><\/p>\n<p class=\"s2\"><span class=\"s6\">+ <\/span><span class=\"s6\">Zofi\u0119 LA<\/span><span class=\"s6\">SKOWSK\u0104 w 9 miesi\u0119cy po \u015bmierci;<\/span><\/p>\n<p class=\"s2\"><span class=\"s6\">+ <\/span><span class=\"s6\">Mariana DRZAZGOWSKIEGO (1. r. \u015bm.), Halin\u0119 DRZAZGOWSK\u0104 (8 r. \u015bm.), Marka i Ew\u0119 DRZAZGOWSKICH. <\/span><\/p>\n<p class=\"s2\"><span class=\"s6\">+ <\/span><span class=\"s6\">Gra\u017cyn\u0119 DZIER\u017bY\u0143SK\u0104 (7 r. \u015bm.), Jana i Mari\u0119 BIERNAT, Jerzego i Stefani\u0119 WALEWSKICH;<\/span><\/p>\n<p class=\"s2\"><span class=\"s6\">+ <\/span><span class=\"s6\">W\u0142odzimierza GROSZKIEWICZA.<\/span><\/p>\n<\/div>\n<\/td>\n<\/tr>\n<tr>\n<td>\n<div>\n<p class=\"s2\"><span class=\"s4\">18.00<\/span><\/p>\n<\/div>\n<\/td>\n<td>\n<div>\n<div class=\"s8\"><span class=\"s7\">\u2022 <\/span><span class=\"s6\">Dzi\u0119kczynna za 30 lat pobytu za granic\u0105 i ludzi, kt\u00f3rych Pan B\u00f3g postawi\u0142 na drodze, z pro\u015bb\u0105 o dalsze \u0142aski i Bo\u017ce b\u0142ogos\u0142awie\u0144stwo.<\/span><\/div>\n<\/div>\n<\/td>\n<\/tr>\n<tr>\n<td class=\"s3\" colspan=\"2\">\n<div>\n<p class=\"s5\">\n<\/div>\n<\/td>\n<\/tr>\n<tr>\n<td colspan=\"2\">\n<div>\n<p class=\"s5\"><span class=\"s4\">PONIEDZIA\u0141EK<\/span><span class=\"s4\"> (16<\/span><span class=\"s4\">.09.2019)<\/span><\/p>\n<p class=\"s5\"><span class=\"s4\">\u015awi\u0119tych m\u0119czennik\u00f3w Korneliusza, papie\u017ca, i Cypriana, biskupa \u2013 wspomnienie<\/span><\/p>\n<p class=\"s5\">\n<\/div>\n<\/td>\n<\/tr>\n<tr>\n<td>\n<div>\n<p class=\"s2\"><span class=\"s4\">7.00<\/span><\/p>\n<\/div>\n<\/td>\n<td>\n<div>\n<p class=\"s2\"><span class=\"s6\">+ Zdzis\u0142awa (M) ULRYCH &#8211; greg. <\/span><span class=\"s6\">16<\/span><span class=\"s6\">.<\/span><\/p>\n<\/div>\n<\/td>\n<\/tr>\n<tr>\n<td>\n<div>\n<p class=\"s2\"><span class=\"s4\">8.00<\/span><\/p>\n<\/div>\n<\/td>\n<td>\n<div>\n<div class=\"s8\"><span class=\"s7\">\u2022 <\/span><span class=\"s6\">O beatyfikacj\u0119 s. R\u00f3\u017cy Wandy NIEW\u0118G\u0141OWSKIEJ w 30 r. \u015bm. <\/span><\/div>\n<\/div>\n<\/td>\n<\/tr>\n<tr>\n<td>\n<div>\n<p class=\"s2\"><span class=\"s4\">18.00<\/span><\/p>\n<\/div>\n<\/td>\n<td>\n<div>\n<p class=\"s2\">\n<p class=\"s2\">\n<\/div>\n<\/td>\n<\/tr>\n<tr>\n<td class=\"s3\" colspan=\"2\">\n<div>\n<p class=\"s2\">\n<\/div>\n<\/td>\n<\/tr>\n<tr>\n<td colspan=\"2\">\n<div>\n<p class=\"s5\"><span class=\"s4\">WTOREK <\/span><span class=\"s4\">(17<\/span><span class=\"s4\">.09.2019)<\/span><\/p>\n<p class=\"s5\">\n<\/div>\n<\/td>\n<\/tr>\n<tr>\n<td>\n<div>\n<p class=\"s5\"><span class=\"s4\">7.00<\/span><\/p>\n<\/div>\n<\/td>\n<td>\n<div>\n<p class=\"s2\"><span class=\"s6\">+ <\/span><span class=\"s6\">Zdzis\u0142awa (M) ULRYCH &#8211; greg. <\/span><span class=\"s6\">17<\/span><span class=\"s6\">.<\/span><\/p>\n<\/div>\n<\/td>\n<\/tr>\n<tr>\n<td>\n<div>\n<p class=\"s5\"><span class=\"s4\">8.00<\/span><\/p>\n<\/div>\n<\/td>\n<td>\n<div>\n<p class=\"s2\"><span class=\"s6\">+ <\/span><span class=\"s6\">o pok\u00f3j wieczny i \u0142ask\u0119 nieba dla ma\u0142\u017conk\u00f3w: Ireny (10 r. \u015bm.) i Franciszka (49 r. \u015bm.) oraz dla c.r. SAWICKICH i ZI\u0118TAR\u00d3W.<\/span><\/p>\n<\/div>\n<\/td>\n<\/tr>\n<tr>\n<td>\n<div>\n<p class=\"s2\"><span class=\"s4\">18.00<\/span><\/p>\n<\/div>\n<\/td>\n<td>\n<div>\n<p class=\"s2\"><span class=\"s6\">+ Leszka BREJNAKA (11 r. \u015bm.), jego rodzic\u00f3w i te\u015bci\u00f3w, oraz Mari\u0119 i Lucjana DMOWSKICH i Jacka SZOZD\u0118.<\/span><\/p>\n<\/div>\n<\/td>\n<\/tr>\n<tr>\n<td class=\"s9\" colspan=\"2\">\n<div>\n<p class=\"s2\">\n<\/div>\n<\/td>\n<\/tr>\n<tr>\n<td colspan=\"2\">\n<div>\n<p class=\"s5\"><span class=\"s4\">\u015aRODA<\/span><span class=\"s4\"> (18<\/span><span class=\"s4\">.<\/span><span class=\"s4\">09.2019)<\/span><\/p>\n<p class=\"s5\"><span class=\"s4\">\u015aw. Stanis\u0142awa Kostki, zakonnika, patrona Polski \u2013 \u015bwi\u0119to.<\/span><\/p>\n<p class=\"s5\">\n<\/div>\n<\/td>\n<\/tr>\n<tr>\n<td>\n<div>\n<p class=\"s5\"><span class=\"s4\">7.00<\/span><\/p>\n<\/div>\n<\/td>\n<td>\n<div>\n<p class=\"s2\"><span class=\"s6\">+<\/span><span class=\"s6\"> Leopold\u0119 i Boles\u0142awa SUPERA<\/span><span class=\"s6\">. <\/span><\/p>\n<\/div>\n<\/td>\n<\/tr>\n<tr>\n<td>\n<div>\n<p class=\"s5\"><span class=\"s4\">8.00<\/span><\/p>\n<\/div>\n<\/td>\n<td>\n<div>\n<p class=\"s2\"><span class=\"s6\">+ Zdzis\u0142awa (M) ULRYCH <\/span><span class=\"s6\">&#8211; <\/span><span class=\"s6\">greg. <\/span><span class=\"s6\">18<\/span><span class=\"s6\">.<\/span><\/p>\n<\/div>\n<\/td>\n<\/tr>\n<tr>\n<td>\n<div>\n<p class=\"s5\"><span class=\"s4\">17<\/span><span class=\"s4\">.<\/span><span class=\"s4\">45<\/span><\/p>\n<\/div>\n<\/td>\n<td>\n<div>\n<p class=\"s2\"><span class=\"s6\">NOWENNA<\/span><span class=\"s6\">:<\/span><\/p>\n<div class=\"s8\"><span class=\"s7\">\u2022 <\/span><span class=\"s6\">Dzi\u0119kczyn<\/span><span class=\"s6\">na za dar \u017cycia i o szcz\u0119\u015bliw\u0105 obron\u0119<\/span><span class=\"s6\"> prac dla Ewy, z pro\u015bb\u0105 o dalsz\u0105 opiek\u0119 Maryi nad jej rodzin\u0105, przyjaci\u00f3\u0142mi i s\u0105siadami (i o rado\u015b\u0107 wieczn\u0105 dla dziadk\u00f3w i pradziadk\u00f3w)<\/span><span class=\"s6\">;<\/span><\/div>\n<p class=\"s2\"><span class=\"s6\">+ Wand\u0119 Bogumi\u0142\u0119 KOZ\u0141OWSK\u0104 (4. r. \u015bm.);<\/span><\/p>\n<p class=\"s2\"><span class=\"s6\">+ Janin\u0119 LOREK (30 dni po \u015bmierci);<\/span><\/p>\n<p class=\"s2\"><span class=\"s6\">+ Dariusza KOWALCZYKA (30 dni po \u015bmierci);<\/span><\/p>\n<p class=\"s2\"><span class=\"s6\">+ Adel\u0119 RYK (30 dni po \u015bmierci);<\/span><\/p>\n<p class=\"s2\"><span class=\"s6\">+ zamar\u0142ego Artura i w intencji jego bliskich z pro\u015bb\u0105 o wsparcie duchowe po tej niepowetowanej dla nich stracie.<\/span><\/p>\n<\/div>\n<\/td>\n<\/tr>\n<tr>\n<td class=\"s3\" colspan=\"2\">\n<div>\n<p class=\"s5\">\n<\/div>\n<\/td>\n<\/tr>\n<tr>\n<td colspan=\"2\">\n<div>\n<p class=\"s5\"><span class=\"s4\">CZWARTEK<\/span><span class=\"s4\"> (19<\/span><span class=\"s4\">.09.2019)<\/span><\/p>\n<p class=\"s5\">\n<\/div>\n<\/td>\n<\/tr>\n<tr>\n<td>\n<div>\n<p class=\"s5\"><span class=\"s4\">7.00<\/span><\/p>\n<\/div>\n<\/td>\n<td>\n<div>\n<p class=\"s2\"><span class=\"s6\">+ Ma\u0142gorzat\u0119 BIGOS (<\/span><span class=\"s6\">2 r. \u015bm.<\/span><span class=\"s6\">)<\/span><span class=\"s6\">, Dominik\u0119 <\/span><span class=\"s6\">\u017bUK-PROKOPIUK <\/span><\/p>\n<p class=\"s2\"><span class=\"s6\">\u00a0 oraz Wies\u0142aw\u0119 BRATKO-WOLSK\u0104<\/span><\/p>\n<\/div>\n<\/td>\n<\/tr>\n<tr>\n<td>\n<div>\n<p class=\"s5\"><span class=\"s4\">8.00<\/span><\/p>\n<\/div>\n<\/td>\n<td>\n<div>\n<p class=\"s2\"><span class=\"s6\">+ Zdzis\u0142awa (M) ULRYCH &#8211; greg.<\/span><span class=\"s6\"> 19<\/span><span class=\"s6\">.<\/span><\/p>\n<\/div>\n<\/td>\n<\/tr>\n<tr>\n<td>\n<div>\n<p class=\"s5\"><span class=\"s4\">18.00<\/span><\/p>\n<\/div>\n<\/td>\n<td>\n<div>\n<p class=\"s2\"><a name=\"_GoBack\"><\/a><\/p>\n<p class=\"s2\">\n<p class=\"s2\">\n<p class=\"s2\">\n<\/div>\n<\/td>\n<\/tr>\n<tr>\n<td class=\"s3\" colspan=\"2\">\n<div>\n<p class=\"s5\">\n<\/div>\n<\/td>\n<\/tr>\n<tr>\n<td colspan=\"2\">\n<div>\n<p class=\"s5\"><span class=\"s4\">PI\u0104TEK (20<\/span><span class=\"s4\">.09.2019)<\/span><\/p>\n<p class=\"s5\"><span class=\"s4\">\u015aw. M\u0119czennik\u00f3w Andrzeja Kim Taegon, prezbitera, Paw\u0142a Hasang i Towarzyszy<\/span><span class=\"s4\"> &#8211; wspomni<\/span><span class=\"s4\">enie<\/span><\/p>\n<\/div>\n<\/td>\n<\/tr>\n<tr>\n<td>\n<div>\n<p class=\"s5\"><span class=\"s4\">7.00<\/span><\/p>\n<\/div>\n<\/td>\n<td>\n<div>\n<p class=\"s2\"><span class=\"s6\">+<\/span> <span class=\"s6\">Stanis\u0142awa (M) GWIAZDA, Franciszk\u0119 i Stanis\u0142awa JAROCKICH<\/span><\/p>\n<\/div>\n<\/td>\n<\/tr>\n<tr>\n<td>\n<div>\n<p class=\"s5\"><span class=\"s4\">8.00<\/span><\/p>\n<\/div>\n<\/td>\n<td>\n<div>\n<p class=\"s2\"><span class=\"s6\">+<\/span><span class=\"s6\"> Tomasza OPORKA w 3 r. \u015bm.<\/span><\/p>\n<\/div>\n<\/td>\n<\/tr>\n<tr>\n<td>\n<div>\n<p class=\"s5\"><span class=\"s4\">18.00<\/span><\/p>\n<\/div>\n<\/td>\n<td>\n<div>\n<p class=\"s10\"><span class=\"s6\">+ <\/span><span class=\"s6\">Zdzis\u0142awa (M) ULRYCH &#8211; greg. 20.<\/span><\/p>\n<p class=\"s10\"><span class=\"s6\">+ Czes\u0142awa RACZKOWSKIEGO (40 r. \u015bm.), rodzic\u00f3w RACZKOWSKICH, rodzic\u00f3w NAWROCKICH, rodze\u0144stwo i ks. Zygmunta NAWROCKIEGO.<\/span><\/p>\n<\/div>\n<\/td>\n<\/tr>\n<tr>\n<td class=\"s3\" colspan=\"2\">\n<div>\n<p class=\"s5\">\n<\/div>\n<\/td>\n<\/tr>\n<tr>\n<td colspan=\"2\">\n<div>\n<p class=\"s5\"><span class=\"s4\">SOBOTA (21<\/span><span class=\"s4\">.09.2019)<\/span><\/p>\n<p class=\"s5\"><span class=\"s4\">\u015aw. Mateusza, Aposto\u0142a i Ewangelisty<\/span><span class=\"s4\"> &#8211; \u015bwi\u0119to<\/span><\/p>\n<\/div>\n<\/td>\n<\/tr>\n<tr>\n<td>\n<div>\n<p class=\"s5\"><span class=\"s4\">7.00<\/span><\/p>\n<\/div>\n<\/td>\n<td>\n<div>\n<p class=\"s2\"><span class=\"s6\">+ <\/span><span class=\"s6\">Konrada MICHA\u0141OWSKIEGO (8 r. \u015bm.)<\/span><\/p>\n<\/div>\n<\/td>\n<\/tr>\n<tr>\n<td>\n<div>\n<p class=\"s5\"><span class=\"s4\">8.00<\/span><\/p>\n<\/div>\n<\/td>\n<td>\n<div>\n<p class=\"s2\"><span class=\"s6\">+ Zdzis\u0142awa (M) ULRYCH &#8211; greg. <\/span><span class=\"s6\">21<\/span><span class=\"s6\">.<\/span><\/p>\n<\/div>\n<\/td>\n<\/tr>\n<tr>\n<td>\n<div>\n<p class=\"s2\"><span class=\"s4\">18.00<\/span><\/p>\n<\/div>\n<\/td>\n<td>\n<div>\n<p class=\"s2\"><span class=\"s6\">+ <\/span><span class=\"s6\">He<\/span><span class=\"s6\">len\u0119, J\u00f3zefa, Waldemara, Barnab\u0119<\/span><span class=\"s6\"> ZBROSZCZYK<\/span><span class=\"s6\"> oraz Jana GLI\u0143SKIEGO <\/span><\/p>\n<\/div>\n<\/td>\n<\/tr>\n<\/tbody>\n<\/table>\n<p class=\"s2\">\n<\/div><\/section>\n","protected":false},"excerpt":{"rendered":"","protected":false},"author":1,"featured_media":1242,"comment_status":"closed","ping_status":"open","sticky":false,"template":"","format":"standard","meta":{"ngg_post_thumbnail":0,"footnotes":""},"categories":[6],"tags":[],"class_list":["post-2796","post","type-post","status-publish","format-standard","has-post-thumbnail","hentry","category-intencje-mszalne"],"_links":{"self":[{"href":"https:\/\/mbloretanska.pl\/index.php?rest_route=\/wp\/v2\/posts\/2796","targetHints":{"allow":["GET"]}}],"collection":[{"href":"https:\/\/mbloretanska.pl\/index.php?rest_route=\/wp\/v2\/posts"}],"about":[{"href":"https:\/\/mbloretanska.pl\/index.php?rest_route=\/wp\/v2\/types\/post"}],"author":[{"embeddable":true,"href":"https:\/\/mbloretanska.pl\/index.php?rest_route=\/wp\/v2\/users\/1"}],"replies":[{"embeddable":true,"href":"https:\/\/mbloretanska.pl\/index.php?rest_route=%2Fwp%2Fv2%2Fcomments&post=2796"}],"version-history":[{"count":1,"href":"https:\/\/mbloretanska.pl\/index.php?rest_route=\/wp\/v2\/posts\/2796\/revisions"}],"predecessor-version":[{"id":2797,"href":"https:\/\/mbloretanska.pl\/index.php?rest_route=\/wp\/v2\/posts\/2796\/revisions\/2797"}],"wp:featuredmedia":[{"embeddable":true,"href":"https:\/\/mbloretanska.pl\/index.php?rest_route=\/wp\/v2\/media\/1242"}],"wp:attachment":[{"href":"https:\/\/mbloretanska.pl\/index.php?rest_route=%2Fwp%2Fv2%2Fmedia&parent=2796"}],"wp:term":[{"taxonomy":"category","embeddable":true,"href":"https:\/\/mbloretanska.pl\/index.php?rest_route=%2Fwp%2Fv2%2Fcategories&post=2796"},{"taxonomy":"post_tag","embeddable":true,"href":"https:\/\/mbloretanska.pl\/index.php?rest_route=%2Fwp%2Fv2%2Ftags&post=2796"}],"curies":[{"name":"wp","href":"https:\/\/api.w.org\/{rel}","templated":true}]}}