{"id":2770,"date":"2019-08-17T21:38:06","date_gmt":"2019-08-17T19:38:06","guid":{"rendered":"http:\/\/mbloretanska.pl\/?p=2770"},"modified":"2019-08-17T21:38:08","modified_gmt":"2019-08-17T19:38:08","slug":"intencje-mszalne-18-24-08-2019","status":"publish","type":"post","link":"https:\/\/mbloretanska.pl\/?p=2770","title":{"rendered":"intencje mszalne 18-24.08.2019"},"content":{"rendered":"<section  class='av_textblock_section av-jzfxxcqx-d35c0ac4b055dbae72805f7008f859f2 '   itemscope=\"itemscope\" itemtype=\"https:\/\/schema.org\/BlogPosting\" itemprop=\"blogPost\" ><div class='avia_textblock'  itemprop=\"text\" ><table width=\"712\">\n<tbody>\n<tr>\n<td colspan=\"2\" width=\"712\"><strong>Niedziela, <\/strong>18 Sierpnia 2019<\/p>\n<p><strong>XX NIEDZIELA ZWYK\u0141A<\/strong><\/td>\n<\/tr>\n<tr>\n<td colspan=\"2\" width=\"712\"><\/td>\n<\/tr>\n<tr>\n<td width=\"79\"><strong>7.00<\/strong><\/td>\n<td width=\"633\">+ Hieronima DRABARZA (GR. 18)<\/td>\n<\/tr>\n<tr>\n<td width=\"79\"><strong>8.30<\/strong><\/td>\n<td width=\"633\">+ Kamila STANASZKA<\/td>\n<\/tr>\n<tr>\n<td width=\"79\"><strong>10.00<\/strong><\/td>\n<td width=\"633\">\u2022 Int. dzi\u0119kczynna w 19 r. \u015blubu Anety i Roberta BANIA z pro\u015bb\u0105 o b\u0142ogos\u0142awie\u0144stwo Bo\u017ce, opiek\u0119 Matki Bo\u017cej LORETA\u0143SKIEJ i potrzebne \u0142aski dla jubilat\u00f3w i ich syna Kamila.<\/td>\n<\/tr>\n<tr>\n<td width=\"79\"><strong>11.00<\/strong><\/td>\n<td width=\"633\">+ Mariana SZYMA\u0143SKIEGO, Halin\u0119 i Kazimierza PIETRASIK<\/td>\n<\/tr>\n<tr>\n<td width=\"79\"><strong>12.30<\/strong><\/td>\n<td width=\"633\"><strong>ZBIOROWA: <\/strong><strong>1. za Parafian. <\/strong><\/p>\n<p><strong>2. O Bo\u017ce b\u0142ogos\u0142awie\u0144stwo\u00a0 dla Tomasza, \u0141ucji, Zuzanny (chrzest)<\/strong><\/p>\n<p>3. Intencja dzi\u0119kczynna w 40 r. \u015blubu Urszuli i Jacka KO\u0141AKOWSKICH z pro\u015bb\u0105 o b\u0142ogos\u0142awie\u0144stwo Bo\u017ce i potrzebne \u0142aski w dalszym \u017cyciu ma\u0142\u017ce\u0144skim i rodzinnym.<\/td>\n<\/tr>\n<tr>\n<td width=\"79\"><strong>18.00<\/strong><\/td>\n<td width=\"633\">R.<\/td>\n<\/tr>\n<tr>\n<td colspan=\"2\" width=\"712\"><strong>Poniedzia\u0142ek<\/strong>, 19 Sierpnia\u00a0 2019<\/td>\n<\/tr>\n<tr>\n<td colspan=\"2\" width=\"712\"><strong>\u00a0<\/strong><\/td>\n<\/tr>\n<tr>\n<td width=\"79\"><strong>7.00<\/strong><\/td>\n<td width=\"633\">+ Andrzeja i Ireny RYNKOWSKICH, W\u0142adys\u0142awa i Katarzyny<\/td>\n<\/tr>\n<tr>\n<td width=\"79\"><strong>8.00<\/strong><\/td>\n<td width=\"633\">+ Hieronima DRABARZA (GR. 19)<\/td>\n<\/tr>\n<tr>\n<td width=\"79\"><strong>18.00<\/strong><\/td>\n<td width=\"633\">+ Kazimierza SYBILA (16 r. \u015bm.)<\/td>\n<\/tr>\n<tr>\n<td colspan=\"2\" width=\"712\"><strong>Wtorek, <\/strong>20 Sierpnia\u00a0 2019<\/p>\n<p><strong>\u015bw. Bernarda<\/strong>\u00a0 &#8211; wspomnienie<\/td>\n<\/tr>\n<tr>\n<td colspan=\"2\" width=\"712\"><\/td>\n<\/tr>\n<tr>\n<td width=\"79\"><\/td>\n<td width=\"633\"><\/td>\n<\/tr>\n<tr>\n<td width=\"79\"><strong>7.00<\/strong><\/td>\n<td width=\"633\">\u2022 O b\u0142ogos\u0142awie\u0144stwo Bo\u017ce i opiek\u0119 Matki Bo\u017cej dla Piotra OLEKSIAKA z okazji 60 urodzin<\/td>\n<\/tr>\n<tr>\n<td width=\"79\"><strong>8.00<\/strong><\/td>\n<td width=\"633\">+ Hieronima DRABARZA (GR. 20)<\/td>\n<\/tr>\n<tr>\n<td width=\"79\"><strong>18.00<\/strong><\/td>\n<td width=\"633\">+ Lucyn\u0119 i Bogdana KRYSIK<\/td>\n<\/tr>\n<\/tbody>\n<\/table>\n<table width=\"712\">\n<tbody>\n<tr>\n<td colspan=\"2\" width=\"712\"><strong>\u015aroda, <\/strong>21 Sierpnia 2019<\/p>\n<p><strong>\u015bw. Piusa X<\/strong> &#8211; wspomnienie<\/td>\n<\/tr>\n<tr>\n<td colspan=\"2\" width=\"712\"><strong>\u00a0<\/strong><\/td>\n<\/tr>\n<tr>\n<td width=\"79\"><strong>7.00<\/strong><\/td>\n<td width=\"633\">+ Hieronima DRABARZA (GR. 21)<\/td>\n<\/tr>\n<tr>\n<td width=\"79\"><strong>8.00<\/strong><\/td>\n<td width=\"633\">\u2022O Bo\u017ce b\u0142ogos\u0142awie\u0144stwo i opiek\u0119 Matki Bo\u017cej w podejmowaniu rozs\u0105dnych decyzji \u017cyciowych na dalsze lata dla Krzysztofa z okazji 30 urodzin<\/td>\n<\/tr>\n<tr>\n<td width=\"79\"><strong>18.00<\/strong><\/td>\n<td width=\"633\"><strong>NOWENNA DO MATKI BO<\/strong><strong>\u017b<\/strong><strong>EJ NIEUSTAJ<\/strong><strong>\u0104<\/strong><strong>CEJ POMOCY i MSZA \u015aW.<\/strong><\/p>\n<p>+ Iren\u0119 BARTNIK<\/td>\n<\/tr>\n<tr>\n<td colspan=\"2\" width=\"712\"><strong>Czwartek<\/strong>, 22 Sierpnia 2019<\/p>\n<p><strong>Naj\u015bwi\u0119tszej Maryi Panny, Kr\u00f3lowej <\/strong>\u2013 wspomnienie<\/td>\n<\/tr>\n<tr>\n<td colspan=\"2\" width=\"712\"><strong>\u00a0<\/strong><\/td>\n<\/tr>\n<tr>\n<td width=\"79\"><strong>7.00<\/strong><\/td>\n<td width=\"633\">+ Hieronima DRABARZA (GR. 22)<\/td>\n<\/tr>\n<tr>\n<td width=\"79\"><strong>8.00<\/strong><\/td>\n<td width=\"633\">\u2022 O b\u0142ogos\u0142awie\u0144stwo Bo\u017ce i potrzebne \u0142aski dla rodziny \u0141UBI\u0143SKICH, HUTNIK\u00d3W i PISARSKICH oraz Bo\u017ce mi\u0142osierdzie i \u0142ask\u0119 zbawienia dla zmar\u0142ych z tych rodzin<\/td>\n<\/tr>\n<tr>\n<td width=\"79\"><strong>18.00<\/strong><\/td>\n<td width=\"633\">+ Andrzeja FEDORCZYKA (3 r. \u015bm.) oraz Wac\u0142aw\u0119 i Wincent\u0119 GAW\u0118DA<\/td>\n<\/tr>\n<tr>\n<td colspan=\"2\" width=\"712\"><strong>Pi\u0105tek, <\/strong>23 Sierpnia 2019<\/td>\n<\/tr>\n<tr>\n<td colspan=\"2\" width=\"712\"><strong>\u00a0<\/strong><\/td>\n<\/tr>\n<tr>\n<td width=\"79\"><strong>7.00<\/strong><\/td>\n<td width=\"633\">\u2022 O zdrowie i Bo\u017ce b\u0142ogos\u0142awie\u0144stwo, opiek\u0119 Matki Bo\u017cej dla Marianny w dniu 82 ur. i o zdrowie dla syna Andrzeja<\/td>\n<\/tr>\n<tr>\n<td width=\"79\"><strong>8.00<\/strong><\/td>\n<td width=\"633\">+ Hieronima DRABARZA (GR. 23)<\/td>\n<\/tr>\n<tr>\n<td width=\"79\"><strong>18.00<\/strong><\/td>\n<td width=\"633\">\u2022 Dzi\u0119kczynna i o Bo\u017ce b\u0142ogos\u0142awie\u0144stwo, opiek\u0119 Matki Bo\u017cej dla Eweliny WIDOMSKIEJ w 30 urodziny, m\u0119\u017ca \u0141ukasz i synka Wojtka<\/td>\n<\/tr>\n<tr>\n<td colspan=\"2\" width=\"712\"><strong>Sobota<\/strong>, 24 Sierpnia 2019<\/p>\n<p><strong>\u015aw. Bart\u0142omieja, aposto\u0142a<\/strong> &#8211; \u015awi\u0119to<\/td>\n<\/tr>\n<tr>\n<td colspan=\"2\" width=\"712\"><strong>\u00a0<\/strong><\/td>\n<\/tr>\n<tr>\n<td width=\"79\"><strong>7.00<\/strong><\/td>\n<td width=\"633\">+ Hieronima DRABARZA (GR. 24)<\/td>\n<\/tr>\n<tr>\n<td width=\"79\"><strong>8.00<\/strong><\/td>\n<td width=\"633\">\u2022 Dzi\u0119kczynna i o Bo\u017ce b\u0142ogos\u0142awie\u0144stwo dla Ewy i Bart\u0142omieja w dniu zawarcia sakramentu ma\u0142\u017ce\u0144stwa<\/td>\n<\/tr>\n<tr>\n<td width=\"79\"><strong>18.00<\/strong><\/td>\n<td width=\"633\">+ J\u00f3zefa KOWALEWSKIEGO Apoloni\u0119 i Antoniego MICHALCZYK<\/td>\n<\/tr>\n<\/tbody>\n<\/table>\n<\/div><\/section>\n","protected":false},"excerpt":{"rendered":"","protected":false},"author":1,"featured_media":1242,"comment_status":"closed","ping_status":"open","sticky":false,"template":"","format":"standard","meta":{"ngg_post_thumbnail":0,"footnotes":""},"categories":[7],"tags":[],"class_list":["post-2770","post","type-post","status-publish","format-standard","has-post-thumbnail","hentry","category-zapowiedzi"],"_links":{"self":[{"href":"https:\/\/mbloretanska.pl\/index.php?rest_route=\/wp\/v2\/posts\/2770","targetHints":{"allow":["GET"]}}],"collection":[{"href":"https:\/\/mbloretanska.pl\/index.php?rest_route=\/wp\/v2\/posts"}],"about":[{"href":"https:\/\/mbloretanska.pl\/index.php?rest_route=\/wp\/v2\/types\/post"}],"author":[{"embeddable":true,"href":"https:\/\/mbloretanska.pl\/index.php?rest_route=\/wp\/v2\/users\/1"}],"replies":[{"embeddable":true,"href":"https:\/\/mbloretanska.pl\/index.php?rest_route=%2Fwp%2Fv2%2Fcomments&post=2770"}],"version-history":[{"count":1,"href":"https:\/\/mbloretanska.pl\/index.php?rest_route=\/wp\/v2\/posts\/2770\/revisions"}],"predecessor-version":[{"id":2772,"href":"https:\/\/mbloretanska.pl\/index.php?rest_route=\/wp\/v2\/posts\/2770\/revisions\/2772"}],"wp:featuredmedia":[{"embeddable":true,"href":"https:\/\/mbloretanska.pl\/index.php?rest_route=\/wp\/v2\/media\/1242"}],"wp:attachment":[{"href":"https:\/\/mbloretanska.pl\/index.php?rest_route=%2Fwp%2Fv2%2Fmedia&parent=2770"}],"wp:term":[{"taxonomy":"category","embeddable":true,"href":"https:\/\/mbloretanska.pl\/index.php?rest_route=%2Fwp%2Fv2%2Fcategories&post=2770"},{"taxonomy":"post_tag","embeddable":true,"href":"https:\/\/mbloretanska.pl\/index.php?rest_route=%2Fwp%2Fv2%2Ftags&post=2770"}],"curies":[{"name":"wp","href":"https:\/\/api.w.org\/{rel}","templated":true}]}}