{"id":2767,"date":"2019-08-17T21:23:04","date_gmt":"2019-08-17T19:23:04","guid":{"rendered":"http:\/\/mbloretanska.pl\/?p=2767"},"modified":"2019-08-17T21:23:06","modified_gmt":"2019-08-17T19:23:06","slug":"xx-niedziela-zwykla-18-08-2019","status":"publish","type":"post","link":"https:\/\/mbloretanska.pl\/?p=2767","title":{"rendered":"XX niedziela zwyk\u0142a, 18.08.2019"},"content":{"rendered":"<section  class='av_textblock_section av-jzfxbyqh-6b527ddd0527735ea044d3fa6e482619 '   itemscope=\"itemscope\" itemtype=\"https:\/\/schema.org\/BlogPosting\" itemprop=\"blogPost\" ><div class='avia_textblock'  itemprop=\"text\" ><p>1. Dzi\u015b go\u015bcimy w naszej parafii ks. Jacka Pielaka, kap\u0142ana naszej diecezji i misjonarza od kilku lat pracuj\u0105cego w Sierra Leone, w zachodniej Afryce. Dzi\u0119ki jego obecno\u015bci b\u0119dziemy mogli bli\u017cej pozna\u0107 \u017cycie Ko\u015bcio\u0142a na czarnym l\u0105dzie, po Mszy \u015bw. przed ko\u015bcio\u0142em osobi\u015bcie z nim porozmawia\u0107, a tak\u017ce wesprze\u0107 finansowo prowadzone w Kambi dzie\u0142o misyjne.<\/p>\n<p>2. W dniu dzisiejszym Ks. Sebastian Bryska ko\u0144czy swoj\u0105 prac\u0119 i pobyt w naszej parafii. Bardzo dzi\u0119kujemy za t\u0119 miesi\u0119czn\u0105 pomoc i \u017cyczymy wielu \u0142ask Bo\u017cych w Warszawie Mi\u0119dzylesiu, gdzie jako wikariusz b\u0119dzie sprawowa\u0142 ju\u017c sta\u0142\u0105 pos\u0142ug\u0119 duszpastersk\u0105.<\/p>\n<p>3. W tym tygodniu w czwartek przypada wspomnienie NMP Kr\u00f3lowej, a w sobot\u0119 \u015bwi\u0119to \u015bw. Bart\u0142omieja Aposto\u0142a.<\/p>\n<p>4. \u00a0W czwartek 22 sierpnia wsp\u00f3lnota Przymierze Mi\u0142osierdzia odwiedzi nasze domy, by wsp\u00f3lnie si\u0119 pomodli\u0107, porozmawia\u0107 i spotka\u0107, \u00a0aby mog\u0142o spe\u0142ni\u0107 si\u0119 S\u0142owo Bo\u017ce: &#8221; Gdzie dwaj lub trzej gromadz\u0105 si\u0119 w Imi\u0119 Moje, tam Ja jestem po\u015br\u00f3d nich&#8221; . Przyjmijmy go\u015bci pukaj\u0105cych do naszych dom\u00f3w, by\u015bmy przez to spotkanie mogli do\u015bwiadczy\u0107 Obecno\u015bci Jezusa.<\/p>\n<p>5. Od 1 wrze\u015bnia b\u0119dzie dost\u0119pna ksi\u0105\u017cka intencji mszalnych na przysz\u0142y rok 2020.<\/p>\n<p>6. Wsp\u00f3lnota Legionu Maryi w \u015bwi\u0119to Podwy\u017cszenia Krzy\u017ca \u015awi\u0119tego 14 wrze\u015bnia 2019 r. organizuje pielgrzymk\u0119 autokarow\u0105 na Jasn\u0105 G\u00f3r\u0119. Zapraszamy wszystkich ch\u0119tnych. Wyjazd z pod katedry \u015bw. Floriana o godz. 5.00 rano. Koszt pielgrzymki\u00a0 60 z\u0142. Zapisy pod nr telefonu 516-170-192.<\/p>\n<p>7. W nowym numerze tygodnika Idziemy znajdziemy ciekawe informacje z \u017cycia Ko\u015bcio\u0142a i \u015bwiata oraz komentarze do bie\u017c\u0105cych wydarze\u0144.<\/p>\n<p>8. Wszystkim naszym parafianom i go\u015bciom pracuj\u0105cym i odpoczywaj\u0105cym w Warszawie \u017cyczymy mi\u0142ej, udanej niedzieli oraz dobrego i b\u0142ogos\u0142awionego tygodnia.<\/p>\n<\/div><\/section>\n","protected":false},"excerpt":{"rendered":"","protected":false},"author":1,"featured_media":46,"comment_status":"closed","ping_status":"open","sticky":false,"template":"","format":"standard","meta":{"ngg_post_thumbnail":0,"footnotes":""},"categories":[3],"tags":[],"class_list":["post-2767","post","type-post","status-publish","format-standard","has-post-thumbnail","hentry","category-ogloszenia-duszpasterskie"],"_links":{"self":[{"href":"https:\/\/mbloretanska.pl\/index.php?rest_route=\/wp\/v2\/posts\/2767","targetHints":{"allow":["GET"]}}],"collection":[{"href":"https:\/\/mbloretanska.pl\/index.php?rest_route=\/wp\/v2\/posts"}],"about":[{"href":"https:\/\/mbloretanska.pl\/index.php?rest_route=\/wp\/v2\/types\/post"}],"author":[{"embeddable":true,"href":"https:\/\/mbloretanska.pl\/index.php?rest_route=\/wp\/v2\/users\/1"}],"replies":[{"embeddable":true,"href":"https:\/\/mbloretanska.pl\/index.php?rest_route=%2Fwp%2Fv2%2Fcomments&post=2767"}],"version-history":[{"count":1,"href":"https:\/\/mbloretanska.pl\/index.php?rest_route=\/wp\/v2\/posts\/2767\/revisions"}],"predecessor-version":[{"id":2768,"href":"https:\/\/mbloretanska.pl\/index.php?rest_route=\/wp\/v2\/posts\/2767\/revisions\/2768"}],"wp:featuredmedia":[{"embeddable":true,"href":"https:\/\/mbloretanska.pl\/index.php?rest_route=\/wp\/v2\/media\/46"}],"wp:attachment":[{"href":"https:\/\/mbloretanska.pl\/index.php?rest_route=%2Fwp%2Fv2%2Fmedia&parent=2767"}],"wp:term":[{"taxonomy":"category","embeddable":true,"href":"https:\/\/mbloretanska.pl\/index.php?rest_route=%2Fwp%2Fv2%2Fcategories&post=2767"},{"taxonomy":"post_tag","embeddable":true,"href":"https:\/\/mbloretanska.pl\/index.php?rest_route=%2Fwp%2Fv2%2Ftags&post=2767"}],"curies":[{"name":"wp","href":"https:\/\/api.w.org\/{rel}","templated":true}]}}