{"id":2765,"date":"2019-08-11T09:55:21","date_gmt":"2019-08-11T07:55:21","guid":{"rendered":"http:\/\/mbloretanska.pl\/?p=2765"},"modified":"2019-08-11T09:55:23","modified_gmt":"2019-08-11T07:55:23","slug":"intencje-mszalne-11-17-08-19","status":"publish","type":"post","link":"https:\/\/mbloretanska.pl\/?p=2765","title":{"rendered":"intencje mszalne 11-17.08.19"},"content":{"rendered":"<section  class='av_textblock_section av-jz6o9svt-bafe937755a755beddb258362a8394ac '   itemscope=\"itemscope\" itemtype=\"https:\/\/schema.org\/BlogPosting\" itemprop=\"blogPost\" ><div class='avia_textblock'  itemprop=\"text\" ><table width=\"712\">\n<tbody>\n<tr>\n<td colspan=\"2\" width=\"712\"><strong>Niedziela, <\/strong>11 Sierpnia 2019<\/p>\n<p><strong>XIX NIEDZIELA ZWYK\u0141A<\/strong><\/td>\n<\/tr>\n<tr>\n<td colspan=\"2\" width=\"712\"><\/td>\n<\/tr>\n<tr>\n<td width=\"79\"><strong>7.00<\/strong><\/td>\n<td width=\"633\">+ Ewelin\u0119 i Micha\u0142a FRIED [FIRD]<\/td>\n<\/tr>\n<tr>\n<td width=\"79\"><strong>8.30<\/strong><\/td>\n<td width=\"633\">+ Mariann\u0119 i Janusza MALENT\u00d3W, Wac\u0142awa\u00a0 OLESZCZUKA, zm. z cr. KO\u0143K\u00d3W, MALENT\u00d3W, MATE\u0143K\u00d3W i OLESZCZUK\u00d3W<\/td>\n<\/tr>\n<tr>\n<td width=\"79\"><strong>10.00<\/strong><\/td>\n<td width=\"633\">+ Zuzann\u0119 i Stanis\u0142awa SO\u0141TYSIAK<\/td>\n<\/tr>\n<tr>\n<td width=\"79\"><strong>11.00<\/strong><\/td>\n<td width=\"633\">+ Heleny RZESZOTARSKIEJ \u2013 Za\u0142o\u017cycielki i prze\u0142o\u017conej prywatnej \u017ce\u0144skiej szko\u0142y w Warszawie przy ul. Konopnickiej (43 r. \u015bm.) za zmar\u0142ych nauczycielki i nauczycieli szko\u0142y oraz zmar\u0142e wychowanki szko\u0142y.<\/td>\n<\/tr>\n<tr>\n<td width=\"79\"><strong>12.30<\/strong><\/td>\n<td width=\"633\"><strong>ZBIOROWA: <\/strong><strong>1. za Parafian. <\/strong><\/p>\n<p>2. + Hieronima DRABARZA (GR. 11)<\/p>\n<p>3. + Mariann\u0119 PROKOPOWICZ (30 dni po \u015bm.)<\/p>\n<p>4. + Stefani\u0119, Stanis\u0142aw\u0119, Aleksandra HOROWAJ<\/p>\n<p>5. + Marka \u0141API\u0143SKIEGO (1 r. \u015bm.)<\/p>\n<p>6. + Czes\u0142awa (m) BRUNK\u0118 (3 r. \u015bm.)<\/td>\n<\/tr>\n<tr>\n<td width=\"79\"><strong>18.00<\/strong><\/td>\n<td width=\"633\">+ Janusza, Halin\u0119, Stanis\u0142awa STOJANOWSKICH, Regin\u0119 i Stefana TURLEJ<\/td>\n<\/tr>\n<tr>\n<td colspan=\"2\" width=\"712\"><strong>\u00a0<\/strong><strong>Poniedzia\u0142ek<\/strong>, 12 Sierpnia\u00a0 2019<\/td>\n<\/tr>\n<tr>\n<td colspan=\"2\" width=\"712\"><strong>\u00a0<\/strong><\/td>\n<\/tr>\n<tr>\n<td width=\"79\"><strong>7.00<\/strong><\/td>\n<td width=\"633\">1. + Zofi\u0119 LASKOWSK\u0104 (z okazji ur.)<\/p>\n<p>2. + Hieronima DRABARZA (GR. 12)<\/td>\n<\/tr>\n<tr>\n<td width=\"79\"><strong>8.00<\/strong><\/td>\n<td width=\"633\">+ S\u0142awomira KOMINEK, Ann\u0119 i Paw\u0142a GRUDKA, Helen\u0119 KOMINEK oraz Zygmunta KOMINEK<\/td>\n<\/tr>\n<tr>\n<td width=\"79\"><strong>18.00<\/strong><\/td>\n<td width=\"633\">+ Matyld\u0119 i Stanis\u0142awa PIASECKICH<\/td>\n<\/tr>\n<tr>\n<td colspan=\"2\" width=\"712\"><strong>\u00a0<\/strong><strong>Wtorek, <\/strong>13 Sierpnia\u00a0 2019<\/td>\n<\/tr>\n<tr>\n<td colspan=\"2\" width=\"712\"><strong>\u00a0<\/strong><\/td>\n<\/tr>\n<tr>\n<td width=\"79\"><\/td>\n<td width=\"633\"><\/td>\n<\/tr>\n<tr>\n<td width=\"79\"><strong>7.00<\/strong><\/td>\n<td width=\"633\">\u2022 Dzi\u0119kczynna i w intencjach o kt\u00f3re prosi Matka Bo\u017ca<\/td>\n<\/tr>\n<tr>\n<td width=\"79\"><strong>8.00<\/strong><\/td>\n<td width=\"633\">+ Hieronima DRABARZA (GR. 13)<\/td>\n<\/tr>\n<tr>\n<td width=\"79\"><strong>18.00<\/strong><\/td>\n<td width=\"633\">+ Antoniego CIOSMAKA (ur.)<\/td>\n<\/tr>\n<tr>\n<td colspan=\"2\" width=\"712\"><strong>\u015aroda, <\/strong>14 Sierpnia 2019<\/p>\n<p><strong>\u015aw. Maksymiliana Marii Kolbego<\/strong> &#8211; wspomnienie<\/td>\n<\/tr>\n<tr>\n<td colspan=\"2\" width=\"712\"><strong>\u00a0<\/strong><\/td>\n<\/tr>\n<tr>\n<td width=\"79\"><strong>7.00<\/strong><\/td>\n<td width=\"633\">+ Ann\u0119 \u0141\u0104CK\u0104 (62 r. \u015bm.) oraz zm. rodzic\u00f3w i rodze\u0144stwa<\/td>\n<\/tr>\n<tr>\n<td width=\"79\"><strong>8.00<\/strong><\/td>\n<td width=\"633\">+ Hieronima DRABARZA (GR. 13)<\/td>\n<\/tr>\n<tr>\n<td width=\"79\"><strong>18.00<\/strong><\/td>\n<td width=\"633\"><strong>NOWENNA DO MATKI BO<\/strong><strong>\u017b<\/strong><strong>EJ NIEUSTAJ<\/strong><strong>\u0104<\/strong><strong>CEJ POMOCY i MSZA \u015aW.<\/strong><\/p>\n<p>+ Tomasz SZANSER (30 dni po \u015bm.)<\/p>\n<p>+ Adam Pacek\u00a0 (4 r. \u015bm.)<\/td>\n<\/tr>\n<tr>\n<td colspan=\"2\" width=\"712\"><strong>Czwartek<\/strong>, 15 Sierpnia 2019<\/p>\n<p><strong>Wniebowzi\u0119cie Naj\u015bwi\u0119tszej Maryi Panny <\/strong>\u2013 uroczysto\u015b\u0107<\/td>\n<\/tr>\n<tr>\n<td colspan=\"2\" width=\"712\"><strong>\u00a0<\/strong><\/td>\n<\/tr>\n<tr>\n<td width=\"79\"><strong>7.00<\/strong><\/td>\n<td width=\"633\">+ Hieronima DRABARZA (GR. 15)<\/td>\n<\/tr>\n<tr>\n<td width=\"79\"><strong>8.30<\/strong><\/td>\n<td width=\"633\">+ Juliana \u0141EPTUCH (2 r. \u015bm.)<\/td>\n<\/tr>\n<tr>\n<td width=\"79\"><strong>10.00<\/strong><\/td>\n<td width=\"633\">+ Janusza, Edwarda i Alicj\u0119 HILIK, Henryka, Eugeni\u0119, Ryszarda, Kazimierza WOJNICKICH.<\/td>\n<\/tr>\n<tr>\n<td width=\"79\"><strong>11.00<\/strong><\/td>\n<td width=\"633\">+ Zofie, Stanis\u0142awa, J\u00f3zefa KUDLI\u0143SKICH, Jana i Andrzeja KR\u00d3L\u00d3W<\/td>\n<\/tr>\n<tr>\n<td width=\"79\"><strong>\u00a0 12.30<\/strong><\/td>\n<td width=\"633\">+ Urszul\u0119 KO\u0141ODZIEJSK\u0104 (1 r. \u015bm.)<\/td>\n<\/tr>\n<tr>\n<td width=\"79\"><strong>18.00<\/strong><\/td>\n<td width=\"633\">+ Marka SZYMA\u0143SKIEGO (15 r. \u015bm.)<\/td>\n<\/tr>\n<tr>\n<td colspan=\"2\" width=\"712\"><strong>Pi\u0105tek, <\/strong>16 Sierpnia 2019<\/td>\n<\/tr>\n<tr>\n<td colspan=\"2\" width=\"712\"><strong>\u00a0<\/strong><\/td>\n<\/tr>\n<tr>\n<td width=\"79\"><strong>7.00<\/strong><\/td>\n<td width=\"633\">+ Marka, Janin\u0119 i J\u00f3zef\u0119 TARGO\u0143SKICH<\/td>\n<\/tr>\n<tr>\n<td width=\"79\"><strong>8.00<\/strong><\/td>\n<td width=\"633\">+ Hieronima DRABARZA (GR. 16)<\/td>\n<\/tr>\n<tr>\n<td width=\"79\"><strong>18.00<\/strong><\/td>\n<td width=\"633\">+ Boles\u0142awa GOLI\u0143SKIEGO (im.)<\/td>\n<\/tr>\n<tr>\n<td colspan=\"2\" width=\"712\"><strong>Sobota<\/strong>, 17 Sierpnia 2019<\/p>\n<p><strong>\u015aw. Jacka<\/strong> &#8211; wspomnienie<\/td>\n<\/tr>\n<tr>\n<td colspan=\"2\" width=\"712\"><strong>\u00a0<\/strong><\/td>\n<\/tr>\n<tr>\n<td width=\"79\"><strong>7.00<\/strong><\/td>\n<td width=\"633\">+ Hieronima DRABARZA (GR. 17)<\/td>\n<\/tr>\n<tr>\n<td width=\"79\"><strong>8.00<\/strong><\/td>\n<td width=\"633\">+ O pokuj wieczny i \u0142ask\u0119 nieba dla Stefana (36 r. \u015bm.) oraz zm. z cr. GARCZEWSKICH i PUCO\u0141OWSKICH<\/td>\n<\/tr>\n<tr>\n<td width=\"79\"><strong>16.00<\/strong><\/td>\n<td width=\"633\">\u015alub: Karolina KAR\u0141OWICZ i Marcin MORAWSKI<\/td>\n<\/tr>\n<tr>\n<td width=\"79\"><strong>18.00<\/strong><\/td>\n<td width=\"633\">+ Antonin\u0119 OR\u0141OWSK\u0104 (22 r. \u015bm.) oraz Paw\u0142a \u0141ASEK (31 r. \u015bm.)<\/td>\n<\/tr>\n<\/tbody>\n<\/table>\n<\/div><\/section>\n","protected":false},"excerpt":{"rendered":"","protected":false},"author":1,"featured_media":1242,"comment_status":"closed","ping_status":"open","sticky":false,"template":"","format":"standard","meta":{"ngg_post_thumbnail":0,"footnotes":""},"categories":[6],"tags":[],"class_list":["post-2765","post","type-post","status-publish","format-standard","has-post-thumbnail","hentry","category-intencje-mszalne"],"_links":{"self":[{"href":"https:\/\/mbloretanska.pl\/index.php?rest_route=\/wp\/v2\/posts\/2765","targetHints":{"allow":["GET"]}}],"collection":[{"href":"https:\/\/mbloretanska.pl\/index.php?rest_route=\/wp\/v2\/posts"}],"about":[{"href":"https:\/\/mbloretanska.pl\/index.php?rest_route=\/wp\/v2\/types\/post"}],"author":[{"embeddable":true,"href":"https:\/\/mbloretanska.pl\/index.php?rest_route=\/wp\/v2\/users\/1"}],"replies":[{"embeddable":true,"href":"https:\/\/mbloretanska.pl\/index.php?rest_route=%2Fwp%2Fv2%2Fcomments&post=2765"}],"version-history":[{"count":1,"href":"https:\/\/mbloretanska.pl\/index.php?rest_route=\/wp\/v2\/posts\/2765\/revisions"}],"predecessor-version":[{"id":2766,"href":"https:\/\/mbloretanska.pl\/index.php?rest_route=\/wp\/v2\/posts\/2765\/revisions\/2766"}],"wp:featuredmedia":[{"embeddable":true,"href":"https:\/\/mbloretanska.pl\/index.php?rest_route=\/wp\/v2\/media\/1242"}],"wp:attachment":[{"href":"https:\/\/mbloretanska.pl\/index.php?rest_route=%2Fwp%2Fv2%2Fmedia&parent=2765"}],"wp:term":[{"taxonomy":"category","embeddable":true,"href":"https:\/\/mbloretanska.pl\/index.php?rest_route=%2Fwp%2Fv2%2Fcategories&post=2765"},{"taxonomy":"post_tag","embeddable":true,"href":"https:\/\/mbloretanska.pl\/index.php?rest_route=%2Fwp%2Fv2%2Ftags&post=2765"}],"curies":[{"name":"wp","href":"https:\/\/api.w.org\/{rel}","templated":true}]}}