{"id":2763,"date":"2019-08-11T09:49:55","date_gmt":"2019-08-11T07:49:55","guid":{"rendered":"http:\/\/mbloretanska.pl\/?p=2763"},"modified":"2019-08-11T09:49:57","modified_gmt":"2019-08-11T07:49:57","slug":"xix-niedziela-zwykla-11-08-2019","status":"publish","type":"post","link":"https:\/\/mbloretanska.pl\/?p=2763","title":{"rendered":"XIX niedziela zwyk\u0142a, 11.08.2019"},"content":{"rendered":"<section  class='av_textblock_section av-jz6o2uv3-a80883025de08c28bd9fd1e09a0de229 '   itemscope=\"itemscope\" itemtype=\"https:\/\/schema.org\/BlogPosting\" itemprop=\"blogPost\" ><div class='avia_textblock'  itemprop=\"text\" ><p>1. Dzi\u015b II niedziela miesi\u0105ca \u2013 taca przeznaczona na nasze parafialne inwestycje. B\u00f3g zap\u0142a\u0107 za z\u0142o\u017cone ofiary.<br \/>\n2. We wtorek 13 dzie\u0144 miesi\u0105ca. Po Mszy \u015bw. wieczornej zapraszamy na kolejne nabo\u017ce\u0144stwo fatimskie z procesj\u0105 r\u00f3\u017ca\u0144cow\u0105. Intencje do modlitwy r\u00f3\u017ca\u0144cowej mo\u017cemy sk\u0142ada\u0107 do puszki przy kaplicy \u015bw. Antoniego.<br \/>\n3. W czwartek 15 sierpnia Uroczysto\u015b\u0107 Wniebowzi\u0119cia NMP i \u015awi\u0119to Matki Bo\u017cej Zwyci\u0119skiej \u2013 Patronki Diecezji Warszawsko-Praskiej.\u00a0 Msze \u015bw. w naszym ko\u015bciele wed\u0142ug porz\u0105dku niedzielnego. Na zako\u0144czenie ka\u017cdej Mszy \u015bw. b\u0142ogos\u0142awie\u0144stwo zi\u00f3\u0142 i kwiat\u00f3w. Zach\u0119camy tak\u017ce do udzia\u0142u w uroczysto\u015bciach zwi\u0105zanych z \u201ecudem nad Wis\u0142\u0105\u201d, czyli Bitw\u0105 Warszawsk\u0105 1920 roku, kt\u00f3re odb\u0119d\u0105 si\u0119 na Kamionku, w Ossowie i Radzyminie. Wierni, kt\u00f3rzy w tym dniu nawiedz\u0105 konkatedr\u0119 na Kamionku i tam pobo\u017cnie odm\u00f3wi\u0105 Ojcze nasz i Wierz\u0119 w Boga mog\u0105 zyska\u0107 odpust zupe\u0142ny.<br \/>\n4. W przysz\u0142\u0105 niedziel\u0119 b\u0119dziemy go\u015bci\u0107 w naszej parafii ks. Jacka Pielaka, kap\u0142ana naszej diecezji i misjonarza od kilku lat pracuj\u0105cego w Sierra Leone, w zachodniej Afryce.<br \/>\n5. Biskup Romuald Kami\u0144ski prosi o modlitw\u0119 w intencji powo\u0142a\u0144 kap\u0142a\u0144skich, zakonnych oraz do \u017cycia konsekrowanego. W\u0142\u0105czmy t\u0119 nasz\u0105 wsp\u00f3ln\u0105 intencj\u0119 tak\u017ce do swoich pacierzy.<br \/>\n6. Pami\u0119tajmy w modlitwie o wszystkich pielgrzymach z naszej parafii, w\u0119druj\u0105cych na Jasna G\u00f3r\u0119, a szczeg\u00f3lnie o ks. Jarku i ca\u0142ej grupie fioletowej. Wspierajmy ich duchowo w czasie p\u0105tniczego trudu.<br \/>\n7. Wsp\u00f3lnota Legionu Maryi w \u015bwi\u0119to Podwy\u017cszenia Krzy\u017ca \u015awi\u0119tego 14 wrze\u015bnia 2019 r. organizuje pielgrzymk\u0119 autokarow\u0105 na Jasn\u0105 G\u00f3r\u0119. Zapraszamy wszystkich ch\u0119tnych. Wyjazd z pod katedry \u015bw. Floriana o godz. 5.00 rano. Koszt pielgrzymki 60 z\u0142. Zapisy pod nr telefonu 516-170-192.<br \/>\n8. W nowym numerze tygodnika Idziemy znajdziemy ciekawe informacje z \u017cycia Ko\u015bcio\u0142a i \u015bwiata, oraz komentarze do bie\u017c\u0105cych wydarze\u0144.<br \/>\n9. Wszystkim naszym parafianom i go\u015bciom pracuj\u0105cym i odpoczywaj\u0105cym w Warszawie \u017cyczymy mi\u0142ej, udanej niedzieli oraz dobrego i b\u0142ogos\u0142awionego tygodnia.<\/p>\n<\/div><\/section>\n","protected":false},"excerpt":{"rendered":"","protected":false},"author":1,"featured_media":46,"comment_status":"closed","ping_status":"open","sticky":false,"template":"","format":"standard","meta":{"ngg_post_thumbnail":0,"footnotes":""},"categories":[3],"tags":[],"class_list":["post-2763","post","type-post","status-publish","format-standard","has-post-thumbnail","hentry","category-ogloszenia-duszpasterskie"],"_links":{"self":[{"href":"https:\/\/mbloretanska.pl\/index.php?rest_route=\/wp\/v2\/posts\/2763","targetHints":{"allow":["GET"]}}],"collection":[{"href":"https:\/\/mbloretanska.pl\/index.php?rest_route=\/wp\/v2\/posts"}],"about":[{"href":"https:\/\/mbloretanska.pl\/index.php?rest_route=\/wp\/v2\/types\/post"}],"author":[{"embeddable":true,"href":"https:\/\/mbloretanska.pl\/index.php?rest_route=\/wp\/v2\/users\/1"}],"replies":[{"embeddable":true,"href":"https:\/\/mbloretanska.pl\/index.php?rest_route=%2Fwp%2Fv2%2Fcomments&post=2763"}],"version-history":[{"count":1,"href":"https:\/\/mbloretanska.pl\/index.php?rest_route=\/wp\/v2\/posts\/2763\/revisions"}],"predecessor-version":[{"id":2764,"href":"https:\/\/mbloretanska.pl\/index.php?rest_route=\/wp\/v2\/posts\/2763\/revisions\/2764"}],"wp:featuredmedia":[{"embeddable":true,"href":"https:\/\/mbloretanska.pl\/index.php?rest_route=\/wp\/v2\/media\/46"}],"wp:attachment":[{"href":"https:\/\/mbloretanska.pl\/index.php?rest_route=%2Fwp%2Fv2%2Fmedia&parent=2763"}],"wp:term":[{"taxonomy":"category","embeddable":true,"href":"https:\/\/mbloretanska.pl\/index.php?rest_route=%2Fwp%2Fv2%2Fcategories&post=2763"},{"taxonomy":"post_tag","embeddable":true,"href":"https:\/\/mbloretanska.pl\/index.php?rest_route=%2Fwp%2Fv2%2Ftags&post=2763"}],"curies":[{"name":"wp","href":"https:\/\/api.w.org\/{rel}","templated":true}]}}