{"id":2759,"date":"2019-08-06T18:49:59","date_gmt":"2019-08-06T16:49:59","guid":{"rendered":"http:\/\/mbloretanska.pl\/?p=2759"},"modified":"2019-08-06T18:55:34","modified_gmt":"2019-08-06T16:55:34","slug":"xviii-niedziela-zwykla-4-08-2019","status":"publish","type":"post","link":"https:\/\/mbloretanska.pl\/?p=2759","title":{"rendered":"XVIII niedziela zwyk\u0142a, 4.08.2019"},"content":{"rendered":"\n<style type=\"text\/css\" data-created_by=\"avia_inline_auto\" id=\"style-css-av-jz01u35b-2965930aa3b77fcec881a4cf95629d07\">\n#top .av_textblock_section.av-jz01u35b-2965930aa3b77fcec881a4cf95629d07 .avia_textblock{\nfont-size:11px;\n}\n<\/style>\n<section  class='av_textblock_section av-jz01u35b-2965930aa3b77fcec881a4cf95629d07 '   itemscope=\"itemscope\" itemtype=\"https:\/\/schema.org\/BlogPosting\" itemprop=\"blogPost\" ><div class='avia_textblock'  itemprop=\"text\" ><p>1. Dzi\u015b z racji I niedzieli miesi\u0105ca o godz. 17.00 wystawienie Naj\u015bwi\u0119tszego Sakramentu, a o 17.30 nabo\u017ce\u0144stwo eucharystyczne.<\/p>\n<p>2. Pami\u0119tajmy w modlitwie o wszystkich pielgrzymach z naszej parafii, kt\u00f3rzy niebawem wyrusz\u0105 na Jasna G\u00f3r\u0119, a szczeg\u00f3lnie o ks. Jarkui ca\u0142ej grupie fioletowej. Wspierajmy ich duchowo w czasie p\u0105tniczego trudu.<\/p>\n<p>3. We wtorek 6 sierpnia \u015awi\u0119to Przemienienia Pa\u0144skiego. Msze \u015bw. o godz. 7.00, 8.00 i 18.00.<\/p>\n<p>4. \u00a0W czwartek 8 sierpnia przypada 104 rocznica wyj\u015bcia wojsk rosyjskich z Pragi. Przypomina o tym tablica umieszczona na cokole figury Matki Bo\u017cej Kr\u00f3lowej naszego Narodu. Zapraszamy na Msz\u0119 \u015bw. dzi\u0119kczynn\u0105 ku czci Matki Bo\u017cej Zwyci\u0119skiej o godz. 18.00. Pami\u0119tajmy o tej rocznicy tak\u017ce w osobistej modlitwie.<\/p>\n<p>5. W pi\u0105tek 9 sierpnia \u015bwi\u0119to \u015bw. Teresy Benedykty od Krzy\u017ca patronki Europy.<\/p>\n<p>6. Biskup Romuald Kami\u0144ski prosi o modlitw\u0119 w intencji powo\u0142a\u0144 kap\u0142a\u0144skich, zakonnych oraz do \u017cycia konsekrowanego. W\u0142\u0105czmy t\u0119 nasz\u0105 wsp\u00f3ln\u0105 intencj\u0119 tak\u017ce do swoich pacierzy.<\/p>\n<p>7.\u00a0Za tydzie\u0144 II niedziela miesi\u0105ca \u2013 ofiary sk\u0142adane na tac\u0119 b\u0119d\u0105 przeznaczone na parafialne inwestycje.<\/p>\n<p>8. Od 1 wrze\u015bnia b\u0119dzie dost\u0119pna ksi\u0105\u017cka intencji mszalnych na przysz\u0142y rok 2020.<\/p>\n<p>9. Wsp\u00f3lnota Legionu Maryi w \u015bwi\u0119to Podwy\u017cszenia Krzy\u017ca \u015awi\u0119tego 14wrze\u015bnia 2019 r. organizuje pielgrzymk\u0119 autokarow\u0105 na Jasn\u0105 G\u00f3r\u0119. Zapraszamy wszystkich ch\u0119tnych. Wyjazd z pod katedry \u015bw. Floriana. 5.00 rano. Koszt pielgrzymki 60 z\u0142. Zapisy pod nr telefonu 516-170-192.<\/p>\n<p>10. W nowym numerze tygodnika <em>Idziemy<\/em> znajdziemy ciekawe informacje \u017cycia Ko\u015bcio\u0142a i \u015bwiata, oraz komentarze do bie\u017c\u0105cych wydarze\u0144.<\/p>\n<p>11. Wszystkim naszym parafianom i go\u015bciom pracuj\u0105cym i odpoczywaj\u0105cym w Warszawie \u017cyczymy mi\u0142ej, udanej niedzieli oraz dobrego i b\u0142ogos\u0142awionego tygodnia.<\/p>\n<\/div><\/section>\n","protected":false},"excerpt":{"rendered":"","protected":false},"author":1,"featured_media":46,"comment_status":"closed","ping_status":"open","sticky":false,"template":"","format":"standard","meta":{"ngg_post_thumbnail":0,"footnotes":""},"categories":[3],"tags":[],"class_list":["post-2759","post","type-post","status-publish","format-standard","has-post-thumbnail","hentry","category-ogloszenia-duszpasterskie"],"_links":{"self":[{"href":"https:\/\/mbloretanska.pl\/index.php?rest_route=\/wp\/v2\/posts\/2759","targetHints":{"allow":["GET"]}}],"collection":[{"href":"https:\/\/mbloretanska.pl\/index.php?rest_route=\/wp\/v2\/posts"}],"about":[{"href":"https:\/\/mbloretanska.pl\/index.php?rest_route=\/wp\/v2\/types\/post"}],"author":[{"embeddable":true,"href":"https:\/\/mbloretanska.pl\/index.php?rest_route=\/wp\/v2\/users\/1"}],"replies":[{"embeddable":true,"href":"https:\/\/mbloretanska.pl\/index.php?rest_route=%2Fwp%2Fv2%2Fcomments&post=2759"}],"version-history":[{"count":2,"href":"https:\/\/mbloretanska.pl\/index.php?rest_route=\/wp\/v2\/posts\/2759\/revisions"}],"predecessor-version":[{"id":2761,"href":"https:\/\/mbloretanska.pl\/index.php?rest_route=\/wp\/v2\/posts\/2759\/revisions\/2761"}],"wp:featuredmedia":[{"embeddable":true,"href":"https:\/\/mbloretanska.pl\/index.php?rest_route=\/wp\/v2\/media\/46"}],"wp:attachment":[{"href":"https:\/\/mbloretanska.pl\/index.php?rest_route=%2Fwp%2Fv2%2Fmedia&parent=2759"}],"wp:term":[{"taxonomy":"category","embeddable":true,"href":"https:\/\/mbloretanska.pl\/index.php?rest_route=%2Fwp%2Fv2%2Fcategories&post=2759"},{"taxonomy":"post_tag","embeddable":true,"href":"https:\/\/mbloretanska.pl\/index.php?rest_route=%2Fwp%2Fv2%2Ftags&post=2759"}],"curies":[{"name":"wp","href":"https:\/\/api.w.org\/{rel}","templated":true}]}}