{"id":2752,"date":"2019-07-27T23:27:31","date_gmt":"2019-07-27T21:27:31","guid":{"rendered":"http:\/\/mbloretanska.pl\/?p=2752"},"modified":"2019-07-27T23:32:50","modified_gmt":"2019-07-27T21:32:50","slug":"intencje-mszalne-28-07-03-08-2019","status":"publish","type":"post","link":"https:\/\/mbloretanska.pl\/?p=2752","title":{"rendered":"intencje mszalne 28.07-03.08.2019"},"content":{"rendered":"<section  class='av_textblock_section av-jym1o0vi-45a0141fdad76b95315c52bc97a3d1d9 '   itemscope=\"itemscope\" itemtype=\"https:\/\/schema.org\/BlogPosting\" itemprop=\"blogPost\" ><div class='avia_textblock'  itemprop=\"text\" ><table width=\"712\">\n<tbody>\n<tr>\n<td colspan=\"2\" width=\"712\"><strong><a href=\"x-apple-data-detectors:\/\/0\">Niedziela, <\/a><\/strong><a href=\"x-apple-data-detectors:\/\/0\">28 lipca<\/a><a href=\"x-apple-data-detectors:\/\/0\"> 2019<\/a><\/p>\n<p><strong>XVII NIEDZIELA ZWYK\u0141A<\/strong><\/td>\n<\/tr>\n<tr>\n<td colspan=\"2\" width=\"712\"><\/td>\n<\/tr>\n<tr>\n<td width=\"79\"><strong>7.00<\/strong><\/td>\n<td width=\"633\">+ Andrzeja OR\u0141OWSKIEGO (GR. 28)<\/td>\n<\/tr>\n<tr>\n<td width=\"79\"><strong>8.30<\/strong><\/td>\n<td width=\"633\">+ Ew\u0119 BIEGAS (30 r. \u015bm.)<\/td>\n<\/tr>\n<tr>\n<td width=\"79\"><strong>10.00<\/strong><\/td>\n<td width=\"633\">+ Stanis\u0142awa KOCZAR\u0118 (3 r. \u015bm.)<\/td>\n<\/tr>\n<tr>\n<td width=\"79\"><strong>11.00<\/strong><\/td>\n<td width=\"633\">+ Stanis\u0142awa TOPCZEWSKIEGO, Ann\u0119 i Stefana RATY\u0143SKICH<\/td>\n<\/tr>\n<tr>\n<td width=\"79\"><strong>12.30<\/strong><\/td>\n<td width=\"633\"><strong>ZBIOROWA: <\/strong><\/p>\n<p>1. Za Parafian.<\/p>\n<p>2. O Bo\u017ce b\u0142ogos\u0142awie\u0144stwo\u00a0 dla Poli, Franciszka i Ignacego (chrzest)<\/p>\n<p>3. + Ann\u0119 SUCHECK\u0104 (im.)<\/p>\n<p>4. + Janin\u0119 J\u00f3zef\u0119 ZABOKLICK\u0104 w 30 dni po \u015bm.<\/p>\n<p>5. + Andrzeja Ireneusza SZYD\u0141O w 30 dni od pogrz.<\/p>\n<p>6. + Izabel\u0119 Konstancj\u0119 BARGIE\u0141 w 30 dni po \u015bm.<\/td>\n<\/tr>\n<tr>\n<td width=\"79\"><strong>18.00<\/strong><\/td>\n<td width=\"633\">+ Tadeusza BORKOWSKIEGO (26 r. \u015bm)<\/td>\n<\/tr>\n<tr>\n<td colspan=\"2\" width=\"712\"><strong>\u00a0<\/strong><\/p>\n<p><strong><a href=\"x-apple-data-detectors:\/\/2\">Poniedzia\u0142ek<\/a><\/strong><a href=\"x-apple-data-detectors:\/\/2\">, 29 lipca<\/a>\u00a0 2019<\/p>\n<p><strong>\u015aW. MARTY<\/strong> \u2013 wspomnienie<\/p>\n<p><strong>\u00a0<\/strong><\/td>\n<\/tr>\n<tr>\n<td colspan=\"2\" width=\"712\"><strong>\u00a0<\/strong><\/td>\n<\/tr>\n<tr>\n<td width=\"79\"><strong>7.00<\/strong><\/td>\n<td width=\"633\">+ Marcelego KOWALSKIEGO (47 r. \u015bm) oraz za zm. z r. KOWALSKICH<\/td>\n<\/tr>\n<tr>\n<td width=\"79\"><strong>8.00<\/strong><\/td>\n<td width=\"633\">+ Jana KOWALKOWSKIEGO, Mariann\u0119 i Franciszka MIELNICKICH<\/td>\n<\/tr>\n<tr>\n<td width=\"79\"><strong>18.00<\/strong><\/td>\n<td width=\"633\">+ Andrzeja OR\u0141OWSKIEGO (GR. 29)<\/td>\n<\/tr>\n<tr>\n<td colspan=\"2\" width=\"712\"><strong>\u00a0<\/strong><\/p>\n<p><strong><a href=\"x-apple-data-detectors:\/\/3\">Wtorek, <\/a><\/strong><a href=\"x-apple-data-detectors:\/\/3\">30 lipca<\/a>\u00a0 2019<\/p>\n<p><strong>\u00a0<\/strong><\/td>\n<\/tr>\n<tr>\n<td colspan=\"2\" width=\"712\"><strong>\u00a0<\/strong><\/td>\n<\/tr>\n<tr>\n<td width=\"79\"><\/td>\n<td width=\"633\"><\/td>\n<\/tr>\n<tr>\n<td width=\"79\"><strong>7.00<\/strong><\/td>\n<td width=\"633\">+ Andrzeja OR\u0141OWSKIEGO (GR. 30)<\/td>\n<\/tr>\n<tr>\n<td width=\"79\"><strong>8.00<\/strong><\/td>\n<td width=\"633\">+ Roman\u0119 GRUDZIE\u0143 (11 r. \u015bm)<\/td>\n<\/tr>\n<tr>\n<td width=\"79\"><strong>18.00<\/strong><\/td>\n<td width=\"633\">+ Danut\u0119 WOWK (5 r. \u015bm.)<\/td>\n<\/tr>\n<tr>\n<td colspan=\"2\" width=\"712\"><strong><a href=\"x-apple-data-detectors:\/\/4\">\u015aroda, <\/a><\/strong><a href=\"x-apple-data-detectors:\/\/4\">31 lipca <\/a><a href=\"x-apple-data-detectors:\/\/4\">2019<\/a><\/p>\n<p><strong>\u015aW. IGNACEGO z Loyoli<\/strong> \u2013 wspomnienie<\/td>\n<\/tr>\n<tr>\n<td colspan=\"2\" width=\"712\"><strong>\u00a0<\/strong><\/td>\n<\/tr>\n<tr>\n<td width=\"79\"><strong>7.00<\/strong><\/td>\n<td width=\"633\">+ Augustyna \u0141\u0104CKIEGO (23 r.\u015bm.) jego rodzic\u00f3w i te\u015bci\u00f3w<\/td>\n<\/tr>\n<tr>\n<td width=\"79\"><strong>8.00<\/strong><\/td>\n<td width=\"633\">+ Leokadi\u0119 J\u0118DRYSZEK (8 r. \u015bm.)<\/td>\n<\/tr>\n<tr>\n<td width=\"79\"><strong>18.00<\/strong><\/td>\n<td width=\"633\"><strong>NOWENNA DO MATKI BO<\/strong><strong>\u017b<\/strong><strong>EJ NIEUSTAJ<\/strong><strong>\u0104<\/strong><strong>CEJ POMOCY i MSZA \u015aW.<\/strong><\/p>\n<p>+ S\u0142awomira KOZDRUJ w miesi\u0105c po \u015bm.<\/p>\n<p>+ Natali\u0119 PANASIUK (im.)<\/td>\n<\/tr>\n<tr>\n<td colspan=\"2\" width=\"712\"><strong>\u00a0<\/strong><\/p>\n<p><strong><a href=\"x-apple-data-detectors:\/\/5\">Czwartek<\/a><\/strong><a href=\"x-apple-data-detectors:\/\/5\">, 1 Sierpnia 2019<\/a><\/p>\n<p><strong>\u015aW. ALFONSA MARII LIGUORIEGO <\/strong>\u2013 wspomnienie<\/td>\n<\/tr>\n<tr>\n<td colspan=\"2\" width=\"712\"><strong>\u00a0<\/strong><\/td>\n<\/tr>\n<tr>\n<td width=\"79\"><strong>7.00<\/strong><\/td>\n<td width=\"633\">1. + Izabel\u0119 TARGO\u0143SK\u0104, Zbigniewa, Czes\u0142aw\u0119 i Tadeusza PARGIEL\u00d3W<\/p>\n<p>2. + Hieronima DRABARZA (GR. 1)<\/td>\n<\/tr>\n<tr>\n<td width=\"79\"><strong>8.00<\/strong><\/td>\n<td width=\"633\">+ Helen\u0119 SZYMA\u0143CZUK, Zofi\u0119 \u017bOCHOWSK\u0104 oraz zm. koleg\u00f3w kole\u017canki z Powstania Warszawskiego<\/td>\n<\/tr>\n<tr>\n<td width=\"79\"><strong>18.00<\/strong><\/td>\n<td width=\"633\">+ Mariann\u0119 TRZCI\u0143SK\u0104 w 10 r. \u015bm. i zm. z cr. TRZCI\u0143SKICH<\/td>\n<\/tr>\n<tr>\n<td colspan=\"2\" width=\"712\"><strong>\u00a0<\/strong><\/p>\n<p><strong>\u00a0<\/strong><\/p>\n<p><strong><a href=\"x-apple-data-detectors:\/\/6\">Pi\u0105tek, <\/a><\/strong><a href=\"x-apple-data-detectors:\/\/6\">2 Sierpnia<\/a><a href=\"x-apple-data-detectors:\/\/6\"> 2019<\/a><\/td>\n<\/tr>\n<tr>\n<td colspan=\"2\" width=\"712\"><strong>\u00a0<\/strong><\/td>\n<\/tr>\n<tr>\n<td width=\"79\"><strong>7.00<\/strong><\/td>\n<td width=\"633\">+ Hieronima DRABARZA (GR. 2)<\/td>\n<\/tr>\n<tr>\n<td width=\"79\"><strong>8.00<\/strong><\/td>\n<td width=\"633\">\u00b7 \u00a0W intencjach \u017bywego R\u00f3\u017ca\u0144ca i Legionu Maryi<\/td>\n<\/tr>\n<tr>\n<td width=\"79\"><strong>18.00<\/strong><\/td>\n<td width=\"633\">+ Helen\u0119, J\u00f3zefa, Waldemara, Barnab\u0119 ZBROSZCZYK oraz Jana GLI\u0143SKIEGO<\/td>\n<\/tr>\n<tr>\n<td colspan=\"2\" width=\"712\"><strong>\u00a0<\/strong><\/p>\n<p><strong>\u00a0<\/strong><\/p>\n<p><strong><a href=\"x-apple-data-detectors:\/\/7\">Sobota<\/a><\/strong><a href=\"x-apple-data-detectors:\/\/7\">, 3 Sierpnia <\/a><a href=\"x-apple-data-detectors:\/\/7\">2019<\/a><\/td>\n<\/tr>\n<tr>\n<td colspan=\"2\" width=\"712\"><strong>\u00a0<\/strong><\/td>\n<\/tr>\n<tr>\n<td width=\"79\"><strong>7.00<\/strong><\/td>\n<td width=\"633\">1. + Hieronima DRABARZA (GR. 3)<\/p>\n<p>2. + Maksymiliana, Zofi\u0119 PAWLIK i zm. z r. PAWLIK\u00d3W i ZGADZAJSKICH<\/td>\n<\/tr>\n<tr>\n<td width=\"79\"><strong>8.00<\/strong><\/td>\n<td width=\"633\">+ Jana WO\u0141OSIEWICZA i Tomasza BORECKIEGO<\/td>\n<\/tr>\n<tr>\n<td width=\"79\"><strong>18.00<\/strong><\/td>\n<td width=\"633\">+ Ignacego PUTKOWSKIEGO<\/td>\n<\/tr>\n<\/tbody>\n<\/table>\n<\/div><\/section>\n","protected":false},"excerpt":{"rendered":"","protected":false},"author":1,"featured_media":1242,"comment_status":"closed","ping_status":"open","sticky":false,"template":"","format":"standard","meta":{"ngg_post_thumbnail":0,"footnotes":""},"categories":[6],"tags":[],"class_list":["post-2752","post","type-post","status-publish","format-standard","has-post-thumbnail","hentry","category-intencje-mszalne"],"_links":{"self":[{"href":"https:\/\/mbloretanska.pl\/index.php?rest_route=\/wp\/v2\/posts\/2752","targetHints":{"allow":["GET"]}}],"collection":[{"href":"https:\/\/mbloretanska.pl\/index.php?rest_route=\/wp\/v2\/posts"}],"about":[{"href":"https:\/\/mbloretanska.pl\/index.php?rest_route=\/wp\/v2\/types\/post"}],"author":[{"embeddable":true,"href":"https:\/\/mbloretanska.pl\/index.php?rest_route=\/wp\/v2\/users\/1"}],"replies":[{"embeddable":true,"href":"https:\/\/mbloretanska.pl\/index.php?rest_route=%2Fwp%2Fv2%2Fcomments&post=2752"}],"version-history":[{"count":2,"href":"https:\/\/mbloretanska.pl\/index.php?rest_route=\/wp\/v2\/posts\/2752\/revisions"}],"predecessor-version":[{"id":2754,"href":"https:\/\/mbloretanska.pl\/index.php?rest_route=\/wp\/v2\/posts\/2752\/revisions\/2754"}],"wp:featuredmedia":[{"embeddable":true,"href":"https:\/\/mbloretanska.pl\/index.php?rest_route=\/wp\/v2\/media\/1242"}],"wp:attachment":[{"href":"https:\/\/mbloretanska.pl\/index.php?rest_route=%2Fwp%2Fv2%2Fmedia&parent=2752"}],"wp:term":[{"taxonomy":"category","embeddable":true,"href":"https:\/\/mbloretanska.pl\/index.php?rest_route=%2Fwp%2Fv2%2Fcategories&post=2752"},{"taxonomy":"post_tag","embeddable":true,"href":"https:\/\/mbloretanska.pl\/index.php?rest_route=%2Fwp%2Fv2%2Ftags&post=2752"}],"curies":[{"name":"wp","href":"https:\/\/api.w.org\/{rel}","templated":true}]}}