{"id":2749,"date":"2019-07-21T00:44:01","date_gmt":"2019-07-20T22:44:01","guid":{"rendered":"http:\/\/mbloretanska.pl\/?p=2749"},"modified":"2019-07-21T00:44:03","modified_gmt":"2019-07-20T22:44:03","slug":"xvi-niedziela-zwykla-21-07-2019","status":"publish","type":"post","link":"https:\/\/mbloretanska.pl\/?p=2749","title":{"rendered":"XVI niedziela zwyk\u0142a, 21.07.2019"},"content":{"rendered":"<section  class='av_textblock_section av-jyc4bim9-0dcd14c14a095cb5382b48b1c6736eb0 '   itemscope=\"itemscope\" itemtype=\"https:\/\/schema.org\/BlogPosting\" itemprop=\"blogPost\" ><div class='avia_textblock'  itemprop=\"text\" ><p class=\"p1\"><span class=\"s1\">1. Witamy dzi\u015b w\u015br\u00f3d nas ks. Sylwestra Brysk\u0119 \u2013 neoprezbitera. Przez kilka tygodni b\u0119dzie nam pomaga\u0142 w pracy duszpasterskiej, zanim w sierpniu rozpocznie prac\u0119 w swojej pierwszej parafii w Warszawie Mi\u0119dzylesiu. Przyjmijmy go \u017cyczliwie i otoczmy modlitw\u0105, aby czu\u0142 si\u0119 u nas jak w domu i by jego pos\u0142uga by\u0142<\/span><span class=\"s3\">a\u00a0<\/span>owocna dla naszej wsp\u00f3lnoty parafialnej.<\/p>\n<p class=\"p2\"><span class=\"s1\">\u00a02. \u00a0\u201e<\/span><span class=\"s2\">Ochrzczeni i pos\u0142ani<\/span><span class=\"s2\">niesiemy Chrystusa\u201d <\/span><span class=\"s1\">\u2013 pod takim has\u0142em rozpoczynamy XX Tydzie\u0144 \u015bw. Krzysztofa. To czas modlitwy za misjonarzy i wszystkich uczestnik\u00f3w ruchu drogowego. To tak\u017ce okazja do refleksji nad naszym zachowaniem na drogach. \u00a0Z racji zbli\u017caj\u0105cego si\u0119 wspomnienia \u015bw. Krzysztofa patrona kierowc\u00f3w, dzisiaj na koniec ka\u017cdej Mszy \u015aw. b\u0119dzie specjalne b\u0142ogos\u0142awie\u0144stwo dla wszystkich uczestnik\u00f3w ruchu drogowego. Gdyby kto\u015b chcia\u0142 indywidualnie po\u015bwi\u0119ci\u0107 swoje auto, motocykl, skuter, rower lub hulajnog\u0119 zapraszamy w tygodniu i prosimy, aby zg\u0142osi\u0107 to ksi\u0119dzu w zakrystii.<\/span><\/p>\n<p class=\"p2\"><span class=\"s1\">3. W poniedzia\u0142ek \u015bwi\u0119to \u015bw. Marii Magdaleny, we wtorek \u015bw. Brygidy patronki Europy, w czwartek \u015bw. Jakuba Aposto\u0142a, a <span class=\"s3\">w pi\u0105tek 26 <\/span>\u00a0\u015bw. Joachima i Anny rodzic\u00f3w MNP &#8211; dziadk\u00f3w Pana Jezusa. Wszystkim babciom i dziadkom \u017cyczymy z tej okazji du\u017co rado\u015bci z wnuk\u00f3w oraz opieki \u015bwi\u0119tych patron\u00f3w. Solenizantkom i solenizantom tego tygodnia \u017cyczymy mi\u0142o\u015bci od bliskich, zdrowia i Bo\u017cego b\u0142ogos\u0142awie\u0144stwa.<\/span><\/p>\n<p class=\"p2\"><span class=\"s1\">4. Zbli\u017ca si\u0119 czas pielgrzymek na Jasn\u0105 G\u00f3r\u0119. Zapraszamy do wsp\u00f3lnego pielgrzymowania np. w grupie fioletowej Warszawskiej Akademickiej Pielgrzymki Metropolitalnej, kt\u00f3rej przewodnikiem jest ks. Jarek.\u00a0\u00a0\u00a0\u00a0\u00a0\u00a0\u00a0\u00a0\u00a0\u00a0\u00a0\u00a0\u00a0\u00a0\u00a0\u00a0\u00a0\u00a0\u00a0\u00a0\u00a0\u00a0\u00a0\u00a0\u00a0\u00a0\u00a0\u00a0\u00a0\u00a0\u00a0\u00a0\u00a0\u00a0\u00a0\u00a0\u00a0\u00a0\u00a0\u00a0\u00a0\u00a0\u00a0\u00a0\u00a0\u00a0\u00a0\u00a0\u00a0\u00a0\u00a0\u00a0\u00a0\u00a0\u00a0\u00a0\u00a0\u00a0<\/span><\/p>\n<p class=\"p2\"><span class=\"s1\">5. Na stoliku prasowym nowy numer tygodnika <\/span><span class=\"s2\">Idziemy, <\/span><span class=\"s1\">kt\u00f3ry jest dobrym przewodnikiem po otaczaj\u0105cym nas \u015bwiecie.\u00a0<\/span><\/p>\n<p class=\"p1\"><span class=\"s1\">6. Wszystkim przebywaj\u0105cym wakacjach i urlopach oraz planuj\u0105cym wjazdy \u017cyczymy dobrego i udanego odpoczynku. W imieniu policji prosimy o zachowanie w okresie letnim szczeg\u00f3lnej czujno\u015bci i w\u0142a\u015bciwe zabezpieczanie swoich mieszka\u0144 przed kradzie\u017c\u0105.<\/span><\/p>\n<\/div><\/section>\n","protected":false},"excerpt":{"rendered":"","protected":false},"author":1,"featured_media":46,"comment_status":"closed","ping_status":"open","sticky":false,"template":"","format":"standard","meta":{"ngg_post_thumbnail":0,"footnotes":""},"categories":[3],"tags":[],"class_list":["post-2749","post","type-post","status-publish","format-standard","has-post-thumbnail","hentry","category-ogloszenia-duszpasterskie"],"_links":{"self":[{"href":"https:\/\/mbloretanska.pl\/index.php?rest_route=\/wp\/v2\/posts\/2749","targetHints":{"allow":["GET"]}}],"collection":[{"href":"https:\/\/mbloretanska.pl\/index.php?rest_route=\/wp\/v2\/posts"}],"about":[{"href":"https:\/\/mbloretanska.pl\/index.php?rest_route=\/wp\/v2\/types\/post"}],"author":[{"embeddable":true,"href":"https:\/\/mbloretanska.pl\/index.php?rest_route=\/wp\/v2\/users\/1"}],"replies":[{"embeddable":true,"href":"https:\/\/mbloretanska.pl\/index.php?rest_route=%2Fwp%2Fv2%2Fcomments&post=2749"}],"version-history":[{"count":1,"href":"https:\/\/mbloretanska.pl\/index.php?rest_route=\/wp\/v2\/posts\/2749\/revisions"}],"predecessor-version":[{"id":2750,"href":"https:\/\/mbloretanska.pl\/index.php?rest_route=\/wp\/v2\/posts\/2749\/revisions\/2750"}],"wp:featuredmedia":[{"embeddable":true,"href":"https:\/\/mbloretanska.pl\/index.php?rest_route=\/wp\/v2\/media\/46"}],"wp:attachment":[{"href":"https:\/\/mbloretanska.pl\/index.php?rest_route=%2Fwp%2Fv2%2Fmedia&parent=2749"}],"wp:term":[{"taxonomy":"category","embeddable":true,"href":"https:\/\/mbloretanska.pl\/index.php?rest_route=%2Fwp%2Fv2%2Fcategories&post=2749"},{"taxonomy":"post_tag","embeddable":true,"href":"https:\/\/mbloretanska.pl\/index.php?rest_route=%2Fwp%2Fv2%2Ftags&post=2749"}],"curies":[{"name":"wp","href":"https:\/\/api.w.org\/{rel}","templated":true}]}}