{"id":2747,"date":"2019-07-21T00:36:50","date_gmt":"2019-07-20T22:36:50","guid":{"rendered":"http:\/\/mbloretanska.pl\/?p=2747"},"modified":"2019-07-21T00:36:52","modified_gmt":"2019-07-20T22:36:52","slug":"intencje-mszalne-21-27-07-2019","status":"publish","type":"post","link":"https:\/\/mbloretanska.pl\/?p=2747","title":{"rendered":"intencje mszalne 21-27.07.2019"},"content":{"rendered":"<section  class='av_textblock_section av-jyc41rwf-800b04b0fdbcadd494f394e2e36dda4c '   itemscope=\"itemscope\" itemtype=\"https:\/\/schema.org\/BlogPosting\" itemprop=\"blogPost\" ><div class='avia_textblock'  itemprop=\"text\" ><table width=\"712\">\n<tbody>\n<tr>\n<td colspan=\"2\" width=\"712\"><strong>Niedziela, <\/strong>21 lipca 2019<\/p>\n<p><strong>XVI NIEDZIELA ZWYK\u0141A<\/strong><\/td>\n<\/tr>\n<tr>\n<td colspan=\"2\" width=\"712\"><\/td>\n<\/tr>\n<tr>\n<td width=\"79\"><strong>7.00<\/strong><\/td>\n<td width=\"633\">+ Andrzeja OR\u0141OWSKIEGO (GR. 21)<\/td>\n<\/tr>\n<tr>\n<td width=\"79\"><strong>8.30<\/strong><\/td>\n<td width=\"633\">+ Stanis\u0142awa SUROWIEC (10 r. \u015bm.)<\/td>\n<\/tr>\n<tr>\n<td width=\"79\"><strong>10.00<\/strong><\/td>\n<td width=\"633\">+ Helen\u0119 i Tadeusza SZUBI\u0143SKICH, Alin\u0119 i Krzysztofa FIGIEL<\/td>\n<\/tr>\n<tr>\n<td width=\"79\"><strong>11.00<\/strong><\/td>\n<td width=\"633\">+ Aleksandra DE\u0141BAKOWSKIEGO (20 r. \u015bm.)<\/td>\n<\/tr>\n<tr>\n<td width=\"79\"><strong>12.30<\/strong><\/td>\n<td width=\"633\"><strong>ZBIOROWA: 1. za Parafian. <\/strong><\/p>\n<p><strong>2. O Bo\u017ce b\u0142ogos\u0142awie\u0144stwo\u00a0 dla Miko\u0142aja, Julii i Jagody (chrzest)\u00a0\u00a0\u00a0\u00a0\u00a0\u00a0\u00a0\u00a0 <\/strong><\/p>\n<p>3. Dzi\u0119kczynna i o Bo\u017ce b\u0142ogos\u0142awie\u0144stwo w 45 rocznic\u0119 \u015blubu pa\u0144stwa Leszka i Teresy DOMA\u0143SKICH<\/p>\n<p>4. + Jolant\u0119 W\u00d3JCICK\u0104 (12 r. \u015bm.)<\/p>\n<p>5. + Iren\u0119, Zygmunta i C.R. WIECZORK\u00d3W, Margaret i Freda GRAY<\/p>\n<p>6. + Magdalen\u0119 GUTOWSK\u0104 (im.)<\/p>\n<p>7. + Jadwig\u0119, Wac\u0142awa, Jerzego KO\u0141ODY\u0143SKICH<\/td>\n<\/tr>\n<tr>\n<td width=\"79\"><strong>18.00<\/strong><\/td>\n<td width=\"633\">+ Janusza (13 r. \u015bm.), Genowef\u0119, Wiktora, Paw\u0142a JASI\u0143SKICH, Aniel\u0119, Jana, Stanis\u0142aw\u0119, Piotra ZIELI\u0143SKICH, Tomasza KWAS<\/td>\n<\/tr>\n<tr>\n<td colspan=\"2\" width=\"712\"><strong>\u00a0<\/strong><\/p>\n<p><strong><a href=\"x-apple-data-detectors:\/\/4\">Poniedzia\u0142ek<\/a><\/strong><a href=\"x-apple-data-detectors:\/\/4\">, 22 lipca<\/a>\u00a0 2019<\/p>\n<p><strong>\u015aW. MARII MAGDALENY <\/strong>\u2013 \u015bwi\u0119to<\/p>\n<p><strong>\u00a0<\/strong><\/td>\n<\/tr>\n<tr>\n<td colspan=\"2\" width=\"712\"><strong>\u00a0<\/strong><\/td>\n<\/tr>\n<tr>\n<td width=\"79\"><strong>7.00<\/strong><\/td>\n<td width=\"633\">+ Andrzeja OR\u0141OWSKIEGO (GR. 22)<\/td>\n<\/tr>\n<tr>\n<td width=\"79\"><strong>8.00<\/strong><\/td>\n<td width=\"633\">+ Mari\u0119 i Leonarda J\u0118DRYSZK\u00d3W<\/td>\n<\/tr>\n<tr>\n<td width=\"79\"><strong>18.00<\/strong><\/td>\n<td width=\"633\">+ Zdzis\u0142awa i Ann\u0119 ZWOLI\u0143SKICH,<\/p>\n<p>J\u00f3zefa, Sabin\u0119 i Iren\u0119 DRABARK\u00d3W<\/td>\n<\/tr>\n<tr>\n<td colspan=\"2\" width=\"712\"><strong>\u00a0<\/strong><\/p>\n<p><strong><a href=\"x-apple-data-detectors:\/\/5\">Wtorek, <\/a><\/strong><a href=\"x-apple-data-detectors:\/\/5\">23 lipca<\/a>\u00a0 2019<\/p>\n<p><strong>\u015aW. BRYGIDY, zakonnicy, patronki Europy <\/strong>\u2013 \u015bwi\u0119to<\/p>\n<p><strong>\u00a0<\/strong><\/td>\n<\/tr>\n<tr>\n<td colspan=\"2\" width=\"712\"><strong>\u00a0<\/strong><\/td>\n<\/tr>\n<tr>\n<td width=\"79\"><\/td>\n<td width=\"633\"><\/td>\n<\/tr>\n<tr>\n<td width=\"79\"><strong>7.00<\/strong><\/td>\n<td width=\"633\">+ Andrzeja OR\u0141OWSKIEGO (GR. 23)<\/td>\n<\/tr>\n<tr>\n<td width=\"79\"><strong>8.00<\/strong><\/td>\n<td width=\"633\">+ Waldemara BEJM (2 r. \u015bm)<\/td>\n<\/tr>\n<tr>\n<td width=\"79\"><strong>18.00<\/strong><\/td>\n<td width=\"633\">+ Mariann\u0119 KRUSZESK\u0104 (10 r. \u015bm.)<\/td>\n<\/tr>\n<tr>\n<td colspan=\"2\" width=\"712\"><strong>\u00a0<\/strong><\/p>\n<p><strong><a href=\"x-apple-data-detectors:\/\/6\">\u015aroda, <\/a><\/strong><a href=\"x-apple-data-detectors:\/\/6\">24 lipca 2019<\/a><\/p>\n<p><strong>\u015aW. KINGI, dziewicy <\/strong>\u2013 wspomnienie<\/td>\n<\/tr>\n<tr>\n<td colspan=\"2\" width=\"712\"><strong>\u00a0<\/strong><\/td>\n<\/tr>\n<tr>\n<td width=\"79\"><strong>7.00<\/strong><\/td>\n<td width=\"633\">+ Andrzeja OR\u0141OWSKIEGO (GR. 24)<\/td>\n<\/tr>\n<tr>\n<td width=\"79\"><strong>8.00<\/strong><\/td>\n<td width=\"633\">+ Henryk\u0119 KLOCH w 1 r. \u015bm.<\/td>\n<\/tr>\n<tr>\n<td width=\"79\"><strong>18.00<\/strong><\/td>\n<td width=\"633\"><strong>NOWENNA DO MATKI BO\u017bEJ NIEUSTAJ\u0104CEJ POMOCY i MSZA \u015aW.<\/strong><\/p>\n<p>+Zdzis\u0142awa, Karolin\u0119 D\u0118BOWSKICH, J\u00f3zefa i Aniel\u0119 BOGURADZKICH, Stefani\u0119 B\u0104BOL<\/p>\n<p>+ Janin\u0119 \u0141UKASIEWICZ w 30 dni po \u015bmierci<\/p>\n<p>+ Mariann\u0119 i Mariana MIKO\u0141AJCZYK\u00d3W, Stefani\u0119 i J\u00f3zefa, Alicj\u0119 i Longina KO\u0141OSOWSKICH, C.R. KO\u0141OSOWSKICH, MIKO\u0141AJCZYK\u00d3W, SZYMA\u0143CZAK\u00d3W i BRYCZKOWSKICH<\/td>\n<\/tr>\n<tr>\n<td colspan=\"2\" width=\"712\"><strong>\u00a0<\/strong><\/p>\n<p><strong><a href=\"x-apple-data-detectors:\/\/7\">Czwartek<\/a><\/strong><a href=\"x-apple-data-detectors:\/\/7\">, 25 lipca 2019<\/a><\/p>\n<p><strong>\u015aW. JAKUBA Aposto\u0142a<\/strong>\u2013 \u015bwi\u0119to<\/td>\n<\/tr>\n<tr>\n<td colspan=\"2\" width=\"712\"><strong>\u00a0<\/strong><\/td>\n<\/tr>\n<tr>\n<td width=\"79\"><strong>7.00<\/strong><\/td>\n<td width=\"633\">+ Andrzeja OR\u0141OWSKIEGO (GR. 25)<\/td>\n<\/tr>\n<tr>\n<td width=\"79\"><strong>8.00<\/strong><\/td>\n<td width=\"633\">+ Henryka ZDUNIAKA w 6 m-cy po \u015bm. i z racji imienin<\/td>\n<\/tr>\n<tr>\n<td width=\"79\"><strong>18.00<\/strong><\/td>\n<td width=\"633\">\u00b7 \u00a0O Bo\u017ce b\u0142ogos\u0142awie\u0144stwo, \u0142ask\u0119 zdrowia i dary Ducha \u015aw.\u00a0\u00a0\u00a0\u00a0\u00a0\u00a0\u00a0\u00a0\u00a0\u00a0 dla p. Miros\u0142awy SUCHOCKIEJ<\/td>\n<\/tr>\n<tr>\n<td colspan=\"2\" width=\"712\"><strong>\u00a0<\/strong><\/p>\n<p><strong>\u00a0<\/strong><\/p>\n<p><strong><a href=\"x-apple-data-detectors:\/\/8\">Pi\u0105tek, <\/a><\/strong><a href=\"x-apple-data-detectors:\/\/8\">26 lipca 2019<\/a><\/p>\n<p><strong>\u015aW. JOACHIMA i ANNY, rodzic\u00f3w NMP <\/strong>\u2013 wspomnienie<\/td>\n<\/tr>\n<tr>\n<td colspan=\"2\" width=\"712\"><strong>\u00a0<\/strong><\/td>\n<\/tr>\n<tr>\n<td width=\"79\"><strong>7.00<\/strong><\/td>\n<td width=\"633\">+ Andrzeja OR\u0141OWSKIEGO (GR. 26)<\/td>\n<\/tr>\n<tr>\n<td width=\"79\"><strong>8.00<\/strong><\/td>\n<td width=\"633\">\u00b7 \u00a0Intencja dzi\u0119kczynna z racji 61 urodzin Roberta D\u0104BROWSKIEGO, z pro\u015bb\u0105 o Bo\u017ce b\u0142og., potrzebne \u0142aski i opiek\u0119 MB Loreta\u0144skiej<\/td>\n<\/tr>\n<tr>\n<td width=\"79\"><strong>18.00<\/strong><\/td>\n<td width=\"633\">+ Jerzego, Tadeusza, Stanis\u0142awa B\u0141ASZCZYK, Jana, Janin\u0119, Zygmunta, Andrzeja, Franciszka, Edwarda, Pelagi\u0119, Stanis\u0142awa KRAWCZYK, El\u017cbiet\u0119 i Jerzego PASIEKA<\/td>\n<\/tr>\n<tr>\n<td colspan=\"2\" width=\"712\"><strong>\u00a0<\/strong><\/p>\n<p><strong>\u00a0<\/strong><\/p>\n<p><strong><a href=\"x-apple-data-detectors:\/\/9\">Sobota<\/a><\/strong><a href=\"x-apple-data-detectors:\/\/9\">, 27 lipca 2019<\/a><\/td>\n<\/tr>\n<tr>\n<td colspan=\"2\" width=\"712\"><strong>\u00a0<\/strong><\/td>\n<\/tr>\n<tr>\n<td width=\"79\"><strong>7.00<\/strong><\/td>\n<td width=\"633\">+ Andrzeja OR\u0141OWSKIEGO (GR. 27)<\/td>\n<\/tr>\n<tr>\n<td width=\"79\"><strong>8.00<\/strong><\/td>\n<td width=\"633\">+ rodzic\u00f3w, m\u0119\u017ca i brata: Ann\u0119,Stefana, Andrzeja,Janka DIETRICH\u00d3W, ma\u0142\u017c. SALWAROWSKICH, Ann\u0119 KURYLAK, Mari\u0119 ZYGMUNTOWICZ<\/td>\n<\/tr>\n<tr>\n<td width=\"79\"><strong>18.00<\/strong><\/td>\n<td width=\"633\"><\/td>\n<\/tr>\n<\/tbody>\n<\/table>\n<\/div><\/section>\n","protected":false},"excerpt":{"rendered":"","protected":false},"author":1,"featured_media":1242,"comment_status":"closed","ping_status":"open","sticky":false,"template":"","format":"standard","meta":{"ngg_post_thumbnail":0,"footnotes":""},"categories":[6],"tags":[],"class_list":["post-2747","post","type-post","status-publish","format-standard","has-post-thumbnail","hentry","category-intencje-mszalne"],"_links":{"self":[{"href":"https:\/\/mbloretanska.pl\/index.php?rest_route=\/wp\/v2\/posts\/2747","targetHints":{"allow":["GET"]}}],"collection":[{"href":"https:\/\/mbloretanska.pl\/index.php?rest_route=\/wp\/v2\/posts"}],"about":[{"href":"https:\/\/mbloretanska.pl\/index.php?rest_route=\/wp\/v2\/types\/post"}],"author":[{"embeddable":true,"href":"https:\/\/mbloretanska.pl\/index.php?rest_route=\/wp\/v2\/users\/1"}],"replies":[{"embeddable":true,"href":"https:\/\/mbloretanska.pl\/index.php?rest_route=%2Fwp%2Fv2%2Fcomments&post=2747"}],"version-history":[{"count":1,"href":"https:\/\/mbloretanska.pl\/index.php?rest_route=\/wp\/v2\/posts\/2747\/revisions"}],"predecessor-version":[{"id":2748,"href":"https:\/\/mbloretanska.pl\/index.php?rest_route=\/wp\/v2\/posts\/2747\/revisions\/2748"}],"wp:featuredmedia":[{"embeddable":true,"href":"https:\/\/mbloretanska.pl\/index.php?rest_route=\/wp\/v2\/media\/1242"}],"wp:attachment":[{"href":"https:\/\/mbloretanska.pl\/index.php?rest_route=%2Fwp%2Fv2%2Fmedia&parent=2747"}],"wp:term":[{"taxonomy":"category","embeddable":true,"href":"https:\/\/mbloretanska.pl\/index.php?rest_route=%2Fwp%2Fv2%2Fcategories&post=2747"},{"taxonomy":"post_tag","embeddable":true,"href":"https:\/\/mbloretanska.pl\/index.php?rest_route=%2Fwp%2Fv2%2Ftags&post=2747"}],"curies":[{"name":"wp","href":"https:\/\/api.w.org\/{rel}","templated":true}]}}