{"id":2744,"date":"2019-07-14T23:19:04","date_gmt":"2019-07-14T21:19:04","guid":{"rendered":"http:\/\/mbloretanska.pl\/?p=2744"},"modified":"2019-07-14T23:20:38","modified_gmt":"2019-07-14T21:20:38","slug":"xv-niedziela-zwykla-14-07-2019","status":"publish","type":"post","link":"https:\/\/mbloretanska.pl\/?p=2744","title":{"rendered":"XV niedziela zwyk\u0142a, 14.07.2019"},"content":{"rendered":"<section  class='av_textblock_section av-jy3gm1be-7c5220ba64a95c357dcc12b9c35a359f '   itemscope=\"itemscope\" itemtype=\"https:\/\/schema.org\/BlogPosting\" itemprop=\"blogPost\" ><div class='avia_textblock'  itemprop=\"text\" ><p>1. Dzi\u0119kujemy za ofiary z\u0142o\u017cone dzi\u015b na tac\u0119, kt\u00f3re zostan\u0105 przeznaczone na r\u00f3\u017cne inwestycje parafialne.<\/p>\n<p>2. Od przysz\u0142ej niedzieli przez kilka tygodni w pracy duszpasterskiej w naszej parafii b\u0119dzie pomaga\u0142 ks. Sylwester Bryska \u2013 tegoroczny neoprezbiter. Przyjmijmy go \u017cyczliwie i otoczmy modlitw\u0105, aby czu\u0142 si\u0119 u nas jak w domu i by jego pos\u0142uga by\u0142a owocna dla naszej wsp\u00f3lnoty parafialnej.<\/p>\n<p>3.\u00a0 <span style=\"color: #000000;\">Za tydzie\u0144, w niedziel\u0119 21 lipca z racji zbli\u017caj\u0105cego si\u0119 wspomnienia \u015bw. Krzysztofa\u00a0<\/span><span style=\"color: #000000;\">patrona kierowc\u00f3w, na ka\u017cdej Mszy \u015aw. b\u0119dzie specjalne b\u0142ogos\u0142awie\u0144stwo dla wszystkich uczestnik\u00f3w ruchu drogowego. Gdyby kto\u015b chcia\u0142 indywidualnie po\u015bwi\u0119ci\u0107 swoje auto, motocykl, skuter, rower lub hulajnog\u0119, zapraszamy w tygodniu po Mszy \u015bw. na parking przy plebanii. <\/span><\/p>\n<p>4. Zbli\u017ca si\u0119 czas pielgrzymek na Jasn\u0105 G\u00f3r\u0119. Zapraszamy do wsp\u00f3lnego pielgrzymowania w grupie fioletowej WAPM\u00a0 &#8211; informacje u ks. Jarka.<\/p>\n<p>5. W\u015br\u00f3d wakacyjnych lektur warto si\u0119gn\u0105\u0107 po tygodnik <i>Idziemy. <\/i>\u00a0Na stoliku prasowym znajdziemy te\u017c podw\u00f3jny, letni numer magazynu katolickiego <i>Tak rodzinie<\/i>. Bardzo ciekawa forma graficzna i r\u00f3\u017cnorodno\u015b\u0107 temat\u00f3w gwarantuj\u0105, \u017ce ka\u017cdy znajdzie co\u015b ciekawego dla siebie. Magazyn \u015bwietnie nadaje si\u0119 te\u017c do zabrania na czas podr\u00f3\u017cy.<\/p>\n<p>6. Wszystkim przebywaj\u0105cym wakacjach i urlopach oraz planuj\u0105cym wjazdy \u017cyczymy udanego odpoczynku. Podczas wyjazd\u00f3w nie rezygnujmy z niedzielnej Mszy \u015bw. aby odpoczywa\u0107 w pe\u0142nym tego s\u0142owa znaczeniu.<\/p>\n<\/div><\/section>\n","protected":false},"excerpt":{"rendered":"","protected":false},"author":1,"featured_media":46,"comment_status":"closed","ping_status":"open","sticky":false,"template":"","format":"standard","meta":{"ngg_post_thumbnail":0,"footnotes":""},"categories":[3],"tags":[],"class_list":["post-2744","post","type-post","status-publish","format-standard","has-post-thumbnail","hentry","category-ogloszenia-duszpasterskie"],"_links":{"self":[{"href":"https:\/\/mbloretanska.pl\/index.php?rest_route=\/wp\/v2\/posts\/2744","targetHints":{"allow":["GET"]}}],"collection":[{"href":"https:\/\/mbloretanska.pl\/index.php?rest_route=\/wp\/v2\/posts"}],"about":[{"href":"https:\/\/mbloretanska.pl\/index.php?rest_route=\/wp\/v2\/types\/post"}],"author":[{"embeddable":true,"href":"https:\/\/mbloretanska.pl\/index.php?rest_route=\/wp\/v2\/users\/1"}],"replies":[{"embeddable":true,"href":"https:\/\/mbloretanska.pl\/index.php?rest_route=%2Fwp%2Fv2%2Fcomments&post=2744"}],"version-history":[{"count":2,"href":"https:\/\/mbloretanska.pl\/index.php?rest_route=\/wp\/v2\/posts\/2744\/revisions"}],"predecessor-version":[{"id":2746,"href":"https:\/\/mbloretanska.pl\/index.php?rest_route=\/wp\/v2\/posts\/2744\/revisions\/2746"}],"wp:featuredmedia":[{"embeddable":true,"href":"https:\/\/mbloretanska.pl\/index.php?rest_route=\/wp\/v2\/media\/46"}],"wp:attachment":[{"href":"https:\/\/mbloretanska.pl\/index.php?rest_route=%2Fwp%2Fv2%2Fmedia&parent=2744"}],"wp:term":[{"taxonomy":"category","embeddable":true,"href":"https:\/\/mbloretanska.pl\/index.php?rest_route=%2Fwp%2Fv2%2Fcategories&post=2744"},{"taxonomy":"post_tag","embeddable":true,"href":"https:\/\/mbloretanska.pl\/index.php?rest_route=%2Fwp%2Fv2%2Ftags&post=2744"}],"curies":[{"name":"wp","href":"https:\/\/api.w.org\/{rel}","templated":true}]}}