{"id":2742,"date":"2019-07-13T23:40:55","date_gmt":"2019-07-13T21:40:55","guid":{"rendered":"http:\/\/mbloretanska.pl\/?p=2742"},"modified":"2019-07-13T23:40:57","modified_gmt":"2019-07-13T21:40:57","slug":"intencje-mszalne-14-20-07-2019","status":"publish","type":"post","link":"https:\/\/mbloretanska.pl\/?p=2742","title":{"rendered":"intencje mszalne 14-20.07.2019"},"content":{"rendered":"<section  class='av_textblock_section av-jy21yjci-e9461b3f4e2a92b5af21d85f8616ca5a '   itemscope=\"itemscope\" itemtype=\"https:\/\/schema.org\/BlogPosting\" itemprop=\"blogPost\" ><div class='avia_textblock'  itemprop=\"text\" ><table width=\"712\">\n<tbody>\n<tr>\n<td colspan=\"2\" width=\"712\"><strong>Niedziela, <\/strong>14 lipca 2019<\/p>\n<p><strong>XV NIEDZIELA ZWYK\u0141A<\/strong><\/td>\n<\/tr>\n<tr>\n<td colspan=\"2\" width=\"712\"><\/td>\n<\/tr>\n<tr>\n<td width=\"79\"><strong>7.00<\/strong><\/td>\n<td width=\"633\">+ Andrzeja OR\u0141OWSKIEGO (GR. 14)<\/td>\n<\/tr>\n<tr>\n<td width=\"79\"><strong>8.30<\/strong><\/td>\n<td width=\"633\">+ Mariann\u0119 i Janusza MALENT\u00d3W, Wac\u0142awa OLESZCZUKA,<\/p>\n<p>C.R. KO\u0143K\u00d3W, MALENT\u00d3W, MATE\u0143K\u00d3W i OLESZCZUK\u00d3W<\/td>\n<\/tr>\n<tr>\n<td width=\"79\"><strong>10.00<\/strong><\/td>\n<td width=\"633\">+ Mariann\u0119 i Jana JAGODZI\u0143SKICH<\/td>\n<\/tr>\n<tr>\n<td width=\"79\"><strong>11.00<\/strong><\/td>\n<td width=\"633\">+ Laur\u0119, W\u0142adys\u0142awa, Piotra, Andrzeja i Marka BABIK\u00d3W, Stanis\u0142aw\u0119 i Wojciecha CIECHOMSKICH<\/td>\n<\/tr>\n<tr>\n<td width=\"79\"><strong>12.30<\/strong><\/td>\n<td width=\"633\"><strong>ZBIOROWA: <\/strong><strong>1. za Parafian.<\/strong><\/p>\n<p>2. Dzi\u0119kczynna w 100 rocznic\u0119 urodzin p. Henryki WERETA z pro\u015bb\u0105 o dalsze Bo\u017ce b\u0142ogos\u0142awie\u0144stwo, zdrowie, opiek\u0119 \u015bw. Antoniego i Matki Bo\u017cej na dalsze lata \u017cycia.<\/p>\n<p>3. Dzi\u0119kczynna i o Bo\u017ce b\u0142ogos\u0142awie\u0144stwo w 1 rocznic\u0119 \u015blubu Olgierda i Karoliny UZI\u0118B\u0141\u00d3W<\/p>\n<p>4. + Jacka JACKOWSKIEGO w 12 r. \u015bm., jego ojca Wies\u0142awa w 40 r. tragicznej \u015bmierci, C.R. JACKOWSKICH, Janin\u0119, Micha\u0142a i C.R. WIERZB\u00d3W, Ma\u0142gorzat\u0119 i C.R. ZWIERZY\u0143SKICH<\/p>\n<p>5. + Ryszarda KORCZY\u0143SKIEGO w 1 r. \u015bm.<\/td>\n<\/tr>\n<tr>\n<td width=\"79\"><strong>18.00<\/strong><\/td>\n<td width=\"633\">+ Stefani\u0119 STA\u0143CZUK,W\u0142adys\u0142aw\u0119 i Kazimierza oraz C.R.SIEKLUCKICH<\/td>\n<\/tr>\n<tr>\n<td colspan=\"2\" width=\"712\"><strong>Poniedzia\u0142ek<\/strong>, 15 lipca\u00a0 2019<\/p>\n<p><strong>\u015aW. BONAWENTURY, biskupa i doktora <\/strong><strong>Ko\u015bcio\u0142a <\/strong>\u2013 wspomnienie<\/td>\n<\/tr>\n<tr>\n<td colspan=\"2\" width=\"712\"><strong>\u00a0<\/strong><\/td>\n<\/tr>\n<tr>\n<td width=\"79\"><strong>7.00<\/strong><\/td>\n<td width=\"633\">+ Andrzeja OR\u0141OWSKIEGO (GR. 15)<\/td>\n<\/tr>\n<tr>\n<td width=\"79\"><strong>8.00<\/strong><\/td>\n<td width=\"633\">+ Genowef\u0119 STARZYK (19 r. \u015bm.), Stanis\u0142awa \u0141\u0104CKIEGO (38 r. \u015bm.) oraz zmar\u0142ych rodzic\u00f3w i rodze\u0144stwo<\/td>\n<\/tr>\n<tr>\n<td width=\"79\"><strong>18.00<\/strong><\/td>\n<td width=\"633\">+ W\u0142odzimierza WOJCIESZUKA (im.)<\/td>\n<\/tr>\n<tr>\n<td colspan=\"2\" width=\"712\"><strong>\u00a0<\/strong><\/p>\n<p><strong>Wtorek, <\/strong>16 lipca\u00a0 2019<\/p>\n<p><strong>NAJ\u015aWI\u0118TSZEJ MARYI PANNY z G\u00d3RY KARMEL<\/strong> \u2013 wspomnienie<\/td>\n<\/tr>\n<tr>\n<td colspan=\"2\" width=\"712\"><strong>\u00a0<\/strong><\/td>\n<\/tr>\n<tr>\n<td width=\"79\"><\/td>\n<td width=\"633\"><\/td>\n<\/tr>\n<tr>\n<td width=\"79\"><strong>7.00<\/strong><\/td>\n<td width=\"633\">+ Zofi\u0119 LASKOWSK\u0104 w 7 m-cy po \u015bmierci<\/td>\n<\/tr>\n<tr>\n<td width=\"79\"><strong>8.00<\/strong><\/td>\n<td width=\"633\">+ Andrzeja OR\u0141OWSKIEGO (GR. 16)<\/td>\n<\/tr>\n<tr>\n<td width=\"79\"><strong>18.00<\/strong><\/td>\n<td width=\"633\">+ C.R. OSOWIECKICH, GADOMSKICH, KOWALSKICH, PEPI\u0143SKICH, MATOSZK\u00d3W i WINTER\u00d3W<\/td>\n<\/tr>\n<tr>\n<td colspan=\"2\" width=\"712\"><strong>\u015aroda, <\/strong>17 lipca 2019<\/td>\n<\/tr>\n<tr>\n<td colspan=\"2\" width=\"712\"><strong>\u00a0<\/strong><\/td>\n<\/tr>\n<tr>\n<td width=\"79\"><strong>7.00<\/strong><\/td>\n<td width=\"633\">+ Andrzeja OR\u0141OWSKIEGO (GR. 17)<\/td>\n<\/tr>\n<tr>\n<td width=\"79\"><strong>8.00<\/strong><\/td>\n<td width=\"633\">\u00b7 Dzi\u0119kczynna w 90 rocznic\u0119 urodzin p. Anny MA\u0141ACHOWSKIEJ<\/p>\n<p>z pro\u015bb\u0105 o dalsze Bo\u017ce b\u0142og. i potrzebne \u0142aski w dalszym \u017cyciu.<\/td>\n<\/tr>\n<tr>\n<td width=\"79\"><strong>18.00<\/strong><\/td>\n<td width=\"633\"><strong>NOWENNA DO MATKI BO<\/strong><strong>\u017b<\/strong><strong>EJ NIEUSTAJ<\/strong><strong>\u0104<\/strong><strong>CEJ POMOCY i MSZA \u015aW.<\/strong><\/p>\n<p>Dzi\u0119kczynna z pro\u015bb\u0105 o dalsze Bo\u017ce b\u0142og. i potrzebne \u0142aski w dalszym \u017cyciu dla p. Heleny BACH w 80 rocznic\u0119 urodzin i dla C.R.<\/p>\n<p>+Jadwig\u0119 MI\u0104SEK w 1 r. \u015bm. i Stefana MI\u0104SEK<\/p>\n<p>+ Barbar\u0119 SZABIEWSK\u0104 w 30 dni po \u015bmierci<\/p>\n<p>+ Wies\u0142awa Piotra KRUPA w 30 dni po \u015bm.<\/p>\n<p>+Alicj\u0119 Zofi\u0119 KOSZUTA 30 dni po \u015bm.<\/td>\n<\/tr>\n<tr>\n<td colspan=\"2\" width=\"712\"><strong>Czwartek<\/strong>, 18 lipca 2019<\/td>\n<\/tr>\n<tr>\n<td colspan=\"2\" width=\"712\"><strong>\u00a0<\/strong><\/td>\n<\/tr>\n<tr>\n<td width=\"79\"><strong>7.00<\/strong><\/td>\n<td width=\"633\">+ Andrzeja OR\u0141OWSKIEGO (GR. 18)<\/td>\n<\/tr>\n<tr>\n<td width=\"79\"><strong>8.00<\/strong><\/td>\n<td width=\"633\">+ Franciszka URBANKA (12 r. \u015bm.)<\/td>\n<\/tr>\n<tr>\n<td width=\"79\"><strong>18.00<\/strong><\/td>\n<td width=\"633\">+ Sebastiana JAB\u0141O\u0143SKIEGO (11 r. \u015bm.)<\/td>\n<\/tr>\n<tr>\n<td colspan=\"2\" width=\"712\"><strong>Pi\u0105tek, <\/strong>19 lipca 2019<\/td>\n<\/tr>\n<tr>\n<td colspan=\"2\" width=\"712\"><strong>\u00a0<\/strong><\/td>\n<\/tr>\n<tr>\n<td width=\"79\"><strong>7.00<\/strong><\/td>\n<td width=\"633\">+ Andrzeja OR\u0141OWSKIEGO (GR. 19)<\/td>\n<\/tr>\n<tr>\n<td width=\"79\"><strong>8.00<\/strong><\/td>\n<td width=\"633\">+ Jana i Wies\u0142awa WOJCIECHOWICZ\u00d3W<\/td>\n<\/tr>\n<tr>\n<td width=\"79\"><strong>18.00<\/strong><\/td>\n<td width=\"633\">+ Helen\u0119, J\u00f3zefa, Waldemara, Barnab\u0119 ZBROSZCZYK<\/p>\n<p>oraz Jana GLI\u0143SKIEGO<\/td>\n<\/tr>\n<tr>\n<td colspan=\"2\" width=\"712\"><strong>Sobota<\/strong>, 20 lipca 2019<\/td>\n<\/tr>\n<tr>\n<td colspan=\"2\" width=\"712\"><strong>\u00a0<\/strong><\/td>\n<\/tr>\n<tr>\n<td width=\"79\"><strong>7.00<\/strong><\/td>\n<td width=\"633\">+ Andrzeja OR\u0141OWSKIEGO (GR. 20)<\/td>\n<\/tr>\n<tr>\n<td width=\"79\"><strong>8.00<\/strong><\/td>\n<td width=\"633\">\u00b7 \u00a0O Bo\u017ce b\u0142ogos\u0142awie\u0144stwo, \u0142ask\u0119 zdrowia i dary Ducha \u015aw. dla p. Czes\u0142awy SUCHODOLSKIEJ (im.)<\/td>\n<\/tr>\n<tr>\n<td width=\"79\"><strong>18.00<\/strong><\/td>\n<td width=\"633\">+ Czes\u0142awa RACZKOWSKIEGO (im.)<\/td>\n<\/tr>\n<\/tbody>\n<\/table>\n<\/div><\/section>\n","protected":false},"excerpt":{"rendered":"","protected":false},"author":1,"featured_media":1242,"comment_status":"closed","ping_status":"open","sticky":false,"template":"","format":"standard","meta":{"ngg_post_thumbnail":0,"footnotes":""},"categories":[6],"tags":[],"class_list":["post-2742","post","type-post","status-publish","format-standard","has-post-thumbnail","hentry","category-intencje-mszalne"],"_links":{"self":[{"href":"https:\/\/mbloretanska.pl\/index.php?rest_route=\/wp\/v2\/posts\/2742","targetHints":{"allow":["GET"]}}],"collection":[{"href":"https:\/\/mbloretanska.pl\/index.php?rest_route=\/wp\/v2\/posts"}],"about":[{"href":"https:\/\/mbloretanska.pl\/index.php?rest_route=\/wp\/v2\/types\/post"}],"author":[{"embeddable":true,"href":"https:\/\/mbloretanska.pl\/index.php?rest_route=\/wp\/v2\/users\/1"}],"replies":[{"embeddable":true,"href":"https:\/\/mbloretanska.pl\/index.php?rest_route=%2Fwp%2Fv2%2Fcomments&post=2742"}],"version-history":[{"count":1,"href":"https:\/\/mbloretanska.pl\/index.php?rest_route=\/wp\/v2\/posts\/2742\/revisions"}],"predecessor-version":[{"id":2743,"href":"https:\/\/mbloretanska.pl\/index.php?rest_route=\/wp\/v2\/posts\/2742\/revisions\/2743"}],"wp:featuredmedia":[{"embeddable":true,"href":"https:\/\/mbloretanska.pl\/index.php?rest_route=\/wp\/v2\/media\/1242"}],"wp:attachment":[{"href":"https:\/\/mbloretanska.pl\/index.php?rest_route=%2Fwp%2Fv2%2Fmedia&parent=2742"}],"wp:term":[{"taxonomy":"category","embeddable":true,"href":"https:\/\/mbloretanska.pl\/index.php?rest_route=%2Fwp%2Fv2%2Fcategories&post=2742"},{"taxonomy":"post_tag","embeddable":true,"href":"https:\/\/mbloretanska.pl\/index.php?rest_route=%2Fwp%2Fv2%2Ftags&post=2742"}],"curies":[{"name":"wp","href":"https:\/\/api.w.org\/{rel}","templated":true}]}}