{"id":2738,"date":"2019-07-07T01:16:21","date_gmt":"2019-07-06T23:16:21","guid":{"rendered":"http:\/\/mbloretanska.pl\/?p=2738"},"modified":"2019-07-07T01:18:35","modified_gmt":"2019-07-06T23:18:35","slug":"xiv-niedziela-zwykla-07-07-2019","status":"publish","type":"post","link":"https:\/\/mbloretanska.pl\/?p=2738","title":{"rendered":"XIV niedziela zwyk\u0142a, 07.07.2019"},"content":{"rendered":"<section  class='av_textblock_section av-jxs5ayjj-e9cdf5ea0c3fbd62bbe1614a4fd54132 '   itemscope=\"itemscope\" itemtype=\"https:\/\/schema.org\/BlogPosting\" itemprop=\"blogPost\" ><div class='avia_textblock'  itemprop=\"text\" ><p>1. Z<span style=\"color: #000000; font-family: Times New Roman;\"> racji I niedzieli miesi\u0105ca\u00a0 o godz. 16.00\u00a0 spotkanie K\u00f3\u0142 \u017bywego R\u00f3\u017ca\u0144ca.O 17.00 wystawienie Naj\u015bwi\u0119tszego Sakramentu, a o 17.30 nabo\u017ce\u0144stwo eucharystyczne. <\/span><\/p>\n<p>2. W czwartek 11 lipca \u015bwi\u0119to \u015bw. Benedykta patrona Europy. W tym dniu tak\u017ce ewangelizatorzy katolickiej wsp\u00f3lnoty Przymierze Mi\u0142osierdzia odwiedz\u0105 nasze mieszkania, aby si\u0119 z nami pomodli\u0107, podzieli\u0107 rado\u015bci\u0105 Ewangelii, porozmawia\u0107.\u00a0Przyjmijmy ich w duchu chrze\u015bcija\u0144skiej go\u015bcinno\u015bci.<\/p>\n<p>3. W sobot\u0119 13 lipca zapraszamy po Mszy wieczornej na kolejne nabo\u017ce\u0144stwo fatimskie.<\/p>\n<p>4. Siostry Benedyktynki, kt\u00f3re go\u015bci\u0142y w naszej parafii dwa tygodnie temu serdecznie dzi\u0119kuj\u0105 za okazan\u0105 \u017cyczliwo\u015b\u0107 i zapewniaj\u0105 o modlitwie w podanych przez parafian intencjach. Dzi\u0119kuj\u0105 tak\u017ce za materialne wsparcie, kt\u00f3re otrzyma\u0142y w kwocie 9646, 44 PLN.<\/p>\n<p>5. W przysz\u0142\u0105 niedziel\u0119 z racji II niedzieli miesi\u0105ca taca na inwestycje parafialne.<\/p>\n<p>6. Zbli\u017ca si\u0119 czas pielgrzymek na Jasn\u0105 G\u00f3r\u0119. Zapraszamy do wsp\u00f3lnego pielgrzymowania w grupie fioletowej WAPM\u00a0 &#8211; informacje u ks. Jarka.<\/p>\n<p>7. W\u015br\u00f3d wakacyjnych lektur warto si\u0119gn\u0105\u0107 po tygodnik <i>Idziemy<\/i>, kt\u00f3ry jest dobrym przewodnikiem po otaczaj\u0105cym nas \u015bwiecie.<\/p>\n<p>8. W tym tygodniu po\u017cegnali\u015bmy w naszej parafii \u015bp. Andrzeja Szyd\u0142o. Pole\u0107my go Bo\u017cemu mi\u0142osierdziu we wsp\u00f3lnej modlitwie.<\/p>\n<\/div><\/section>\n","protected":false},"excerpt":{"rendered":"","protected":false},"author":1,"featured_media":46,"comment_status":"closed","ping_status":"open","sticky":false,"template":"","format":"standard","meta":{"ngg_post_thumbnail":0,"footnotes":""},"categories":[3],"tags":[],"class_list":["post-2738","post","type-post","status-publish","format-standard","has-post-thumbnail","hentry","category-ogloszenia-duszpasterskie"],"_links":{"self":[{"href":"https:\/\/mbloretanska.pl\/index.php?rest_route=\/wp\/v2\/posts\/2738","targetHints":{"allow":["GET"]}}],"collection":[{"href":"https:\/\/mbloretanska.pl\/index.php?rest_route=\/wp\/v2\/posts"}],"about":[{"href":"https:\/\/mbloretanska.pl\/index.php?rest_route=\/wp\/v2\/types\/post"}],"author":[{"embeddable":true,"href":"https:\/\/mbloretanska.pl\/index.php?rest_route=\/wp\/v2\/users\/1"}],"replies":[{"embeddable":true,"href":"https:\/\/mbloretanska.pl\/index.php?rest_route=%2Fwp%2Fv2%2Fcomments&post=2738"}],"version-history":[{"count":1,"href":"https:\/\/mbloretanska.pl\/index.php?rest_route=\/wp\/v2\/posts\/2738\/revisions"}],"predecessor-version":[{"id":2739,"href":"https:\/\/mbloretanska.pl\/index.php?rest_route=\/wp\/v2\/posts\/2738\/revisions\/2739"}],"wp:featuredmedia":[{"embeddable":true,"href":"https:\/\/mbloretanska.pl\/index.php?rest_route=\/wp\/v2\/media\/46"}],"wp:attachment":[{"href":"https:\/\/mbloretanska.pl\/index.php?rest_route=%2Fwp%2Fv2%2Fmedia&parent=2738"}],"wp:term":[{"taxonomy":"category","embeddable":true,"href":"https:\/\/mbloretanska.pl\/index.php?rest_route=%2Fwp%2Fv2%2Fcategories&post=2738"},{"taxonomy":"post_tag","embeddable":true,"href":"https:\/\/mbloretanska.pl\/index.php?rest_route=%2Fwp%2Fv2%2Ftags&post=2738"}],"curies":[{"name":"wp","href":"https:\/\/api.w.org\/{rel}","templated":true}]}}