{"id":2735,"date":"2019-07-07T01:07:56","date_gmt":"2019-07-06T23:07:56","guid":{"rendered":"http:\/\/mbloretanska.pl\/?p=2735"},"modified":"2019-07-07T01:10:47","modified_gmt":"2019-07-06T23:10:47","slug":"2735","status":"publish","type":"post","link":"https:\/\/mbloretanska.pl\/?p=2735","title":{"rendered":"intencje mszalne 07-13.07.2019"},"content":{"rendered":"<section  class='av_textblock_section av-jxs516dt-8a732cb627030c9653a7220d9e0e61aa '   itemscope=\"itemscope\" itemtype=\"https:\/\/schema.org\/BlogPosting\" itemprop=\"blogPost\" ><div class='avia_textblock'  itemprop=\"text\" ><table width=\"712\">\n<tbody>\n<tr>\n<td colspan=\"2\" width=\"712\"><strong>Niedziela, <\/strong>7 lipca 2019<\/p>\n<p><strong>XIV NIEDZIELA ZWYK\u0141A<\/strong><\/td>\n<\/tr>\n<tr>\n<td colspan=\"2\" width=\"712\"><\/td>\n<\/tr>\n<tr>\n<td width=\"79\"><strong>7.00<\/strong><\/td>\n<td width=\"633\">+ Andrzeja OR\u0141OWSKIEGO (GR. 7)<\/td>\n<\/tr>\n<tr>\n<td width=\"79\"><strong>8.30<\/strong><\/td>\n<td width=\"633\">+ Kazimier\u0119, Wincentego, El\u017cbiet\u0119, Stanis\u0142awa, Zofi\u0119, Jana, Roberta KULPAN, Zofi\u0119, W\u0142adys\u0142awa, Mari\u0119 KOCI\u0118CKICH oraz dziadk\u00f3w<\/td>\n<\/tr>\n<tr>\n<td width=\"79\"><strong>10.00<\/strong><\/td>\n<td width=\"633\">+ Teres\u0119 ZIELI\u0143SK\u0104 (5 r.\u015bm.), oraz jej rodzic\u00f3w Bronis\u0142aw\u0119 i Stanis\u0142awa CHARUB\u00d3W<\/td>\n<\/tr>\n<tr>\n<td width=\"79\"><strong>11.00<\/strong><\/td>\n<td width=\"633\">+ Mariana \u017bO\u0141\u0104DKA, C.R. \u017bO\u0141\u0104DK\u00d3W, SADOCH i SALACH<\/td>\n<\/tr>\n<tr>\n<td width=\"79\"><strong>12.30<\/strong><\/td>\n<td width=\"633\"><strong>ZBIOROWA: <\/strong><strong>0. za Parafian.<\/strong><\/p>\n<p><strong>1. O Bo\u017ce b\u0142ogos\u0142awie\u0144stwo dla Klary Zofii i Natalii (chrzest)<\/strong><\/p>\n<p>2. O Bo\u017ce b\u0142ogos\u0142awie\u0144stwo, pomy\u015bln\u0105 operacj\u0119 i zdrowie dla Jana<\/p>\n<p>3. Dzi\u0119kczynna za Bo\u017c\u0105 opiek\u0119 z pro\u015bb\u0105 o dalsze b\u0142ogos\u0142awie\u0144stwo\u00a0\u00a0 i potrzebne \u0142aski dla Teresy KWIATKOWSKIEJ i C.R.<\/p>\n<p>4. + Jana WO\u0179NICKIEGO w 2 r. \u015bm.<\/p>\n<p>5. + Leszka FURMANIKA w 7 r. \u015bm.<\/td>\n<\/tr>\n<tr>\n<td width=\"79\"><strong>18.00<\/strong><\/td>\n<td width=\"633\">+ Krzysztofa WNUKA w 1 r. \u015bm.<\/td>\n<\/tr>\n<tr>\n<td colspan=\"2\" width=\"712\"><strong>\u00a0<\/strong><\/p>\n<p><strong><a href=\"x-apple-data-detectors:\/\/2\">Poniedzia\u0142ek<\/a><\/strong><a href=\"x-apple-data-detectors:\/\/2\">, 8 lipca<\/a>\u00a0 2019<\/p>\n<p><strong>\u015aW. JANA z DUKLI, prezbitera<\/strong> \u2013 wspomnienie<\/p>\n<p><strong>\u00a0<\/strong><\/p>\n<p><strong>\u00a0<\/strong><\/td>\n<\/tr>\n<tr>\n<td colspan=\"2\" width=\"712\"><strong>\u00a0<\/strong><\/td>\n<\/tr>\n<tr>\n<td width=\"79\"><strong>7.00<\/strong><\/td>\n<td width=\"633\">+ Andrzeja OR\u0141OWSKIEGO (GR. 8)<\/td>\n<\/tr>\n<tr>\n<td width=\"79\"><strong>8.00<\/strong><\/td>\n<td width=\"633\">+ Janin\u0119 \u0141UKASIEWICZ, Adriana KOTOWSKIEGO<\/td>\n<\/tr>\n<tr>\n<td width=\"79\"><strong>18.00<\/strong><\/td>\n<td width=\"633\">+ Konrada ANTONIUKA w 9 r. \u015bm.<\/td>\n<\/tr>\n<tr>\n<td colspan=\"2\" width=\"712\"><strong>\u00a0<\/strong><\/p>\n<p><strong><a href=\"x-apple-data-detectors:\/\/3\">Wtorek,<\/a> <\/strong><a href=\"x-apple-data-detectors:\/\/3\">9 lipca<\/a>\u00a0 <a href=\"x-apple-data-detectors:\/\/3\">2019<\/a><\/p>\n<p><strong>\u00a0<\/strong><\/td>\n<\/tr>\n<tr>\n<td colspan=\"2\" width=\"712\"><strong>\u00a0<\/strong><\/td>\n<\/tr>\n<tr>\n<td width=\"79\"><\/td>\n<td width=\"633\"><\/td>\n<\/tr>\n<tr>\n<td width=\"79\"><strong>7.00<\/strong><\/td>\n<td width=\"633\">+ Andrzeja OR\u0141OWSKIEGO (GR. 9)<\/td>\n<\/tr>\n<tr>\n<td width=\"79\"><strong>8.00<\/strong><\/td>\n<td width=\"633\">\u00b7\u00a0\u00a0\u00a0 O dary Ducha \u015aw. i potrzebne \u0142aski dla Miros\u0142awa w rocznic\u0119 ur.<\/td>\n<\/tr>\n<tr>\n<td width=\"79\"><strong>18.00<\/strong><\/td>\n<td width=\"633\">\u00b7\u00a0\u00a0\u00a0 Dzi\u0119kczynno- b\u0142agalna w 42 r. \u015blubu Krystyny i Jana z pro\u015bb\u0105 o Bo\u017ce b\u0142ogos\u0142awie\u0144stwo i potrzebne \u0142aski dla Jubilat\u00f3w i C.R.<\/td>\n<\/tr>\n<tr>\n<td colspan=\"2\" width=\"712\"><strong>\u00a0<\/strong><\/p>\n<p><strong><a href=\"x-apple-data-detectors:\/\/4\">\u015aroda,<\/a> <\/strong><a href=\"x-apple-data-detectors:\/\/4\">10 lipca<\/a> <a href=\"x-apple-data-detectors:\/\/4\">2019<\/a><\/td>\n<\/tr>\n<tr>\n<td colspan=\"2\" width=\"712\"><strong>\u00a0<\/strong><\/td>\n<\/tr>\n<tr>\n<td width=\"79\"><strong>7.00<\/strong><\/td>\n<td width=\"633\">+ Andrzeja OR\u0141OWSKIEGO (GR. 10)<\/td>\n<\/tr>\n<tr>\n<td width=\"79\"><strong>8.00<\/strong><\/td>\n<td width=\"633\"><\/td>\n<\/tr>\n<tr>\n<td width=\"79\"><strong>18.00<\/strong><\/td>\n<td width=\"633\"><strong>NOWENNA DO MATKI BO<\/strong><strong>\u017b<\/strong><strong>EJ NIEUSTAJ<\/strong><strong>\u0104<\/strong><strong>CEJ POMOCY i MSZA \u015aW.<\/strong><\/td>\n<\/tr>\n<tr>\n<td colspan=\"2\" width=\"712\"><strong>\u00a0<\/strong><\/p>\n<p><strong><a href=\"x-apple-data-detectors:\/\/5\">Czwartek<\/a><\/strong><a href=\"x-apple-data-detectors:\/\/5\">, 11 lipca 2019<\/a><\/p>\n<p><strong>\u015aW. BENEDYKTA, opata, patrona Europy<\/strong> \u2013 \u015awi\u0119to<\/td>\n<\/tr>\n<tr>\n<td colspan=\"2\" width=\"712\"><strong>\u00a0<\/strong><\/td>\n<\/tr>\n<tr>\n<td width=\"79\"><strong>7.00<\/strong><\/td>\n<td width=\"633\">+ Andrzeja OR\u0141OWSKIEGO (GR. 11)<\/td>\n<\/tr>\n<tr>\n<td width=\"79\"><strong>8.00<\/strong><\/td>\n<td width=\"633\"><\/td>\n<\/tr>\n<tr>\n<td width=\"79\"><strong>18.00<\/strong><\/td>\n<td width=\"633\">+ Antoniego \u017bBIKOWSKIEGO (26 r. \u015bm.)<\/td>\n<\/tr>\n<tr>\n<td colspan=\"2\" width=\"712\"><strong>\u00a0<\/strong><\/p>\n<p><strong>\u00a0<\/strong><\/p>\n<p><strong><a href=\"x-apple-data-detectors:\/\/6\">Pi\u0105tek,<\/a> <\/strong><a href=\"x-apple-data-detectors:\/\/6\">12 lipca<\/a> <a href=\"x-apple-data-detectors:\/\/6\">2019<\/a><\/p>\n<p><strong>\u015aW. BRUNONA BONIFACEGO z Kwerfurtu, biskupa i M\u0119czennika<\/strong> \u2013 wspomnienie<\/td>\n<\/tr>\n<tr>\n<td colspan=\"2\" width=\"712\"><strong>\u00a0<\/strong><\/td>\n<\/tr>\n<tr>\n<td width=\"79\"><strong>7.00<\/strong><\/td>\n<td width=\"633\">+ Witolda BARTOSIEWICZA<\/td>\n<\/tr>\n<tr>\n<td width=\"79\"><strong>8.00<\/strong><\/td>\n<td width=\"633\">+ Andrzeja OR\u0141OWSKIEGO (GR. 12)<\/td>\n<\/tr>\n<tr>\n<td width=\"79\"><strong>18.00<\/strong><\/td>\n<td width=\"633\">+ Iwon\u0119 FILIPOWSK\u0104 (8 r. \u015bm.), C.R. MICHALSKICH i FILIPOWSKICH<\/td>\n<\/tr>\n<tr>\n<td colspan=\"2\" width=\"712\"><strong>\u00a0<\/strong><\/p>\n<p><strong><a href=\"x-apple-data-detectors:\/\/7\">Sobota<\/a><\/strong><a href=\"x-apple-data-detectors:\/\/7\">, 13 lipca <\/a><a href=\"x-apple-data-detectors:\/\/7\">2019<\/a><\/p>\n<p><strong>\u015aW. ANDRZEJA \u015aWIERADA i BENEDYKTA, pustelnik\u00f3w<\/strong> \u2013 wspomnienie<\/td>\n<\/tr>\n<tr>\n<td colspan=\"2\" width=\"712\"><strong>\u00a0<\/strong><\/td>\n<\/tr>\n<tr>\n<td width=\"79\"><strong>7.00<\/strong><\/td>\n<td width=\"633\">+ Andrzeja OR\u0141OWSKIEGO (GR. 13)<\/td>\n<\/tr>\n<tr>\n<td width=\"79\"><strong>8.00<\/strong><\/td>\n<td width=\"633\">\u00b7 Przez wstawiennictwo \u015bw. Micha\u0142a Archanio\u0142a &#8211; za wszystkich czcicieli,\u00a0\u00a0 duszpasterzy i wiernych z pro\u015bb\u0105 o opiek\u0119 i obron\u0119 przed z\u0142ym duchem.<\/td>\n<\/tr>\n<tr>\n<td width=\"79\"><strong>18.00<\/strong><\/td>\n<td width=\"633\">+ Stefana i Stefani\u0119 MOZAL<\/p>\n<p><strong>NABO\u017bE\u0143STWO FATIMSKIE<\/strong><\/td>\n<\/tr>\n<\/tbody>\n<\/table>\n<\/div><\/section>\n","protected":false},"excerpt":{"rendered":"","protected":false},"author":1,"featured_media":1242,"comment_status":"closed","ping_status":"open","sticky":false,"template":"","format":"standard","meta":{"ngg_post_thumbnail":0,"footnotes":""},"categories":[6],"tags":[],"class_list":["post-2735","post","type-post","status-publish","format-standard","has-post-thumbnail","hentry","category-intencje-mszalne"],"_links":{"self":[{"href":"https:\/\/mbloretanska.pl\/index.php?rest_route=\/wp\/v2\/posts\/2735","targetHints":{"allow":["GET"]}}],"collection":[{"href":"https:\/\/mbloretanska.pl\/index.php?rest_route=\/wp\/v2\/posts"}],"about":[{"href":"https:\/\/mbloretanska.pl\/index.php?rest_route=\/wp\/v2\/types\/post"}],"author":[{"embeddable":true,"href":"https:\/\/mbloretanska.pl\/index.php?rest_route=\/wp\/v2\/users\/1"}],"replies":[{"embeddable":true,"href":"https:\/\/mbloretanska.pl\/index.php?rest_route=%2Fwp%2Fv2%2Fcomments&post=2735"}],"version-history":[{"count":2,"href":"https:\/\/mbloretanska.pl\/index.php?rest_route=\/wp\/v2\/posts\/2735\/revisions"}],"predecessor-version":[{"id":2737,"href":"https:\/\/mbloretanska.pl\/index.php?rest_route=\/wp\/v2\/posts\/2735\/revisions\/2737"}],"wp:featuredmedia":[{"embeddable":true,"href":"https:\/\/mbloretanska.pl\/index.php?rest_route=\/wp\/v2\/media\/1242"}],"wp:attachment":[{"href":"https:\/\/mbloretanska.pl\/index.php?rest_route=%2Fwp%2Fv2%2Fmedia&parent=2735"}],"wp:term":[{"taxonomy":"category","embeddable":true,"href":"https:\/\/mbloretanska.pl\/index.php?rest_route=%2Fwp%2Fv2%2Fcategories&post=2735"},{"taxonomy":"post_tag","embeddable":true,"href":"https:\/\/mbloretanska.pl\/index.php?rest_route=%2Fwp%2Fv2%2Ftags&post=2735"}],"curies":[{"name":"wp","href":"https:\/\/api.w.org\/{rel}","templated":true}]}}