{"id":2729,"date":"2019-06-30T09:29:43","date_gmt":"2019-06-30T07:29:43","guid":{"rendered":"http:\/\/mbloretanska.pl\/?p=2729"},"modified":"2019-06-30T09:29:44","modified_gmt":"2019-06-30T07:29:44","slug":"xiii-niedziela-zwykla-30-062019","status":"publish","type":"post","link":"https:\/\/mbloretanska.pl\/?p=2729","title":{"rendered":"XIII niedziela zwyk\u0142a, 30.062019"},"content":{"rendered":"<section  class='av_textblock_section av-jximsk1k-a9c2bd8a52fd6efcda3cad85b180559b '   itemscope=\"itemscope\" itemtype=\"https:\/\/schema.org\/BlogPosting\" itemprop=\"blogPost\" ><div class='avia_textblock'  itemprop=\"text\" ><p>1.\u00a0\u00a0 Wszystkim uczestnikom nabo\u017ce\u0144stw czerwcowych dzi\u0119kujemy za wsp\u00f3ln\u0105 modlitw\u0119 przed Naj\u015bwi\u0119tszym Sakramentem.<\/p>\n<p>2. W \u015brod\u0119 3 lipca \u015bwi\u0119to \u015bw. Tomasza Aposto\u0142a.<\/p>\n<p>3. Opr\u00f3cz \u015brodowej nowenny do M.B. Nieustaj\u0105cej Pomocy i czwartkowej adoracji Naj\u015bwi\u0119tszego Sakramentu zapraszamy te\u017c w ka\u017cdy pi\u0105tek o godz. 17.00 na wsp\u00f3ln\u0105 koronk\u0119 do Mi\u0142osierdzia Bo\u017cego.<\/p>\n<p>4. W tym tygodniu przypada I pi\u0105tek i I sobota miesi\u0105ca. Nabo\u017ce\u0144stwa do Naj\u015bwi\u0119tszego Serca Pana Jezusa i Niepokalanego Serca Maryi o sta\u0142ych porach.<\/p>\n<p>5. Na okres wakacyjny od 1lipca do 31sierpnia zmieni si\u0119 tryb pracy kancelarii parafialnej. Nie b\u0119dzie dy\u017cur\u00f3w przedpo\u0142udniowych, a jedynie dy\u017cury popo\u0142udniowe i wieczorne:<\/p>\n<p>Pn\u00a0\u00a0\u00a0\u00a0\u00a0 16.00 \u2013 17.30\u00a0\u00a0 19.00 \u2013 20.00<\/p>\n<p>\u015ar\u00a0\u00a0\u00a0\u00a0\u00a0\u00a0 16.00 \u2013 17.30<\/p>\n<p>Czw\u00a0\u00a0 16.00 \u2013 17.30\u00a0\u00a0\u00a0 19.00 \u2013 20.00<\/p>\n<p>Pt\u00a0\u00a0\u00a0\u00a0\u00a0\u00a0 16.00 \u2013 17.30<\/p>\n<p>6. Zbli\u017ca si\u0119 czas pielgrzymek na Jasn\u0105 G\u00f3r\u0119. Zapraszamy do wsp\u00f3lnego pielgrzymowania w grupie fioletowej WAPM\u00a0 &#8211; informacje u ks. Jarka.<\/p>\n<p>7. W\u015br\u00f3d wakacyjnych lektur warto si\u0119gn\u0105\u0107 po tygodnik <i>Idziemy<\/i>, kt\u00f3ry jest dobrym przewodnikiem po otaczaj\u0105cym nas \u015bwiecie.<\/p>\n<p>8. Wszystkim rozpoczynaj\u0105cym wakacje i urlopy \u017cyczymy udanego odpoczynku, a solenizantom i solenizantkom tego tygodnia Bo\u017cego b\u0142ogos\u0142awie\u0144stwa i opieki \u015bw. patron\u00f3w. Podczas wyjazd\u00f3w pami\u0119tajmy o niedzielnej Mszy \u015bw. aby odpoczywa\u0107 w pe\u0142nym tego s\u0142owa znaczeniu.<\/p>\n<\/div><\/section>\n","protected":false},"excerpt":{"rendered":"","protected":false},"author":1,"featured_media":46,"comment_status":"closed","ping_status":"open","sticky":false,"template":"","format":"standard","meta":{"ngg_post_thumbnail":0,"footnotes":""},"categories":[3],"tags":[],"class_list":["post-2729","post","type-post","status-publish","format-standard","has-post-thumbnail","hentry","category-ogloszenia-duszpasterskie"],"_links":{"self":[{"href":"https:\/\/mbloretanska.pl\/index.php?rest_route=\/wp\/v2\/posts\/2729","targetHints":{"allow":["GET"]}}],"collection":[{"href":"https:\/\/mbloretanska.pl\/index.php?rest_route=\/wp\/v2\/posts"}],"about":[{"href":"https:\/\/mbloretanska.pl\/index.php?rest_route=\/wp\/v2\/types\/post"}],"author":[{"embeddable":true,"href":"https:\/\/mbloretanska.pl\/index.php?rest_route=\/wp\/v2\/users\/1"}],"replies":[{"embeddable":true,"href":"https:\/\/mbloretanska.pl\/index.php?rest_route=%2Fwp%2Fv2%2Fcomments&post=2729"}],"version-history":[{"count":1,"href":"https:\/\/mbloretanska.pl\/index.php?rest_route=\/wp\/v2\/posts\/2729\/revisions"}],"predecessor-version":[{"id":2730,"href":"https:\/\/mbloretanska.pl\/index.php?rest_route=\/wp\/v2\/posts\/2729\/revisions\/2730"}],"wp:featuredmedia":[{"embeddable":true,"href":"https:\/\/mbloretanska.pl\/index.php?rest_route=\/wp\/v2\/media\/46"}],"wp:attachment":[{"href":"https:\/\/mbloretanska.pl\/index.php?rest_route=%2Fwp%2Fv2%2Fmedia&parent=2729"}],"wp:term":[{"taxonomy":"category","embeddable":true,"href":"https:\/\/mbloretanska.pl\/index.php?rest_route=%2Fwp%2Fv2%2Fcategories&post=2729"},{"taxonomy":"post_tag","embeddable":true,"href":"https:\/\/mbloretanska.pl\/index.php?rest_route=%2Fwp%2Fv2%2Ftags&post=2729"}],"curies":[{"name":"wp","href":"https:\/\/api.w.org\/{rel}","templated":true}]}}