{"id":2600,"date":"2019-04-20T20:39:44","date_gmt":"2019-04-20T18:39:44","guid":{"rendered":"http:\/\/mbloretanska.pl\/?p=2600"},"modified":"2019-04-20T20:41:12","modified_gmt":"2019-04-20T18:41:12","slug":"2600","status":"publish","type":"post","link":"https:\/\/mbloretanska.pl\/?p=2600","title":{"rendered":"intencje mszalne 21-25.04.2019"},"content":{"rendered":"<section  class='av_textblock_section av-jupuk0dd-45f21d5f19064c7fb85b5a5f50cc3ce5 '   itemscope=\"itemscope\" itemtype=\"https:\/\/schema.org\/BlogPosting\" itemprop=\"blogPost\" ><div class='avia_textblock'  itemprop=\"text\" ><table width=\"680\">\n<tbody>\n<tr>\n<td colspan=\"2\" width=\"680\"><strong>Niedziela, <\/strong>21 kwietnia 2019<\/p>\n<p><strong>UROCZYSTO\u015a\u0106 ZMARTWYCHWSTANIA PA\u0143SKIEGO<\/strong><\/td>\n<\/tr>\n<tr>\n<td colspan=\"2\" width=\"680\"><\/td>\n<\/tr>\n<tr>\n<td width=\"85\"><strong>6.00<\/strong><\/td>\n<td width=\"595\"><strong>Za parafian<\/strong><\/td>\n<\/tr>\n<tr>\n<td width=\"85\"><strong>8.30<\/strong><\/td>\n<td width=\"595\">+ Karola STANASZKA<\/td>\n<\/tr>\n<tr>\n<td width=\"85\"><strong>10.00<\/strong><\/td>\n<td width=\"595\">+ Jana CHA\u0141ABISA, Jana, Ryszarda DOBRZA\u0143SKICH, Danut\u0119 i Jana KACZORK\u00d3W<\/td>\n<\/tr>\n<tr>\n<td width=\"85\"><strong>11.00<\/strong><\/td>\n<td width=\"595\">\u00b7 \u00a0Dzi\u0119kczynno-b\u0142agalna w 39 r. \u015blubu p. Ewy i Tomasza POCHYLSKICH, z pro\u015bb\u0105 o Bo\u017ce b\u0142ogos\u0142awie\u0144stwo i dalsze \u0142aski w \u017cyciu osobistym, ma\u0142\u017ce\u0144skim i rodzinnym<\/td>\n<\/tr>\n<tr>\n<td width=\"85\"><strong>12.30<\/strong><\/td>\n<td width=\"595\"><strong>ZBIOROWA:<\/strong><\/p>\n<p><strong>1.O Bo\u017ce b\u0142ogos\u0142awie\u0144stwo dla\u00a0 dzieci: Szymona, Poli,\u00a0 Zuzanny, Mili i Stefanii, kt\u00f3re b\u0119d\u0105 dzi\u015b ochrzczone<\/strong><\/p>\n<p>2. O Bo\u017ce b\u0142ogos\u0142awie\u0144stwo i potrzebne \u0142aski i opiek\u0119 Matki Bo\u017cej dla p. Andrzeja i Marii w 40 r. \u015blubu oraz o potrzebne \u0142aski dla syn\u00f3w Piotra i Filipa, wnuczki Alegry i c.r.<\/p>\n<p>3. Dzi\u0119kczynna\u00a0 i o\u00a0 Bo\u017ce b\u0142ogos\u0142awie\u0144stwo dla p. Mariana i Zofii MATUSIAK w 12 r. \u015blubu, oraz ich dzieci: Wies\u0142awy, Mariana, Lucyny i Joanny<\/p>\n<p>4. O zdrowie, Bo\u017ce B\u0142ogos\u0142awie\u0144stwo i potrzebne \u0142aski dla Ma\u0142gorzaty TARNOWSKIEJ z racji 80 rocznicy urodzin<\/p>\n<p>5. O Bo\u017ce b\u0142ogos\u0142awie\u0144stwo i potrzebne \u0142aski dla ksi\u0119\u017cy pracuj\u0105cych w naszej parafii<\/p>\n<p>6. O cud uzdrowienia dla Adrianka, Bo\u017ce b\u0142ogos\u0142awie\u0144stwo i potrzebne \u0142aski i ca\u0142ej rodziny<\/p>\n<p>7. + Syna Waldemara i m\u0119\u017ca Ireneusza SZYMKIEWICZ\u00d3W<\/p>\n<p>8. + Helen\u0119 BAWOR (GR 21)<\/p>\n<p>9. + Tadeusza Wincentego PIESIEWICZA<\/td>\n<\/tr>\n<tr>\n<td width=\"85\"><strong>18.00<\/strong><\/td>\n<td width=\"595\">\u00b7\u00a0\u00a0\u00a0\u00a0\u00a0 O Bo\u017ce b\u0142ogos\u0142awie\u0144stwo i potrzebne \u0142aski dla Natalii z racji 12 rocznicy urodzin<\/td>\n<\/tr>\n<tr>\n<td colspan=\"2\" width=\"680\"><strong>Poniedzia\u0142ek Wielkanocny<\/strong>, 22 kwietnia\u00a0 2019<\/td>\n<\/tr>\n<tr>\n<td colspan=\"2\" width=\"680\"><strong>\u00a0<\/strong><\/td>\n<\/tr>\n<tr>\n<td width=\"85\"><strong>7.00<\/strong><\/td>\n<td width=\"595\">+ Helen\u0119 BAWOR (GR 22)<\/td>\n<\/tr>\n<tr>\n<td width=\"85\"><strong>8.30<\/strong><\/td>\n<td width=\"595\">+ Jana KOWALKOWSKIEGO, Mariann\u0119 i Franciszka MIELNICKICH<\/td>\n<\/tr>\n<tr>\n<td width=\"85\"><strong>10.00<\/strong><\/td>\n<td width=\"595\">+ Eleonor\u0119 ZIELI\u0143SK\u0104 (20 r. \u015bm.), Stefana, Krzysztofa, Teres\u0119, Mari\u0119 ZIELI\u0143SKICH<\/td>\n<\/tr>\n<tr>\n<td width=\"85\"><strong>11.00<\/strong><\/td>\n<td width=\"595\">\u00b7 \u00a0Dzi\u0119kczynna w 35 r. \u015blubu p. Zbigniewa i Iwony, z pro\u015bb\u0105 o Bo\u017ce b\u0142ogos\u0142awie\u0144stwo i dalsze \u0142aski dla jubilat\u00f3w i ca\u0142ej rodziny<\/td>\n<\/tr>\n<tr>\n<td width=\"85\"><strong>12.30<\/strong><\/td>\n<td width=\"595\">+ Zbigniewa JAROSZEWICZA ( 3 r. \u015bm.)<\/p>\n<p><strong>Chrzest: 1. Maria MOCUR, 2. Anastazja i Maksymilian DR\u00d3\u017bD\u017b<\/strong><\/td>\n<\/tr>\n<tr>\n<td width=\"85\"><strong>18.00<\/strong><\/td>\n<td width=\"595\">\u00b7 \u00a0Dzi\u0119kczynna w 20 r. \u015blubu p. Urszuli i Leszka PO\u015aWIATA, z pro\u015bb\u0105 o Bo\u017ce b\u0142ogos\u0142awie\u0144stwo, zdrowie oraz by Zmartwychwsta\u0142y Jezus dodawa\u0142 si\u0142 i wiary na kolejne lata ma\u0142\u017ce\u0144stwa<\/td>\n<\/tr>\n<tr>\n<td colspan=\"2\" width=\"680\"><strong>Wtorek Wielkanocny, <\/strong>23 kwietnia\u00a0 2019<\/td>\n<\/tr>\n<tr>\n<td colspan=\"2\" width=\"680\"><strong>\u00a0<\/strong><\/td>\n<\/tr>\n<tr>\n<td width=\"85\"><\/td>\n<td width=\"595\"><\/td>\n<\/tr>\n<tr>\n<td width=\"85\"><strong>7.00<\/strong><\/td>\n<td width=\"595\">+ Wojciecha KANI\u0118<\/td>\n<\/tr>\n<tr>\n<td width=\"85\"><strong>7.00<\/strong><\/td>\n<td width=\"595\">+ Helen\u0119 BAWOR (GR 17)<\/td>\n<\/tr>\n<tr>\n<td width=\"85\"><strong>8.00<\/strong><\/td>\n<td width=\"595\">Rez.<\/td>\n<\/tr>\n<tr>\n<td width=\"85\"><strong>18.00<\/strong><\/td>\n<td width=\"595\">+ Wojciecha OLCZAKA<\/td>\n<\/tr>\n<tr>\n<td colspan=\"2\" width=\"680\"><strong>\u00a0<\/strong><strong>\u015aroda Wielkanocna, <\/strong>24 kwietnia 2019<\/td>\n<\/tr>\n<tr>\n<td colspan=\"2\" width=\"680\"><strong>\u00a0<\/strong><\/td>\n<\/tr>\n<tr>\n<td width=\"85\"><strong>7.00<\/strong><\/td>\n<td width=\"595\">+ Wawrzy\u0144ca i Wiktori\u0119 KAPCZUK<\/td>\n<\/tr>\n<tr>\n<td width=\"85\"><strong>8.00<\/strong><\/td>\n<td width=\"595\">+ Zofi\u0119 KUSI\u0143SK\u0104 (21 r. \u015bm.)<\/td>\n<\/tr>\n<tr>\n<td width=\"85\"><strong>18.00<\/strong><\/td>\n<td width=\"595\"><strong>NOWENNA DO MATKI BO<\/strong><strong>\u017b<\/strong><strong>EJ NIEUSTAJ<\/strong><strong>\u0104<\/strong><strong>CEJ POMOCY i MSZA \u015aW.<\/strong><\/p>\n<p>+ Helen\u0119 BAWOR (GR 24)<\/p>\n<p>+ Grzegorza Idzika (25 r.), jego \u017con\u0119 Krystyn\u0119, C.R. IDZIK\u00d3W i SKUR\u00d3W; + Wojciecha JAGIE\u0141\u0141O w 30 dni po \u015bm.<\/p>\n<p>+ Bo\u017cenn\u0119 SZMULSK\u0104 w 2 r.\u015bm., Andrzeja i Helen\u0119 MIA\u0141KOWSKICH<\/p>\n<p>+ Stefani\u0119 TRYKACZ w 30 dni po \u015bm.<\/p>\n<p>+ Gra\u017cyn\u0119 MAJ w 30 dni po \u015bm.<\/p>\n<p>+ Janin\u0119 i Antoniego KULIGOWSKICH<\/p>\n<p>+ Teres\u0119 MARSZA\u0141EK z racji rocznicy urodzin<\/p>\n<p>O cud uzdrowienia dla Adrianka, Bo\u017ce b\u0142ogos\u0142awie\u0144stwo i potrzebne \u0142aski i ca\u0142ej rodziny<\/td>\n<\/tr>\n<tr>\n<td colspan=\"2\" width=\"680\"><strong>Czwartek Wielkanocny<\/strong>, 25 kwietnia 2019<\/td>\n<\/tr>\n<tr>\n<td colspan=\"2\" width=\"680\"><strong>\u00a0<\/strong><\/td>\n<\/tr>\n<tr>\n<td width=\"85\"><strong>7.00<\/strong><\/td>\n<td width=\"595\">\u00b7\u00a0\u00a0\u00a0 O cud uzdrowienia dla Adrianka, Bo\u017ce b\u0142ogos\u0142awie\u0144stwo i potrzebne \u0142aski i ca\u0142ej rodziny<\/td>\n<\/tr>\n<tr>\n<td width=\"85\"><strong>8.00<\/strong><\/td>\n<td width=\"595\">+ Adolfa BAWORA w 13 r. \u015bm., Helen\u0119 BAWOR (GR. 25)<\/td>\n<\/tr>\n<tr>\n<td width=\"85\"><strong>18.00<\/strong><\/td>\n<td width=\"595\">+ Marka CH\u0104DZY\u0143SKIEGO, Bronis\u0142aw\u0119 i J\u00f3zefa CH\u0104DZY\u0143SKICH, Katarzyn\u0119 i Ludwika MARUSZAK\u00d3W<\/td>\n<\/tr>\n<tr>\n<td colspan=\"2\" width=\"680\"><strong>Pi\u0105tek Wielkanocny, <\/strong>26 kwietnia 2019<\/td>\n<\/tr>\n<tr>\n<td colspan=\"2\" width=\"680\"><strong>\u00a0<\/strong><\/td>\n<\/tr>\n<tr>\n<td width=\"85\"><strong>7.00<\/strong><\/td>\n<td width=\"595\">\u00b7\u00a0\u00a0\u00a0\u00a0\u00a0 Dzi\u0119kczynna z racji 6 rocznicy urodzin Ignacego z pro\u015bb\u0105 o Bo\u017ce b\u0142ogos\u0142awie\u0144stwo i potrzebne \u0142aski na dalsze lata \u017cycia<\/td>\n<\/tr>\n<tr>\n<td width=\"85\"><strong>8.00<\/strong><\/td>\n<td width=\"595\">+ Helen\u0119 BAWOR (GR. 26)<\/td>\n<\/tr>\n<tr>\n<td width=\"85\"><strong>18.00<\/strong><\/td>\n<td width=\"595\">\u00b7\u00a0\u00a0\u00a0\u00a0\u00a0 O Bo\u017ce b\u0142ogos\u0142awie\u0144stwo i potrzebne \u0142aski dla ks. Jarka (im.)<\/td>\n<\/tr>\n<tr>\n<td colspan=\"2\" width=\"680\"><strong>Sobota Wielkanocna<\/strong>, 27 kwietnia 2019<\/td>\n<\/tr>\n<tr>\n<td colspan=\"2\" width=\"680\"><strong>\u00a0<\/strong><\/td>\n<\/tr>\n<tr>\n<td width=\"85\"><strong>7.00<\/strong><\/td>\n<td width=\"595\">\u00b7 \u00a0Dzi\u0119kczynna za otrzymane \u0142aski, z pro\u015bb\u0105 o Bo\u017ce b\u0142ogos\u0142awie\u0144stwo i potrzebne \u0142aski dla c.r. RACIBORSKICH<\/td>\n<\/tr>\n<tr>\n<td width=\"85\"><strong>8.00<\/strong><\/td>\n<td width=\"595\">+ Helen\u0119 BAWOR (GR. 27)<\/td>\n<\/tr>\n<tr>\n<td width=\"85\"><strong>18.00<\/strong><\/td>\n<td width=\"595\">+ Barbar\u0119 i Henryka \u015aWI\u0118CH, C.R. PASZKOWSKICH i \u015aWI\u0118CH<\/td>\n<\/tr>\n<\/tbody>\n<\/table>\n<\/div><\/section>\n","protected":false},"excerpt":{"rendered":"","protected":false},"author":1,"featured_media":1242,"comment_status":"closed","ping_status":"open","sticky":false,"template":"","format":"standard","meta":{"ngg_post_thumbnail":0,"footnotes":""},"categories":[6],"tags":[],"class_list":["post-2600","post","type-post","status-publish","format-standard","has-post-thumbnail","hentry","category-intencje-mszalne"],"_links":{"self":[{"href":"https:\/\/mbloretanska.pl\/index.php?rest_route=\/wp\/v2\/posts\/2600","targetHints":{"allow":["GET"]}}],"collection":[{"href":"https:\/\/mbloretanska.pl\/index.php?rest_route=\/wp\/v2\/posts"}],"about":[{"href":"https:\/\/mbloretanska.pl\/index.php?rest_route=\/wp\/v2\/types\/post"}],"author":[{"embeddable":true,"href":"https:\/\/mbloretanska.pl\/index.php?rest_route=\/wp\/v2\/users\/1"}],"replies":[{"embeddable":true,"href":"https:\/\/mbloretanska.pl\/index.php?rest_route=%2Fwp%2Fv2%2Fcomments&post=2600"}],"version-history":[{"count":2,"href":"https:\/\/mbloretanska.pl\/index.php?rest_route=\/wp\/v2\/posts\/2600\/revisions"}],"predecessor-version":[{"id":2602,"href":"https:\/\/mbloretanska.pl\/index.php?rest_route=\/wp\/v2\/posts\/2600\/revisions\/2602"}],"wp:featuredmedia":[{"embeddable":true,"href":"https:\/\/mbloretanska.pl\/index.php?rest_route=\/wp\/v2\/media\/1242"}],"wp:attachment":[{"href":"https:\/\/mbloretanska.pl\/index.php?rest_route=%2Fwp%2Fv2%2Fmedia&parent=2600"}],"wp:term":[{"taxonomy":"category","embeddable":true,"href":"https:\/\/mbloretanska.pl\/index.php?rest_route=%2Fwp%2Fv2%2Fcategories&post=2600"},{"taxonomy":"post_tag","embeddable":true,"href":"https:\/\/mbloretanska.pl\/index.php?rest_route=%2Fwp%2Fv2%2Ftags&post=2600"}],"curies":[{"name":"wp","href":"https:\/\/api.w.org\/{rel}","templated":true}]}}