{"id":2544,"date":"2019-04-06T20:52:22","date_gmt":"2019-04-06T18:52:22","guid":{"rendered":"http:\/\/mbloretanska.pl\/?p=2544"},"modified":"2019-04-06T20:52:23","modified_gmt":"2019-04-06T18:52:23","slug":"v-niedziela-wielkiego-postu-07-04-2019","status":"publish","type":"post","link":"https:\/\/mbloretanska.pl\/?p=2544","title":{"rendered":"V niedziela Wielkiego Postu 07.04.2019"},"content":{"rendered":"\n<p>1.&nbsp;&nbsp;&nbsp;&nbsp;Zapraszamy na XIV Marsz \u015awi\u0119to\u015bci \u017bycia, kt\u00f3ry rozpocznie si\u0119 dzisiaj Msz\u0105 \u015bw. o&nbsp;godzinie 11.00 jednocze\u015bnie w&nbsp;Archikatedrze Warszawskiej oraz w&nbsp;Katedrze Warszawsko-Praskiej. Obie cz\u0119\u015bci Marszu wyrusz\u0105 po Mszy \u015awi\u0119tej i&nbsp;po\u0142\u0105cz\u0105 si\u0119 na Placu Zamkowym. Zako\u0144czenie przewidywane jest na godzin\u0119 13.00 przed Bazylik\u0105 \u015awi\u0119tego Krzy\u017ca na Krakowskim Przedmie\u015bciu.<\/p>\n\n\n\n<p>2.&nbsp; Z racji I niedzieli miesi\u0105ca&nbsp; dzi\u015b o godz. 16.00&nbsp; spotkanie K\u00f3\u0142 \u017bywego R\u00f3\u017ca\u0144ca. Ze wzgl\u0119du na Gorzkie \u017bale nie b\u0119dzie ju\u017c wcze\u015bniejszego wystawienia Naj\u015bwi\u0119tszego Sakramentu i &nbsp;nabo\u017ce\u0144stwa eucharystycznego. &nbsp;&nbsp;<\/p>\n\n\n\n<p>3.\u00a0\u00a0Prosimy o indywidualne zg\u0142aszanie chorych na wizyty domowe, kt\u00f3re planujemy odby\u0107 w tym tygodniu, aby ka\u017cdy mia\u0142 mo\u017cliwo\u015b\u0107 spowiedzi i Komunii \u015bw. wielkanocnej. W Wielkim Tygodniu odwiedziny chorych nie b\u0119d\u0105 ju\u017c mo\u017cliwe.<\/p>\n\n\n\n<p>4.\u00a0\u00a0W pi\u0105tek zapraszamy na ostatnie nabo\u017ce\u0144stwa drogi krzy\u017cowej. Je\u015bli pogoda na to pozwoli drog\u0119 krzy\u017cow\u0105 o godz. 17.15 tak , jak w zesz\u0142ym roku odprawimy na dworze przy stacjach usytuowanych w ogrodzeniu ko\u015bcio\u0142a. \u00a0\u00a0<\/p>\n\n\n\n<p>5.\u00a0\u00a0W sobot\u0119 13.04 w katedrze odb\u0119dzie si\u0119 Dzie\u0144 M\u0142odzie\u017cy w wymiarze diecezjalnym. Szczeg\u00f3\u0142y na plakacie. Zapraszamy m\u0142odzie\u017c od starszych klas szko\u0142y podstawowej w g\u00f3r\u0119, a szczeg\u00f3lnie kandydat\u00f3w do bierzmowania. Zapisy u ks. Jarka w zakrystii tylko dzi\u015b.<\/p>\n\n\n\n<p>6.\u00a0\u00a0W przysz\u0142\u0105 niedziel\u0119 po Mszy wieczornej obowi\u0105zkowe spotkanie kandydat\u00f3w do bierzmowania.<\/p>\n\n\n\n<p>7.\u00a0\u00a0Za tydzie\u0144 Niedziela Palmowa, po\u015bwi\u0119cenie palm na pocz\u0105tku ka\u017cdej Mszy \u015bw.<\/p>\n\n\n\n<p>8.\u00a0\u00a0Ofiary na kwiaty do grobu Pana Jezusa mo\u017cemy sk\u0142ada\u0107 przed Domkiem Loreta\u0144skim, obok wystawionego do adoracji krzy\u017ca.<\/p>\n\n\n\n<p>9. Odpowiadaj\u0105c na pro\u015bby rodzic\u00f3w podajemy termin I komunii \u015bw. w przysz\u0142ym roku. Uroczysto\u015b\u0107 I Komunii \u015bw. w roku 2020 odb\u0119dzie si\u0119 w naszej parafii w sobot\u0119 23 maja o godz. 11.00. \u00a0\u00a0\u00a0\u00a0\u00a0\u00a0\u00a0\u00a0\u00a0\u00a0\u00a0\u00a0\u00a0\u00a0\u00a0\u00a0\u00a0\u00a0\u00a0\u00a0\u00a0\u00a0\u00a0\u00a0\u00a0\u00a0\u00a0\u00a0\u00a0\u00a0\u00a0\u00a0\u00a0\u00a0\u00a0\u00a0\u00a0\u00a0\u00a0\u00a0\u00a0<\/p>\n\n\n\n<p>10.\u00a0\u00a0\u00a0 Nasza parafia nawi\u0105za\u0142a wsp\u00f3\u0142prac\u0119 z zak\u0142adem pogrzebowym Misterium. Staramy si\u0119 z empati\u0105, godnie i\u00a0 po katolicku towarzyszy\u0107 i pomaga\u0107 parafianom w najtrudniejszych chwilach rozstania z bliskimi. Je\u017celi chcemy pos\u0142ug\u0119 zwi\u0105zan\u0105 z po\u017cegnaniem i organizacj\u0105 pogrzebu powierzy\u0107 osobom, kt\u00f3re znamy zamiast nieznajomym, Dom Pogrzebowy Misterium s\u0142u\u017cy rad\u0105 i pomoc\u0105. Tel. \/24 h\/ 511-\u00a0470-\u00a0200,\u00a0 biuro Warszawa ul. Szwedzka 11 r\u00f3g Stalowej.<\/p>\n\n\n\n<p>11.   Obok nowego numeru tygodnika\u00a0<em>Idziemy<\/em>\u00a0na stoliku przed Domkiem Loreta\u0144skim znajdziemy\u00a0<em>Przewodnik po Triduum Paschalnym<\/em>. We\u017amy go ze sob\u0105 do domu, aby dobrze przygotowa\u0107 si\u0119 na prze\u017cycie tych \u015bwi\u0119tych dni.<\/p>\n","protected":false},"excerpt":{"rendered":"<p>1.&nbsp;&nbsp;&nbsp;&nbsp;Zapraszamy na XIV Marsz \u015awi\u0119to\u015bci \u017bycia, kt\u00f3ry rozpocznie si\u0119 dzisiaj Msz\u0105 \u015bw. o&nbsp;godzinie 11.00 jednocze\u015bnie w&nbsp;Archikatedrze Warszawskiej oraz w&nbsp;Katedrze Warszawsko-Praskiej. Obie cz\u0119\u015bci Marszu wyrusz\u0105 po Mszy \u015awi\u0119tej i&nbsp;po\u0142\u0105cz\u0105 si\u0119 na Placu Zamkowym. Zako\u0144czenie przewidywane jest na godzin\u0119 13.00 przed Bazylik\u0105 \u015awi\u0119tego Krzy\u017ca na Krakowskim Przedmie\u015bciu. 2.&nbsp; Z racji I niedzieli miesi\u0105ca&nbsp; dzi\u015b o godz. 16.00&nbsp; [&hellip;]<\/p>\n","protected":false},"author":1,"featured_media":46,"comment_status":"closed","ping_status":"open","sticky":false,"template":"","format":"standard","meta":{"ngg_post_thumbnail":0,"footnotes":""},"categories":[3],"tags":[],"class_list":["post-2544","post","type-post","status-publish","format-standard","has-post-thumbnail","hentry","category-ogloszenia-duszpasterskie"],"_links":{"self":[{"href":"https:\/\/mbloretanska.pl\/index.php?rest_route=\/wp\/v2\/posts\/2544","targetHints":{"allow":["GET"]}}],"collection":[{"href":"https:\/\/mbloretanska.pl\/index.php?rest_route=\/wp\/v2\/posts"}],"about":[{"href":"https:\/\/mbloretanska.pl\/index.php?rest_route=\/wp\/v2\/types\/post"}],"author":[{"embeddable":true,"href":"https:\/\/mbloretanska.pl\/index.php?rest_route=\/wp\/v2\/users\/1"}],"replies":[{"embeddable":true,"href":"https:\/\/mbloretanska.pl\/index.php?rest_route=%2Fwp%2Fv2%2Fcomments&post=2544"}],"version-history":[{"count":1,"href":"https:\/\/mbloretanska.pl\/index.php?rest_route=\/wp\/v2\/posts\/2544\/revisions"}],"predecessor-version":[{"id":2545,"href":"https:\/\/mbloretanska.pl\/index.php?rest_route=\/wp\/v2\/posts\/2544\/revisions\/2545"}],"wp:featuredmedia":[{"embeddable":true,"href":"https:\/\/mbloretanska.pl\/index.php?rest_route=\/wp\/v2\/media\/46"}],"wp:attachment":[{"href":"https:\/\/mbloretanska.pl\/index.php?rest_route=%2Fwp%2Fv2%2Fmedia&parent=2544"}],"wp:term":[{"taxonomy":"category","embeddable":true,"href":"https:\/\/mbloretanska.pl\/index.php?rest_route=%2Fwp%2Fv2%2Fcategories&post=2544"},{"taxonomy":"post_tag","embeddable":true,"href":"https:\/\/mbloretanska.pl\/index.php?rest_route=%2Fwp%2Fv2%2Ftags&post=2544"}],"curies":[{"name":"wp","href":"https:\/\/api.w.org\/{rel}","templated":true}]}}