{"id":2542,"date":"2019-04-06T20:47:22","date_gmt":"2019-04-06T18:47:22","guid":{"rendered":"http:\/\/mbloretanska.pl\/?p=2542"},"modified":"2019-04-06T20:47:24","modified_gmt":"2019-04-06T18:47:24","slug":"intencje-mszalne-7-13-04-2019","status":"publish","type":"post","link":"https:\/\/mbloretanska.pl\/?p=2542","title":{"rendered":"intencje mszalne 7-13.04.2019"},"content":{"rendered":"<section  class='av_textblock_section av-ju5umv70-60ca34ae4482b2d3321980a0aa565801 '   itemscope=\"itemscope\" itemtype=\"https:\/\/schema.org\/BlogPosting\" itemprop=\"blogPost\" ><div class='avia_textblock'  itemprop=\"text\" ><table width=\"680\">\n<tbody>\n<tr>\n<td colspan=\"2\" width=\"680\"><strong>Niedziela, <\/strong>7 kwietnia 2019<\/p>\n<p><strong>V NIEDZIELA WIELKIEGO POSTU<\/strong><\/td>\n<\/tr>\n<tr>\n<td colspan=\"2\" width=\"680\"><\/td>\n<\/tr>\n<tr>\n<td width=\"85\"><strong>7.00<\/strong><\/td>\n<td width=\"595\">+ J\u00f3zefa GAWLEWSKIEGO w 39 r. \u015bm., C.R. BIE\u0143KOWSKICH, GAWLEWSKICH, Jerzego BRZEZI\u0143SKIEGO, dusze w czy\u015b\u0107cu cierp.<\/td>\n<\/tr>\n<tr>\n<td width=\"85\"><strong>8.30<\/strong><\/td>\n<td width=\"595\">+ Iren\u0119 i W\u0142adys\u0142awa OSTAS\u00d3W, Zygmunta OLJASZA<\/td>\n<\/tr>\n<tr>\n<td width=\"85\"><strong>10.00<\/strong><\/td>\n<td width=\"595\">+ Wies\u0142awa SZUROWSKIEGO z racji urodzin<\/td>\n<\/tr>\n<tr>\n<td width=\"85\"><strong>11.00<\/strong><\/td>\n<td width=\"595\">+ Stanis\u0142awa W\u0104SIKA w 10 r.\u015bm. oraz z racji zbli\u017caj\u0105cych si\u0119 imienin<\/td>\n<\/tr>\n<tr>\n<td width=\"85\"><strong>12.30<\/strong><\/td>\n<td width=\"595\"><strong>ZBIOROWA: <\/strong><strong>1. za Parafian<\/strong><\/p>\n<p>2.O Bo\u017ce b\u0142ogos\u0142awie\u0144stwo i potrzebne \u0142aski dla Wiktorii (chrzest)<\/p>\n<p>3. + Mariana DRZAZGOWSKIEGO (GR 21)<\/p>\n<p>4.+ Helen\u0119 BAWOR (GR 7)<\/p>\n<p>5. + Bogumi\u0142\u0119 DWORZY\u0143SK\u0104 w 16 r. \u015bm., Sylwestra SENATOR w 17r. \u015bm., C.R. BIE\u0143K\u00d3W i LACH\u00d3W<\/p>\n<p>6. + Mariann\u0119 NASIOROWSK\u0104 w 30 dni po \u015bm.<\/p>\n<p>7. + Stanis\u0142awa PIECHNA w 30 dni po \u015bm.<\/p>\n<p>8. + rodzic\u00f3w: Wiktori\u0119 i Tadeusza STASIUK, Feliksa STASIUKA, Feliks\u0119 i Jana \u017bMUDZIN<\/p>\n<p><strong>Chrzest: Wiktoria KOSIM<\/strong><\/td>\n<\/tr>\n<tr>\n<td width=\"85\"><strong>18.00<\/strong><\/td>\n<td width=\"595\">+ Hann\u0119 i Paw\u0142a CZARNECKICH w 12 r. \u015bm.<\/td>\n<\/tr>\n<tr>\n<td colspan=\"2\" width=\"680\"><strong>Poniedzia\u0142ek<\/strong>, 8 kwietnia\u00a0 2019<\/td>\n<\/tr>\n<tr>\n<td colspan=\"2\" width=\"680\"><strong>\u00a0<\/strong><\/td>\n<\/tr>\n<tr>\n<td width=\"85\"><strong>7.00<\/strong><\/td>\n<td width=\"595\">+ Helen\u0119 BAWOR (GR 9)<\/td>\n<\/tr>\n<tr>\n<td width=\"85\"><strong>8.00<\/strong><\/td>\n<td width=\"595\">+ Mariana DRZAZGOWSKIEGO (GR 22)<\/td>\n<\/tr>\n<tr>\n<td width=\"85\"><strong>18.00<\/strong><\/td>\n<td width=\"595\">\u00b7\u00a0\u00a0\u00a0 W podzi\u0119kowaniu za szybki powr\u00f3t do zdrowia z pro\u015bba o dalsze \u0142aski dla Sebastiana z racji 10 urodzin<\/td>\n<\/tr>\n<tr>\n<td colspan=\"2\" width=\"680\"><strong>Wtorek, <\/strong>9 kwietnia\u00a0 2019<\/td>\n<\/tr>\n<tr>\n<td colspan=\"2\" width=\"680\"><strong>\u00a0<\/strong><\/td>\n<\/tr>\n<tr>\n<td width=\"85\"><\/td>\n<td width=\"595\"><\/td>\n<\/tr>\n<tr>\n<td width=\"85\"><strong>7.00<\/strong><\/td>\n<td width=\"595\">+ Stanis\u0142awa, Janin\u0119, Mariana ROS\u0141ON<\/td>\n<\/tr>\n<tr>\n<td width=\"85\"><strong>8.00<\/strong><\/td>\n<td width=\"595\">+ Mariana DRZAZGOWSKIEGO (GR 23)<\/td>\n<\/tr>\n<tr>\n<td width=\"85\"><strong>18.00<\/strong><\/td>\n<td width=\"595\">+ Helen\u0119 BAWOR (GR 10)<\/td>\n<\/tr>\n<tr>\n<td colspan=\"2\" width=\"680\"><strong>\u015aroda, <\/strong>10 kwietnia 2019<\/td>\n<\/tr>\n<tr>\n<td colspan=\"2\" width=\"680\"><strong>\u00a0<\/strong><\/td>\n<\/tr>\n<tr>\n<td width=\"85\"><strong>7.00<\/strong><\/td>\n<td width=\"595\">+ Helen\u0119 BAWOR (GR 11)<\/td>\n<\/tr>\n<tr>\n<td width=\"85\"><strong>8.00<\/strong><\/td>\n<td width=\"595\">+ Mariana DRZAZGOWSKIEGO (GR 24)<\/td>\n<\/tr>\n<tr>\n<td width=\"85\"><strong>18.00<\/strong><\/td>\n<td width=\"595\"><strong>NOWENNA DO MATKI BO<\/strong><strong>\u017b<\/strong><strong>EJ NIEUSTAJ<\/strong><strong>\u0104<\/strong><strong>CEJ POMOCY i MSZA \u015aW.<\/strong><\/p>\n<p>+ Wojciecha \u0141UKASZEWSKIEGO w 41 r. \u015bm. , Helen\u0119 i Antoniego \u0141UKASZEWSKICH, Barbar\u0119 i Wies\u0142awa NIES\u0141UCHOWSKICH<\/p>\n<p>+ Aleksandra i C.R. KARABANOW<\/p>\n<p>+ Andrzeja ZAJDOWSKIEGO w 30 dni po \u015bm. od ucz. pogrzebu<\/p>\n<p>+ Ludwika MAYERA w 30 dni po \u015bm.<\/p>\n<p>+ Teodor\u0119, Bogus\u0142awa DZIBISZEWSKICH, Boles\u0142awa CHMIELAKA, Dariusza i Artura PIOTROWSKICH<\/p>\n<p>+ Aleksandr\u0119 FRANIEWSK\u0104-KOTKOWSK\u0104<\/td>\n<\/tr>\n<tr>\n<td colspan=\"2\" width=\"680\"><strong>Czwartek<\/strong>, 11 kwietnia 2019<\/td>\n<\/tr>\n<tr>\n<td colspan=\"2\" width=\"680\"><strong>\u00a0<\/strong><\/td>\n<\/tr>\n<tr>\n<td width=\"85\"><strong>7.00<\/strong><\/td>\n<td width=\"595\">+ J\u00f3zefa H\u00d6FNERA<\/td>\n<\/tr>\n<tr>\n<td width=\"85\"><strong>8.00<\/strong><\/td>\n<td width=\"595\">+ Helen\u0119 BAWOR (GR 12)<\/td>\n<\/tr>\n<tr>\n<td width=\"85\"><strong>18.00<\/strong><\/td>\n<td width=\"595\">+ Mariana DRZAZGOWSKIEGO (GR 25)<\/td>\n<\/tr>\n<tr>\n<td colspan=\"2\" width=\"680\"><strong>Pi\u0105tek, <\/strong>12 kwietnia 2019<\/td>\n<\/tr>\n<tr>\n<td colspan=\"2\" width=\"680\"><strong>\u00a0<\/strong><\/td>\n<\/tr>\n<tr>\n<td width=\"85\"><strong>7.00<\/strong><\/td>\n<td width=\"595\">+ Mariana DRZAZGOWSKIEGO (GR 26)<\/td>\n<\/tr>\n<tr>\n<td width=\"85\"><strong>7.00<\/strong><\/td>\n<td width=\"595\">+ Helen\u0119 BAWOR (GR 13)<\/td>\n<\/tr>\n<tr>\n<td width=\"85\"><strong>8.00<\/strong><\/td>\n<td width=\"595\">\n<p>+ Stanis\u0142awa G\u0141USZCZ w 45 r. \u015bm., m\u0119\u017ca Stanis\u0142awa i syna Stanis\u0142awa oraz C.R. KAR\u0141OWSKICH<\/td>\n<\/tr>\n<tr>\n<td width=\"85\"><strong>18.00<\/strong><\/td>\n<td width=\"595\">+ Agnieszk\u0119 WA\u015a, C.R. KOWALCZYK, Bo\u017cen\u0119 JASKULSK\u0104, C.R. CUKRZY\u0143SKICH<\/td>\n<\/tr>\n<tr>\n<td colspan=\"2\" width=\"680\"><strong>Sobota<\/strong>, 13 kwietnia 2019<\/td>\n<\/tr>\n<tr>\n<td colspan=\"2\" width=\"680\"><strong>\u00a0<\/strong><\/td>\n<\/tr>\n<tr>\n<td width=\"85\"><strong>7.00<\/strong><\/td>\n<td width=\"595\">+ Mariana DRZAZGOWSKIEGO (GR 27)<\/td>\n<\/tr>\n<tr>\n<td width=\"85\"><strong>8.00<\/strong><\/td>\n<td width=\"595\">+ Helen\u0119 BAWOR (GR 14)<\/td>\n<\/tr>\n<tr>\n<td width=\"85\"><strong>8.00<\/strong><\/td>\n<td width=\"595\">\u00b7\u00a0 Przez wstawiennictwo \u015bw. Micha\u0142a Archanio\u0142a \u2013 za wszystkich czcicieli, duszpasterzy i wiernych z pro\u015bb\u0105 o opiek\u0119 i obron\u0119 przed z\u0142ym duchem.<\/td>\n<\/tr>\n<tr>\n<td width=\"85\"><strong>18.00<\/strong><\/td>\n<td width=\"595\">+ Magdalen\u0119 i Edwarda STRZA\u0141KOWSKICH<\/td>\n<\/tr>\n<\/tbody>\n<\/table>\n<\/div><\/section>\n","protected":false},"excerpt":{"rendered":"","protected":false},"author":1,"featured_media":1242,"comment_status":"closed","ping_status":"open","sticky":false,"template":"","format":"standard","meta":{"ngg_post_thumbnail":0,"footnotes":""},"categories":[6],"tags":[],"class_list":["post-2542","post","type-post","status-publish","format-standard","has-post-thumbnail","hentry","category-intencje-mszalne"],"_links":{"self":[{"href":"https:\/\/mbloretanska.pl\/index.php?rest_route=\/wp\/v2\/posts\/2542","targetHints":{"allow":["GET"]}}],"collection":[{"href":"https:\/\/mbloretanska.pl\/index.php?rest_route=\/wp\/v2\/posts"}],"about":[{"href":"https:\/\/mbloretanska.pl\/index.php?rest_route=\/wp\/v2\/types\/post"}],"author":[{"embeddable":true,"href":"https:\/\/mbloretanska.pl\/index.php?rest_route=\/wp\/v2\/users\/1"}],"replies":[{"embeddable":true,"href":"https:\/\/mbloretanska.pl\/index.php?rest_route=%2Fwp%2Fv2%2Fcomments&post=2542"}],"version-history":[{"count":1,"href":"https:\/\/mbloretanska.pl\/index.php?rest_route=\/wp\/v2\/posts\/2542\/revisions"}],"predecessor-version":[{"id":2543,"href":"https:\/\/mbloretanska.pl\/index.php?rest_route=\/wp\/v2\/posts\/2542\/revisions\/2543"}],"wp:featuredmedia":[{"embeddable":true,"href":"https:\/\/mbloretanska.pl\/index.php?rest_route=\/wp\/v2\/media\/1242"}],"wp:attachment":[{"href":"https:\/\/mbloretanska.pl\/index.php?rest_route=%2Fwp%2Fv2%2Fmedia&parent=2542"}],"wp:term":[{"taxonomy":"category","embeddable":true,"href":"https:\/\/mbloretanska.pl\/index.php?rest_route=%2Fwp%2Fv2%2Fcategories&post=2542"},{"taxonomy":"post_tag","embeddable":true,"href":"https:\/\/mbloretanska.pl\/index.php?rest_route=%2Fwp%2Fv2%2Ftags&post=2542"}],"curies":[{"name":"wp","href":"https:\/\/api.w.org\/{rel}","templated":true}]}}