{"id":2496,"date":"2019-03-30T21:49:21","date_gmt":"2019-03-30T20:49:21","guid":{"rendered":"http:\/\/mbloretanska.pl\/?p=2496"},"modified":"2019-03-30T21:49:23","modified_gmt":"2019-03-30T20:49:23","slug":"iv-niedziela-wielkiego-postu-31-marca-2019","status":"publish","type":"post","link":"https:\/\/mbloretanska.pl\/?p=2496","title":{"rendered":"IV niedziela wielkiego postu, 31 marca 2019"},"content":{"rendered":"<section  class='av_textblock_section av-jtvywmo6-621b8fd8d95e2352af7d5b2c4cb79091 '   itemscope=\"itemscope\" itemtype=\"https:\/\/schema.org\/BlogPosting\" itemprop=\"blogPost\" ><div class='avia_textblock'  itemprop=\"text\" ><p>1.\u00a0\u00a0\u00a0\u00a0<span class=\"apple-converted-space\">\u00a0<\/span>Dzisiaj rozpoczynamy parafialne rekolekcje wielkopostne, kt\u00f3re b\u0119d\u0105 trwa\u0142y przez cztery dni do \u015brody 3 kwietnia. Poprowadzi je o. Marcin Kowalewski, klaretyn. Msze \u015bw. z naukami rekolekcyjnymi o godz. 10.00, 18.00 i 19.30. Msza \u015bw. dla chorych w \u015brod\u0119 o godz. 10.00. Serdecznie zapraszamy.\u00a0\u00a0\u00a0\u00a0\u00a0\u00a0\u00a0 \u00a0\u00a0<span class=\"apple-converted-space\">\u00a0<\/span><\/p>\n<p>2.\u00a0\u00a0\u00a0\u00a0<span class=\"apple-converted-space\">\u00a0<\/span>Ze wzgl\u0119du na odbywaj\u0105ce si\u0119 w tym samym czasie rekolekcje dla m\u0142odzie\u017cy szkolnej 1-go, 2-go i 3-go kwietnia nie b\u0119dzie Mszy \u015bw. o godz. 8.00.\u00a0 Msza \u015bw. o godz. 7.00 b\u0119dzie bez nauki rekolekcyjnej. W czasie rekolekcji kancelaria parafialna b\u0119dzie nieczynna.<\/p>\n<p>3.\u00a0\u00a0\u00a0\u00a0<span class=\"apple-converted-space\">\u00a0<\/span>W tym tygodniu przypada I pi\u0105tek i I sobota miesi\u0105ca. Msze \u015bw. ku czci\u00a0Naj\u015bwi\u0119tszego Serca Pana Jezusa w pi\u0105tek o godz. 8.00 i 18.00. Msza \u015bw. ku czci Niepokalanego Serca Maryi w sobot\u0119 o godz. 8.00.<\/p>\n<p>4.\u00a0\u00a0\u00a0\u00a0<span class=\"apple-converted-space\">\u00a0<\/span>Serdecznie dzi\u0119kujemy za z\u0142o\u017cone w minion\u0105 niedziel\u0119 ofiary na renowacj\u0119 obrazu \u015bw. Antoniego. Zebrali\u015bmy 4580,- z\u0142. B\u00f3g zap\u0142a\u0107 tak\u017ce, za wszystkie ofiary sk\u0142adane indywidualnie oraz do skarbonki przy kaplicy. W intencji wszystkich ofiarodawc\u00f3w odprawimy trzy Msze \u015bw.: w Niedziel\u0119 Mi\u0142osierdzia Bo\u017cego 28 kwietnia o godz. 12.30, w Uroczysto\u015b\u0107 NMP Kr\u00f3lowej Polski 3 maja o godz. 7.00 oraz we wspomnienie \u015bw. Antoniego 13 czerwca o godz. 8.00.<\/p>\n<p>5.\u00a0\u00a0\u00a0\u00a0 Ofiary na kwiaty do grobu Pana Jezusa mo\u017cemy sk\u0142ada\u0107 przed Domkiem Loreta\u0144skim, obok wystawionego do adoracji krzy\u017ca.<\/p>\n<p>6.\u00a0\u00a0\u00a0\u00a0\u00a0 List Biskupa Romualda Kami\u0144skiego przed XIV Marszem \u015awi\u0119to\u015bci \u017bycia:<\/p>\n<p>Wielebni Duszpasterze,<br \/>\nCzcigodne Osoby \u017bycia Konsekrowanego,<br \/>\nUmi\u0142owani Diecezjanie.<\/p>\n<p>W przysz\u0142\u0105 niedziel\u0119,<span class=\"apple-converted-space\">\u00a0<\/span><b>7 kwietnia<\/b>, odb\u0119dzie si\u0119<span class=\"apple-converted-space\">\u00a0<\/span><b>XIV Marsz \u015awi\u0119to\u015bci \u017bycia<\/b>, kt\u00f3ry jest wsp\u00f3ln\u0105 inicjatyw\u0105 dw\u00f3ch warszawskich diecezji. Wydarzenie rozpocznie si\u0119 o\u00a0<b>godzinie 11<\/b>, jednocze\u015bnie w\u00a0<b>Archikatedrze Warszawskiej <\/b>oraz w\u00a0<b>Katedrze Warszawsko-Praskiej<\/b>. Obie cz\u0119\u015bci Marszu wyrusz\u0105 po Mszy \u015awi\u0119tej i\u00a0po\u0142\u0105cz\u0105 si\u0119 na placu Zamkowym. Zako\u0144czenie przewidywane jest na godzin\u0119 13 przed<span class=\"apple-converted-space\">\u00a0<\/span><b>Bazylik\u0105 \u015awi\u0119tego Krzy\u017ca na Krakowskim Przedmie\u015bciu<\/b>.<\/p>\n<p>Przes\u0142anie tegorocznego Marszu \u201e<b>Tato, to ja<\/b>\u201d jest wymowne. Dziecko delikatnym g\u0142osem prosi, nie tylko swojego tat\u0119, ale ca\u0142\u0105 rodzin\u0119 o\u00a0przyj\u0119cie, o\u00a0zapewnienie rozwoju, o\u00a0pomoc na drodze \u017cycia, kt\u00f3ra ma zaprowadzi\u0107 do Kr\u00f3lestwa Bo\u017cego.<\/p>\n<p>Marsz \u015awi\u0119to\u015bci \u017bycia zd\u0105\u017cy\u0142 si\u0119 ju\u017c wpisa\u0107 w\u00a0kalendarz najwa\u017cniejszych wydarze\u0144, kt\u00f3re ka\u017cdego roku odbywaj\u0105 si\u0119 w\u00a0naszej Diecezji. Zach\u0119cam Was wszystkich, Drodzy Diecezjanie, do udzia\u0142u, \u017ceby\u015bmy mogli wsp\u00f3lnie zamanifestowa\u0107 o\u00a0wielkiej sprawie, jak\u0105 jest obrona \u017cycia.<\/p>\n<p>Z pasterskim b\u0142ogos\u0142awie\u0144stwem<\/p>\n<p><i>\u00a0\u00a0\u00a0\u00a0 + Romuald Kami\u0144ski<br \/>\nBiskup Warszawsko-Praski<\/i><\/p>\n<\/div><\/section>\n","protected":false},"excerpt":{"rendered":"","protected":false},"author":1,"featured_media":46,"comment_status":"closed","ping_status":"open","sticky":false,"template":"","format":"standard","meta":{"ngg_post_thumbnail":0,"footnotes":""},"categories":[3],"tags":[],"class_list":["post-2496","post","type-post","status-publish","format-standard","has-post-thumbnail","hentry","category-ogloszenia-duszpasterskie"],"_links":{"self":[{"href":"https:\/\/mbloretanska.pl\/index.php?rest_route=\/wp\/v2\/posts\/2496","targetHints":{"allow":["GET"]}}],"collection":[{"href":"https:\/\/mbloretanska.pl\/index.php?rest_route=\/wp\/v2\/posts"}],"about":[{"href":"https:\/\/mbloretanska.pl\/index.php?rest_route=\/wp\/v2\/types\/post"}],"author":[{"embeddable":true,"href":"https:\/\/mbloretanska.pl\/index.php?rest_route=\/wp\/v2\/users\/1"}],"replies":[{"embeddable":true,"href":"https:\/\/mbloretanska.pl\/index.php?rest_route=%2Fwp%2Fv2%2Fcomments&post=2496"}],"version-history":[{"count":1,"href":"https:\/\/mbloretanska.pl\/index.php?rest_route=\/wp\/v2\/posts\/2496\/revisions"}],"predecessor-version":[{"id":2497,"href":"https:\/\/mbloretanska.pl\/index.php?rest_route=\/wp\/v2\/posts\/2496\/revisions\/2497"}],"wp:featuredmedia":[{"embeddable":true,"href":"https:\/\/mbloretanska.pl\/index.php?rest_route=\/wp\/v2\/media\/46"}],"wp:attachment":[{"href":"https:\/\/mbloretanska.pl\/index.php?rest_route=%2Fwp%2Fv2%2Fmedia&parent=2496"}],"wp:term":[{"taxonomy":"category","embeddable":true,"href":"https:\/\/mbloretanska.pl\/index.php?rest_route=%2Fwp%2Fv2%2Fcategories&post=2496"},{"taxonomy":"post_tag","embeddable":true,"href":"https:\/\/mbloretanska.pl\/index.php?rest_route=%2Fwp%2Fv2%2Ftags&post=2496"}],"curies":[{"name":"wp","href":"https:\/\/api.w.org\/{rel}","templated":true}]}}