{"id":2491,"date":"2019-03-24T02:37:12","date_gmt":"2019-03-24T01:37:12","guid":{"rendered":"http:\/\/mbloretanska.pl\/?p=2491"},"modified":"2019-03-24T02:37:14","modified_gmt":"2019-03-24T01:37:14","slug":"intencje-mszalne-17-30-03-2019","status":"publish","type":"post","link":"https:\/\/mbloretanska.pl\/?p=2491","title":{"rendered":"Intencje mszalne 17-30.03.2019"},"content":{"rendered":"<section  class='av_textblock_section av-jtm93rb1-431f48fb155768b983dae2180859af1c '   itemscope=\"itemscope\" itemtype=\"https:\/\/schema.org\/BlogPosting\" itemprop=\"blogPost\" ><div class='avia_textblock'  itemprop=\"text\" ><table width=\"680\">\n<tbody>\n<tr>\n<td colspan=\"2\" width=\"680\"><strong>Niedziela, <\/strong>17 marca 2019<\/p>\n<p><strong>II NIEDZIELA WIELKIEGO POSTU<\/strong><\/td>\n<\/tr>\n<tr>\n<td colspan=\"2\" width=\"680\"><\/td>\n<\/tr>\n<tr>\n<td width=\"85\"><strong>7.00<\/strong><\/td>\n<td width=\"595\">+ J\u00f3zefa, Agnieszk\u0119 BARTNIK\u00d3W, Ryszarda, Stanis\u0142aw\u0119, Feliksa, El\u017cbiet\u0119, Krzysztofa, Barbar\u0119, Mariana W\u00d3JCICKICH, Halin\u0119 KRAJCARZ, Teres\u0119 ROSADZI\u0143SK\u0104<\/td>\n<\/tr>\n<tr>\n<td width=\"85\"><strong>8.30<\/strong><\/td>\n<td width=\"595\">+ C.R. MUCIAK\u00d3W, ZIELI\u0143SKICH, D\u0104BROWSKICH, AKONOM\u00d3W, NOWAKOWSKICH<\/td>\n<\/tr>\n<tr>\n<td width=\"85\"><strong>10.00<\/strong><\/td>\n<td width=\"595\">+ J\u00f3zefa PYRZEWICZA (22 r. \u015bm.), C.R. PYRZEWICZ\u00d3W, KU\u015aMIERCZYK\u00d3W i NAGRABA<\/td>\n<\/tr>\n<tr>\n<td width=\"85\"><strong>11.00<\/strong><\/td>\n<td width=\"595\">+ Aniel\u0119 O\u015aWIT (12 r. \u015bm.) i Mieczys\u0142awa PAZU\u0141\u0118<\/td>\n<\/tr>\n<tr>\n<td width=\"85\"><strong>12.30<\/strong><\/td>\n<td width=\"595\"><strong>ZBIOROWA: <\/strong><strong>0. za Parafian<\/strong><\/p>\n<p>1. O \u0142ask\u0119 zdrowia dla Ireny<\/p>\n<p>2. O Bo\u017ce b\u0142ogos\u0142awie\u0144stwo dla dzieci , wnuk\u00f3w i prawnuk\u00f3w, Teresy i C.R. KWIATKOWSKICH oraz za -&gt;<\/p>\n<p>3.+ Ryszarda KWIATKOWSKIEGO<\/p>\n<p>4. + Ryszarda SKAR\u017bYCKIEGO w mc po \u015bmierci<\/p>\n<p>5. + Mariann\u0119 FURMANKIEWICZ w mc po \u015bm. (od ucz. pogrz.)<\/p>\n<p>6. + Ann\u0119 Teres\u0119 ZAWADZK\u0104 w mc po \u015bm.<\/p>\n<p>7. + Jana SOCHOCKIEGO (15 r. \u015bm.), Daniel\u0119 SOCHOCK\u0104, Mart\u0119 i Stanis\u0142awa SIENNICKICH<\/p>\n<p>8. + J\u00f3zefa, Juliann\u0119, W\u0142adys\u0142aw\u0119 i Bronis\u0142awa CIE\u015aLAK<\/p>\n<p>9. + Marzenk\u0119 SKRZYPCZAK (25 r. \u015bm.), C.R. DENIS\u00d3W, GROTKOWSKICH, KORYTKOWSKICH i BODZON\u00d3W<\/td>\n<\/tr>\n<tr>\n<td width=\"85\"><strong>18.00<\/strong><\/td>\n<td width=\"595\">\u00b7\u00a0\u00a0\u00a0\u00a0\u00a0\u00a0 O \u0142ask\u0119 powrotu do zdrowia i\u00a0 Bo\u017ce b\u0142ogos\u0142awie\u0144stwo dla Tomasza POCHYLSKIEGO z racji imienin<\/td>\n<\/tr>\n<tr>\n<td colspan=\"2\" width=\"680\"><strong>\u00a0<\/strong><\/p>\n<p><strong>Poniedzia\u0142ek<\/strong>, 18 marca\u00a0 2019<\/td>\n<\/tr>\n<tr>\n<td colspan=\"2\" width=\"680\"><strong>\u00a0<\/strong><\/td>\n<\/tr>\n<tr>\n<td width=\"85\"><strong>7.00<\/strong><\/td>\n<td width=\"595\">+Stefani\u0119, Piotra, Jana ZGADZAJSKICH, Zygmunta ROGALSKIEGO<\/td>\n<\/tr>\n<tr>\n<td width=\"85\"><strong>8.00<\/strong><\/td>\n<td width=\"595\">Rez.<\/td>\n<\/tr>\n<tr>\n<td width=\"85\"><strong>18.00<\/strong><\/td>\n<td width=\"595\">+ Edwarda KMIO\u0141EK(9 r. \u015bm.), Bogdana KMIO\u0141EK (5 r. \u015bm.)<\/td>\n<\/tr>\n<tr>\n<td width=\"85\"><strong>18.00<\/strong><\/td>\n<td width=\"595\">+ Mariana DRZAZGOWSKIEGO (GR 1)<\/td>\n<\/tr>\n<tr>\n<td colspan=\"2\" width=\"680\"><strong>\u00a0<\/strong><strong>Wtorek, <\/strong>19 marca\u00a0 2019<\/td>\n<\/tr>\n<tr>\n<td colspan=\"2\" width=\"680\"><strong>\u00a0<\/strong><\/td>\n<\/tr>\n<tr>\n<td width=\"85\"><\/td>\n<td width=\"595\"><\/td>\n<\/tr>\n<tr>\n<td width=\"85\"><strong>7.00<\/strong><\/td>\n<td width=\"595\">+ J\u00f3zefa i Eleonor\u0119<\/td>\n<\/tr>\n<tr>\n<td width=\"85\"><strong>8.00<\/strong><\/td>\n<td width=\"595\">+ Helen\u0119 i J\u00f3zefa MOZAL, Bogdana, Mari\u0119, Aleksandra i Stefana oraz C.R. MOZAL<\/td>\n<\/tr>\n<tr>\n<td width=\"85\"><strong>18.00<\/strong><\/td>\n<td width=\"595\">+ Mariana DRZAZGOWSKIEGO (GR 2)<\/td>\n<\/tr>\n<tr>\n<td colspan=\"2\" width=\"680\"><strong>\u00a0<\/strong><strong>\u015aroda, <\/strong>20 marca 2019<\/td>\n<\/tr>\n<tr>\n<td colspan=\"2\" width=\"680\"><strong>\u00a0<\/strong><\/td>\n<\/tr>\n<tr>\n<td width=\"85\"><strong>7.00<\/strong><\/td>\n<td width=\"595\">\u00b7\u00a0\u00a0\u00a0\u00a0\u00a0\u00a0 O dar nawr\u00f3cenia i potrzebne \u0142aski dla Danuty<\/td>\n<\/tr>\n<tr>\n<td width=\"85\"><strong>8.00<\/strong><\/td>\n<td width=\"595\">+ Mariana DRZAZGOWSKIEGO (GR 3)<\/td>\n<\/tr>\n<tr>\n<td width=\"85\"><strong>18.00<\/strong><\/td>\n<td width=\"595\"><strong>NOWENNA DO MATKI BO<\/strong><strong>\u017b<\/strong><strong>EJ NIEUSTAJ<\/strong><strong>\u0104<\/strong><strong>CEJ POMOCY i MSZA \u015aW.<\/strong><\/td>\n<\/tr>\n<tr>\n<td colspan=\"2\" width=\"680\"><strong>\u00a0<\/strong><strong>Czwartek<\/strong>, 21 marca 2019<\/td>\n<\/tr>\n<tr>\n<td colspan=\"2\" width=\"680\"><strong>\u00a0<\/strong><\/td>\n<\/tr>\n<tr>\n<td width=\"85\"><strong>7.00<\/strong><\/td>\n<td width=\"595\">+ Barbar\u0119 GRZEGORZEWSK\u0104 ( 3 r. \u015bm.)<\/td>\n<\/tr>\n<tr>\n<td width=\"85\"><strong>8.00<\/strong><\/td>\n<td width=\"595\">+ Mariana DRZAZGOWSKIEGO (GR 4)<\/td>\n<\/tr>\n<tr>\n<td width=\"85\"><strong>18.00<\/strong><\/td>\n<td width=\"595\">+ Jerzego REK (1 r. \u015bm.)<\/td>\n<\/tr>\n<tr>\n<td colspan=\"2\" width=\"680\"><strong>\u00a0<\/strong><strong>Pi\u0105tek, <\/strong>22 marca 2019<\/td>\n<\/tr>\n<tr>\n<td colspan=\"2\" width=\"680\"><strong>\u00a0<\/strong><\/td>\n<\/tr>\n<tr>\n<td width=\"85\"><strong>7.00<\/strong><\/td>\n<td width=\"595\">+ Zuzann\u0119 BRZOZOWSK\u0104 w 30 dni po \u015bmierci<\/td>\n<\/tr>\n<tr>\n<td width=\"85\"><strong>8.00<\/strong><\/td>\n<td width=\"595\">\n<p>+ Zofi\u0119 (30 r. \u015bm.), Tadeusza i Andrzeja PATRZYK\u00d3W<\/td>\n<\/tr>\n<tr>\n<td width=\"85\"><strong>10.30<\/strong><\/td>\n<td width=\"595\"><\/td>\n<\/tr>\n<tr>\n<td width=\"85\"><strong>11.45<\/strong><\/td>\n<td width=\"595\">Rez.<\/td>\n<\/tr>\n<tr>\n<td width=\"85\"><strong>13.00<\/strong><\/td>\n<td width=\"595\"><\/td>\n<\/tr>\n<tr>\n<td width=\"85\"><strong>18.00<\/strong><\/td>\n<td width=\"595\">+ Mariana DRZAZGOWSKIEGO (GR 5)<\/td>\n<\/tr>\n<tr>\n<td colspan=\"2\" width=\"680\"><strong>\u00a0<\/strong><strong>Sobota<\/strong>, 23 marca 2019<\/td>\n<\/tr>\n<tr>\n<td colspan=\"2\" width=\"680\"><strong>\u00a0<\/strong><\/td>\n<\/tr>\n<tr>\n<td width=\"85\"><strong>7.00<\/strong><\/td>\n<td width=\"595\">+ Mariana DRZAZGOWSKIEGO (GR 6)<\/td>\n<\/tr>\n<tr>\n<td width=\"85\"><strong>8.00<\/strong><\/td>\n<td width=\"595\">+ Henryk\u0119 OLEKSIAK ( 5 r. \u015bm.)<\/td>\n<\/tr>\n<tr>\n<td width=\"85\"><strong>18.00<\/strong><\/td>\n<td width=\"595\">+ Jana i W\u0142adys\u0142aw\u0119 K\u0141OSZEWSKICH<\/td>\n<\/tr>\n<\/tbody>\n<\/table>\n<p><strong>INTENCJE MSZALNE<\/strong><\/p>\n<table width=\"680\">\n<tbody>\n<tr>\n<td colspan=\"2\" width=\"680\"><strong>Niedziela, <\/strong>24 marca 2019<\/p>\n<p><strong>III NIEDZIELA WIELKIEGO POSTU<\/strong><\/td>\n<\/tr>\n<tr>\n<td colspan=\"2\" width=\"680\"><\/td>\n<\/tr>\n<tr>\n<td width=\"85\"><strong>7.00<\/strong><\/td>\n<td width=\"595\">\u00b7\u00a0\u00a0\u00a0\u00a0\u00a0\u00a0 O Bo\u017ce b\u0142ogos\u0142awie\u0144stwo i potrzebne \u0142aski dla ks. Dariusza z racji urodzin<\/td>\n<\/tr>\n<tr>\n<td width=\"85\"><strong>8.30<\/strong><\/td>\n<td width=\"595\">+ Stanis\u0142awa (20 r. \u015bm.), Zofi\u0119 i Wiktora \u015aWIECZKA<\/td>\n<\/tr>\n<tr>\n<td width=\"85\"><strong>10.00<\/strong><\/td>\n<td width=\"595\">+ Stanis\u0142awa GROMADZKIEGO (9 r. \u015bm.), C.R. GROMADZKICH i KAMI\u0143SKICH<\/td>\n<\/tr>\n<tr>\n<td width=\"85\"><strong>11.00<\/strong><\/td>\n<td width=\"595\">+ Sylwi\u0119 BOROWIECK\u0104 ( 3 r. \u015bm.)<\/td>\n<\/tr>\n<tr>\n<td width=\"85\"><strong>12.30<\/strong><\/td>\n<td width=\"595\"><strong>ZBIOROWA: <\/strong><strong>1. za Parafian<\/strong><\/p>\n<p>2. Barbar\u0119 ROMISZEWSK\u0104 w 30 dni po \u015bmierci<\/p>\n<p>3.+ El\u017cbiet\u0119 Weronik\u0119 PIECHOWSK\u0104 w 30 dni po \u015bmierci<\/p>\n<p>4. + Zygmunta MARKOWSKIEGO w mc po \u015bmierci (od ucz pogrz.)<\/p>\n<p>5. + Mari\u0119 Teres\u0119 RZESZOTEK w mc po \u015bm.<\/p>\n<p>6. + Ryszarda ORZECHOWSKIEGO w 15 r. \u015bm.<\/td>\n<\/tr>\n<tr>\n<td width=\"85\"><strong>18.00<\/strong><\/td>\n<td width=\"595\">+ Mariana DRZAZGOWSKIEGO (GR 7)<\/td>\n<\/tr>\n<tr>\n<td colspan=\"2\" width=\"680\"><strong>\u00a0<\/strong><strong>Poniedzia\u0142ek<\/strong>, 25 marca\u00a0 2019<\/p>\n<p><strong>ZWIASTOWANIE PA\u0143SKIE <\/strong>\u2013 uroczysto\u015b\u0107<\/td>\n<\/tr>\n<tr>\n<td colspan=\"2\" width=\"680\"><strong>\u00a0<\/strong><\/td>\n<\/tr>\n<tr>\n<td width=\"85\"><strong>7.00<\/strong><\/td>\n<td width=\"595\">+ Jerzego W\u0141ODARSKIEGO w 8 r . \u015bm.<\/td>\n<\/tr>\n<tr>\n<td width=\"85\"><strong>8.00<\/strong><\/td>\n<td width=\"595\">+ Mari\u0119 SZEWCZYK, jej m\u0119\u017ca J\u00f3zefa i matk\u0119 Teres\u0119<\/td>\n<\/tr>\n<tr>\n<td width=\"85\"><strong>18.00<\/strong><\/td>\n<td width=\"595\">+ Mariana DRZAZGOWSKIEGO (GR 8)<\/td>\n<\/tr>\n<tr>\n<td colspan=\"2\" width=\"680\"><strong>\u00a0<\/strong><strong>Wtorek, <\/strong>26 marca\u00a0 2019<\/td>\n<\/tr>\n<tr>\n<td colspan=\"2\" width=\"680\"><strong>\u00a0<\/strong><\/td>\n<\/tr>\n<tr>\n<td width=\"85\"><\/td>\n<td width=\"595\"><\/td>\n<\/tr>\n<tr>\n<td width=\"85\"><strong>7.00<\/strong><\/td>\n<td width=\"595\">+ Mariana DRZAZGOWSKIEGO (GR 9)<\/td>\n<\/tr>\n<tr>\n<td width=\"85\"><strong>8.00<\/strong><\/td>\n<td width=\"595\">+ Mariana \u015aWISTAKA w 66 r. \u015bm<\/td>\n<\/tr>\n<tr>\n<td width=\"85\"><strong>18.00<\/strong><\/td>\n<td width=\"595\">\u00b7\u00a0\u00a0\u00a0\u00a0\u00a0\u00a0 O potrzebne \u0142aski dla Roberta z racji urodzin<\/td>\n<\/tr>\n<tr>\n<td colspan=\"2\" width=\"680\"><strong>\u00a0<\/strong><strong>\u015aroda, <\/strong>27 marca 2019<\/td>\n<\/tr>\n<tr>\n<td colspan=\"2\" width=\"680\"><strong>\u00a0<\/strong><\/td>\n<\/tr>\n<tr>\n<td width=\"85\"><strong>7.00<\/strong><\/td>\n<td width=\"595\">+ Mariana DRZAZGOWSKIEGO (GR 10)<\/td>\n<\/tr>\n<tr>\n<td width=\"85\"><strong>8.00<\/strong><\/td>\n<td width=\"595\">+ Jadwig\u0119 B\u0141A\u017bEWICZ w 12 r. \u015bm., Stanis\u0142awa B\u0141A\u017bEWICZA\u00a0\u00a0\u00a0\u00a0\u00a0\u00a0\u00a0\u00a0\u00a0\u00a0\u00a0 i C.R. D\u0104BROWSKICH<\/td>\n<\/tr>\n<tr>\n<td width=\"85\"><strong>18.00<\/strong><\/td>\n<td width=\"595\"><strong>NOWENNA DO MATKI BO<\/strong><strong>\u017b<\/strong><strong>EJ NIEUSTAJ<\/strong><strong>\u0104<\/strong><strong>CEJ POMOCY i MSZA \u015aW.<\/strong><\/p>\n<p>+ Janin\u0119 Sp\u00f3ln\u0105 w 30 dni po \u015bm.<\/p>\n<p>+ Lucyn\u0119 KRYSIK w 30 dni po \u015bm.<\/p>\n<p>+ Ann\u0119 BURKACK\u0104 w 30 dni po \u015bm.<\/p>\n<p>+ Jadwig\u0119 WI\u015aNIEWSK\u0104 w 30 dni po \u015bm.<\/p>\n<p>+Tadeusza W\u0142adys\u0142awa KRZEWSKIEGO w 30 d.p.\u015b.(od ucz. pog.)<\/p>\n<p>+ Stefani\u0119 i Stanis\u0142awa \u0141UCZAK, Barbar\u0119 ORLIKOWSK\u0104<\/p>\n<p>\u00b7\u00a0\u00a0\u00a0\u00a0\u00a0\u00a0 oraz o potrzebne \u0142aski dla Ewy i Piotra ROZWADOWSKICH<\/td>\n<\/tr>\n<tr>\n<td colspan=\"2\" width=\"680\"><strong>Czwartek<\/strong>, 28 marca 2019<\/td>\n<\/tr>\n<tr>\n<td colspan=\"2\" width=\"680\"><strong>\u00a0<\/strong><\/td>\n<\/tr>\n<tr>\n<td width=\"85\"><strong>7.00<\/strong><\/td>\n<td width=\"595\">+ Stanis\u0142aw\u0119 GEPERT,J\u00f3zef\u0119 KORNACK\u0104, Stanis\u0142aw\u0119 MARTYNIAK<\/td>\n<\/tr>\n<tr>\n<td width=\"85\"><strong>8.00<\/strong><\/td>\n<td width=\"595\">+ Mariana KOSTRZEW\u0118 ( 32 r.) J\u00f3zefa i Aleksandr\u0119 KOSTRZEWA<\/td>\n<\/tr>\n<tr>\n<td width=\"85\"><strong>18.00<\/strong><\/td>\n<td width=\"595\">+ Mariana DRZAZGOWSKIEGO (GR 11)<\/td>\n<\/tr>\n<tr>\n<td colspan=\"2\" width=\"680\"><strong>Pi\u0105tek, <\/strong>29 marca 2019<\/td>\n<\/tr>\n<tr>\n<td colspan=\"2\" width=\"680\"><strong>\u00a0<\/strong><\/td>\n<\/tr>\n<tr>\n<td width=\"85\"><strong>7.00<\/strong><\/td>\n<td width=\"595\">+ Bronis\u0142awa i Aniel\u0119 SACHARCZUK, Jadwig\u0119 WASIUK,<\/p>\n<p>Zofi\u0119 FILIPIUK<\/td>\n<\/tr>\n<tr>\n<td width=\"85\"><strong>8.00<\/strong><\/td>\n<td width=\"595\">\n<p>+ Mariana DRZAZGOWSKIEGO (GR 12)<\/td>\n<\/tr>\n<tr>\n<td width=\"85\"><strong>11.30<\/strong><\/td>\n<td width=\"595\">Rekolekcje<\/td>\n<\/tr>\n<tr>\n<td width=\"85\"><strong>18.00<\/strong><\/td>\n<td width=\"595\">+ Genowef\u0119 i Wawrzy\u0144ca G\u00d3WCZYK\u00d3W (?)<\/td>\n<\/tr>\n<tr>\n<td colspan=\"2\" width=\"680\"><strong>\u00a0<\/strong><strong>Sobota<\/strong>, 30 marca 2019<\/td>\n<\/tr>\n<tr>\n<td colspan=\"2\" width=\"680\"><strong>\u00a0<\/strong><\/td>\n<\/tr>\n<tr>\n<td width=\"85\"><strong>7.00<\/strong><\/td>\n<td width=\"595\">+ Pelagi\u0119 i Karola LIPK\u00d3W<\/td>\n<\/tr>\n<tr>\n<td width=\"85\"><strong>8.00<\/strong><\/td>\n<td width=\"595\">+ Mariana DRZAZGOWSKIEGO (GR 13)<\/td>\n<\/tr>\n<tr>\n<td width=\"85\"><strong>18.00<\/strong><\/td>\n<td width=\"595\">+ Helen\u0119, J\u00f3zefa, Waldemara, Barnab\u0119 ZBROSZCZYK, Jana GLI\u0143SKIEGO<\/td>\n<\/tr>\n<\/tbody>\n<\/table>\n<\/div><\/section>\n","protected":false},"excerpt":{"rendered":"","protected":false},"author":1,"featured_media":1242,"comment_status":"closed","ping_status":"open","sticky":false,"template":"","format":"standard","meta":{"ngg_post_thumbnail":0,"footnotes":""},"categories":[6],"tags":[],"class_list":["post-2491","post","type-post","status-publish","format-standard","has-post-thumbnail","hentry","category-intencje-mszalne"],"_links":{"self":[{"href":"https:\/\/mbloretanska.pl\/index.php?rest_route=\/wp\/v2\/posts\/2491","targetHints":{"allow":["GET"]}}],"collection":[{"href":"https:\/\/mbloretanska.pl\/index.php?rest_route=\/wp\/v2\/posts"}],"about":[{"href":"https:\/\/mbloretanska.pl\/index.php?rest_route=\/wp\/v2\/types\/post"}],"author":[{"embeddable":true,"href":"https:\/\/mbloretanska.pl\/index.php?rest_route=\/wp\/v2\/users\/1"}],"replies":[{"embeddable":true,"href":"https:\/\/mbloretanska.pl\/index.php?rest_route=%2Fwp%2Fv2%2Fcomments&post=2491"}],"version-history":[{"count":1,"href":"https:\/\/mbloretanska.pl\/index.php?rest_route=\/wp\/v2\/posts\/2491\/revisions"}],"predecessor-version":[{"id":2492,"href":"https:\/\/mbloretanska.pl\/index.php?rest_route=\/wp\/v2\/posts\/2491\/revisions\/2492"}],"wp:featuredmedia":[{"embeddable":true,"href":"https:\/\/mbloretanska.pl\/index.php?rest_route=\/wp\/v2\/media\/1242"}],"wp:attachment":[{"href":"https:\/\/mbloretanska.pl\/index.php?rest_route=%2Fwp%2Fv2%2Fmedia&parent=2491"}],"wp:term":[{"taxonomy":"category","embeddable":true,"href":"https:\/\/mbloretanska.pl\/index.php?rest_route=%2Fwp%2Fv2%2Fcategories&post=2491"},{"taxonomy":"post_tag","embeddable":true,"href":"https:\/\/mbloretanska.pl\/index.php?rest_route=%2Fwp%2Fv2%2Ftags&post=2491"}],"curies":[{"name":"wp","href":"https:\/\/api.w.org\/{rel}","templated":true}]}}