{"id":2487,"date":"2019-03-24T02:29:58","date_gmt":"2019-03-24T01:29:58","guid":{"rendered":"http:\/\/mbloretanska.pl\/?p=2487"},"modified":"2019-03-24T02:30:56","modified_gmt":"2019-03-24T01:30:56","slug":"iii-niedziela-wielkiego-postu-24-03-2019","status":"publish","type":"post","link":"https:\/\/mbloretanska.pl\/?p=2487","title":{"rendered":"III niedziela wielkiego postu, 24.03.2019"},"content":{"rendered":"\n<p>1.\u00a0\u00a0\u00a0\u00a0\u00a0Zapraszamy do naszego ko\u015bcio\u0142a na wielkopostne nabo\u017ce\u0144stwa pasyjne. Gorzkie \u017cale w\u00a0\u00a0niedziele o godz. 17.15. Droga krzy\u017cowa w pi\u0105tki o godz. 17.1 z udzia\u0142em dzieci \/ oraz o godz. 18.30 \/dla starszych \/. Ja\u0142mu\u017cn\u0119 wielkopostn\u0105 mo\u017cemy sk\u0142ada\u0107 do skarbonki przy kaplicy \u015bw. Antoniego.<\/p>\n\n\n\n<p>2.&nbsp;&nbsp;&nbsp;&nbsp;&nbsp;Dzisiaj&nbsp;po Mszach \u015bw. zbi\u00f3rka do puszek na renowacj\u0119 obrazu \u015bw. Antoniego. B\u00f3g zap\u0142a\u0107 za z\u0142o\u017cone ofiary.<\/p>\n\n\n\n<p><em>3.\u00a0\u00a0\u00a0\u00a0\u00a0<\/em>Polska Federacja Ruch\u00f3w Obrony \u017bycia i Fundacja \u015bw. Benedykta zapraszaj\u0105 na Narodowy Marsz \u017bycia, kt\u00f3ry\u00a0\u00a0odb\u0119dzie si\u0119 dzisiaj w Warszawie. Po Mszy \u015bw. w ko\u015bciele \u015bw. Anny pocz\u0105tek Marszu o godz. 13.30 na Placu Zamkowym,\u00a0a nast\u0119pnie przemarsz na Plac Trzech Krzy\u017cy.<\/p>\n\n\n\n<p>4.\u00a0\u00a0\u00a0\u00a0\u00a0W poniedzia\u0142ek 25 marca Uroczysto\u015b\u0107 Zwiastowania Pa\u0144skie\u00a0Msze \u015bw. wg zwyk\u0142ego porz\u0105dku.<\/p>\n\n\n\n<p>5.&nbsp;&nbsp;&nbsp;&nbsp;&nbsp;We wtorek 26 marca po Mszy wieczornej, o godz. 18.30 spotkanie rodzic\u00f3w dzieci przygotowuj\u0105cych si\u0119 do I Komunii \u015bw.<\/p>\n\n\n\n<p>6.&nbsp;&nbsp;&nbsp;&nbsp;&nbsp;Za tydzie\u0144 31 marca rozpoczniemy parafialne rekolekcje wielkopostne, kt\u00f3re b\u0119d\u0105 trwa\u0142y przez cztery dni do \u015brody 3 kwietnia. Poprowadzi je o. Marcin Kowalewski, klaretyn. Msze \u015bw. z naukami rekolekcyjnymi o godz. 10.00, 18.00 i 19.30. Serdecznie zapraszamy.&nbsp;<\/p>\n\n\n\n<p>7.\u00a0\u00a0\u00a0\u00a0\u00a0\u00a0Ze wzgl\u0119du na odbywaj\u0105ce si\u0119 w tym samym czasie rekolekcje dla m\u0142odzie\u017cy 1-go, 2-go i 3-go kwietnia nie b\u0119dzie Mszy \u015bw. o godz. 8.00.\u00a0Msza \u015bw. o godz. 7.00 b\u0119dzie bez nauki rekolekcyjnej.\u00a0W tych dniach kancelaria parafialna b\u0119dzie nieczynna.<\/p>\n\n\n\n<p>8.\u00a0\u00a0\u00a0\u00a0W tygodniku Idziemy polecamy artyku\u0142y:\u00a0<em>Kto jest bez winy<\/em>\u00a0? ks. Henryka\u00a0Zieli\u0144skiego, oraz\u00a0<em>\u015apiew, wiara i rodzina<\/em>\u00a0o Krystynie Szostek-Radkowej,\u00a0legendzie polskiej muzyki operowej.<\/p>\n","protected":false},"excerpt":{"rendered":"<p>1.\u00a0\u00a0\u00a0\u00a0\u00a0Zapraszamy do naszego ko\u015bcio\u0142a na wielkopostne nabo\u017ce\u0144stwa pasyjne. Gorzkie \u017cale w\u00a0\u00a0niedziele o godz. 17.15. Droga krzy\u017cowa w pi\u0105tki o godz. 17.1 z udzia\u0142em dzieci \/ oraz o godz. 18.30 \/dla starszych \/. Ja\u0142mu\u017cn\u0119 wielkopostn\u0105 mo\u017cemy sk\u0142ada\u0107 do skarbonki przy kaplicy \u015bw. Antoniego. 2.&nbsp;&nbsp;&nbsp;&nbsp;&nbsp;Dzisiaj&nbsp;po Mszach \u015bw. zbi\u00f3rka do puszek na renowacj\u0119 obrazu \u015bw. Antoniego. B\u00f3g zap\u0142a\u0107 [&hellip;]<\/p>\n","protected":false},"author":1,"featured_media":46,"comment_status":"closed","ping_status":"open","sticky":false,"template":"","format":"standard","meta":{"ngg_post_thumbnail":0,"footnotes":""},"categories":[3],"tags":[],"class_list":["post-2487","post","type-post","status-publish","format-standard","has-post-thumbnail","hentry","category-ogloszenia-duszpasterskie"],"_links":{"self":[{"href":"https:\/\/mbloretanska.pl\/index.php?rest_route=\/wp\/v2\/posts\/2487","targetHints":{"allow":["GET"]}}],"collection":[{"href":"https:\/\/mbloretanska.pl\/index.php?rest_route=\/wp\/v2\/posts"}],"about":[{"href":"https:\/\/mbloretanska.pl\/index.php?rest_route=\/wp\/v2\/types\/post"}],"author":[{"embeddable":true,"href":"https:\/\/mbloretanska.pl\/index.php?rest_route=\/wp\/v2\/users\/1"}],"replies":[{"embeddable":true,"href":"https:\/\/mbloretanska.pl\/index.php?rest_route=%2Fwp%2Fv2%2Fcomments&post=2487"}],"version-history":[{"count":2,"href":"https:\/\/mbloretanska.pl\/index.php?rest_route=\/wp\/v2\/posts\/2487\/revisions"}],"predecessor-version":[{"id":2489,"href":"https:\/\/mbloretanska.pl\/index.php?rest_route=\/wp\/v2\/posts\/2487\/revisions\/2489"}],"wp:featuredmedia":[{"embeddable":true,"href":"https:\/\/mbloretanska.pl\/index.php?rest_route=\/wp\/v2\/media\/46"}],"wp:attachment":[{"href":"https:\/\/mbloretanska.pl\/index.php?rest_route=%2Fwp%2Fv2%2Fmedia&parent=2487"}],"wp:term":[{"taxonomy":"category","embeddable":true,"href":"https:\/\/mbloretanska.pl\/index.php?rest_route=%2Fwp%2Fv2%2Fcategories&post=2487"},{"taxonomy":"post_tag","embeddable":true,"href":"https:\/\/mbloretanska.pl\/index.php?rest_route=%2Fwp%2Fv2%2Ftags&post=2487"}],"curies":[{"name":"wp","href":"https:\/\/api.w.org\/{rel}","templated":true}]}}