{"id":2047,"date":"2018-11-24T15:45:25","date_gmt":"2018-11-24T14:45:25","guid":{"rendered":"http:\/\/mbloretanska.pl\/?p=2047"},"modified":"2018-11-24T15:45:25","modified_gmt":"2018-11-24T14:45:25","slug":"intencje-mszalne-25-11-01-12-18","status":"publish","type":"post","link":"https:\/\/mbloretanska.pl\/?p=2047","title":{"rendered":"intencje mszalne 25.11-01.12.18"},"content":{"rendered":"<p><strong>\u00a0<\/strong><\/p>\n<table width=\"680\">\n<tbody>\n<tr>\n<td colspan=\"2\" width=\"680\">\n<p style=\"text-align: center;\"><strong>XXXIV NIEDZIELA ZWYK\u0141A,\u00a0<\/strong>25 listopada\u00a0 2018<\/p>\n<\/td>\n<\/tr>\n<tr>\n<td colspan=\"2\" width=\"680\">&nbsp;<\/td>\n<\/tr>\n<tr>\n<td width=\"112\"><strong>7.00<\/strong><\/td>\n<td width=\"568\">+<\/td>\n<\/tr>\n<tr>\n<td width=\"112\"><strong>8.30<\/strong><\/td>\n<td width=\"568\">&#8211; Dzi\u0119kczynno-b\u0142ag w 91 r. urodzin Zofii z pro\u015bb\u0105 o Bo\u017ce blog., zdrowie, opiek\u0119 MB Loreta\u0144skiej<\/p>\n<p>+ Stanis\u0142awa Gr\u0105dzkiego (25 GR)<\/td>\n<\/tr>\n<tr>\n<td width=\"112\"><strong>10.00<\/strong><\/td>\n<td width=\"568\">\u00a0+ Stanis\u0142awa Zasiewskiego, jego rodzic\u00f3w i rodze\u0144stwo<\/td>\n<\/tr>\n<tr>\n<td width=\"112\"><strong>11.00<\/strong><\/td>\n<td width=\"568\">+ Jana Kempisty\u00a0 w 2 r. \u015bm.<\/td>\n<\/tr>\n<tr>\n<td width=\"112\"><strong>12.30<\/strong><\/td>\n<td width=\"568\">+ Rodzic\u00f3w Janin\u0119 i Wac\u0142awa, brata Jerzego,<\/p>\n<p>CR \u015awiergalskich i Bo\u017ckiewicz<\/td>\n<\/tr>\n<tr>\n<td width=\"112\"><strong>18.00<\/strong><\/td>\n<td width=\"568\">+ Jana Tomczaka, Franciszk\u0119, S\u0142awomira Paprockich, Stanis\u0142aw\u0119, Jolant\u0119 Paszkiewicz<\/td>\n<\/tr>\n<tr>\n<td colspan=\"2\" width=\"680\">\n<p style=\"text-align: center;\"><strong>\u00a0<\/strong><strong>Poniedzia\u0142ek<\/strong>,\u00a019 listopada\u00a0 2018<\/p>\n<\/td>\n<\/tr>\n<tr>\n<td colspan=\"2\" width=\"680\"><strong>\u00a0<\/strong><\/td>\n<\/tr>\n<tr>\n<td width=\"112\"><strong>7.00<\/strong><\/td>\n<td width=\"568\">+ Zofi\u0119, Wac\u0142awa W\u00f3jcik, Ann\u0119 Krynick\u0105, Piotra, Franciszka, Teres\u0119 \u0141awrynowicz, Krystyn\u0119 Michnowsk\u0105<\/td>\n<\/tr>\n<tr>\n<td width=\"112\"><strong>8.00<\/strong><\/td>\n<td width=\"568\">+ Stanis\u0142awa Gr\u0105dzkiego (26 GR)<\/td>\n<\/tr>\n<tr>\n<td width=\"112\"><strong>18.00<\/strong><\/td>\n<td width=\"568\">+ Zdzis\u0142awa z racji imienin, Danut\u0119, Lecha, ich syn\u00f3w Radka i Darka<\/td>\n<\/tr>\n<tr>\n<td colspan=\"2\" width=\"680\">\n<p style=\"text-align: center;\"><strong>Wtorek,\u00a0<\/strong>27 listopada\u00a0 2018<\/p>\n<\/td>\n<\/tr>\n<tr>\n<td colspan=\"2\" width=\"680\"><strong>\u00a0<\/strong><\/td>\n<\/tr>\n<tr>\n<td width=\"112\"><strong>7.00<\/strong><\/td>\n<td width=\"568\">+ Aniel\u0119, Aleksandra, CR Kotarskich i Omilian\u00f3w<\/td>\n<\/tr>\n<tr>\n<td width=\"112\"><strong>8.00<\/strong><\/td>\n<td width=\"568\">+ Stanis\u0142awa Gr\u0105dzkiego (27 GR)<\/td>\n<\/tr>\n<tr>\n<td width=\"112\"><strong>18.00<\/strong><\/td>\n<td width=\"568\">+<\/td>\n<\/tr>\n<tr>\n<td colspan=\"2\" width=\"680\">\n<p style=\"text-align: center;\"><strong>\u015aroda,\u00a0<\/strong>28 listopada\u00a0 2018<\/p>\n<\/td>\n<\/tr>\n<tr>\n<td colspan=\"2\" width=\"680\"><strong>\u00a0<\/strong><\/td>\n<\/tr>\n<tr>\n<td width=\"112\"><strong>7.00<\/strong><\/td>\n<td width=\"568\">&#8211; o zdrowie i potrzebne \u0142aski dla ks. Marcina<\/td>\n<\/tr>\n<tr>\n<td width=\"112\"><strong>8.00<\/strong><\/td>\n<td width=\"568\">+ Stanis\u0142awa Gr\u0105dzkiego (28 GR)<\/td>\n<\/tr>\n<tr>\n<td width=\"112\"><strong>17.45<\/strong><\/td>\n<td width=\"568\">NOWENNA DO MATKI BO\u017bEJ NIEUSTAJ\u0104CEJ POMOCY I MSZA \u015aWI\u0118TA<\/td>\n<\/tr>\n<tr>\n<td colspan=\"2\" width=\"680\">\n<p style=\"text-align: center;\"><strong>\u00a0<\/strong><strong>Czwartek,\u00a0<\/strong>29 listopada\u00a0 2018<\/p>\n<\/td>\n<\/tr>\n<tr>\n<td colspan=\"2\" width=\"680\"><strong>\u00a0<\/strong><\/td>\n<\/tr>\n<tr>\n<td width=\"112\"><strong>7.00<\/strong><\/td>\n<td width=\"568\">+ Wand\u0119 Wojtkowsk\u0105 w 35 r. \u015bm.<\/td>\n<\/tr>\n<tr>\n<td width=\"112\"><strong>8.00<\/strong><\/td>\n<td width=\"568\">+ Stanis\u0142awa Gr\u0105dzkiego (29 GR)<\/td>\n<\/tr>\n<tr>\n<td width=\"112\"><strong>18.00<\/strong><\/td>\n<td width=\"568\">+ Antoniego Rosi\u0144skiego w rocznic\u0119 \u015bm.<\/td>\n<\/tr>\n<tr>\n<td colspan=\"2\" width=\"680\">\n<p style=\"text-align: center;\"><strong>Pi\u0105tek,\u00a0<\/strong>30 listopada\u00a0 2018<\/p>\n<\/td>\n<\/tr>\n<tr>\n<td colspan=\"2\" width=\"680\"><strong>\u00a0<\/strong><\/td>\n<\/tr>\n<tr>\n<td width=\"112\"><strong>7.00<\/strong><\/td>\n<td width=\"568\">+ Stanis\u0142awa Gr\u0105dzkiego (30 ost. GR)<\/td>\n<\/tr>\n<tr>\n<td width=\"112\"><strong>8.00<\/strong><\/td>\n<td width=\"568\">+ Andrzeja Rzeszotek, W\u0142adys\u0142aw\u0119, Leokadi\u0119, Tadeusza, Leokadi\u0119, Zbigniewa, Mari\u0119 Rzeszotek<\/td>\n<\/tr>\n<tr>\n<td width=\"112\"><strong>18.00<\/strong><\/td>\n<td width=\"568\">&#8211; w intencji dzi\u0119kczynnej z racji imienin Andrzeja Matuszewskiego, z pro\u015bb\u0105 o Bo\u0119 b\u0142og, potrzebne \u0142aski i opiek\u0119 MB Loreta\u0144skeij<\/td>\n<\/tr>\n<tr>\n<td colspan=\"2\" width=\"680\">\n<p style=\"text-align: center;\"><strong>Sobota,\u00a0<\/strong>01 grudnia\u00a0 2018<\/p>\n<\/td>\n<\/tr>\n<tr>\n<td colspan=\"2\" width=\"680\"><strong>\u00a0<\/strong><\/td>\n<\/tr>\n<tr>\n<td width=\"112\"><strong>7.00<\/strong><\/td>\n<td width=\"568\">+ Danut\u0119, Szczepana, Tadeusza CR Borkowskich, dusze cierpi\u0105ce w czy\u015b\u0107cu<\/td>\n<\/tr>\n<tr>\n<td width=\"112\"><strong>8.00<\/strong><\/td>\n<td width=\"568\">+ Matyld\u0119, Micha\u0142a, Jadwig\u0119, Kazimierza, Stefani\u0119 Opalskich<\/td>\n<\/tr>\n<tr>\n<td width=\"112\"><strong>18.00<\/strong><\/td>\n<td width=\"568\">+ \u00a0Barbar\u0119, Henryka \u015awi\u0119ch, CR Paszkowskich i \u015awi\u0119ch<\/td>\n<\/tr>\n<\/tbody>\n<\/table>\n<p>&nbsp;<\/p>\n<p>&nbsp;<\/p>\n","protected":false},"excerpt":{"rendered":"<p>\u00a0 XXXIV NIEDZIELA ZWYK\u0141A,\u00a025 listopada\u00a0 2018 &nbsp; 7.00 + 8.30 &#8211; Dzi\u0119kczynno-b\u0142ag w 91 r. urodzin Zofii z pro\u015bb\u0105 o Bo\u017ce blog., zdrowie, opiek\u0119 MB Loreta\u0144skiej + Stanis\u0142awa Gr\u0105dzkiego (25 GR) 10.00 \u00a0+ Stanis\u0142awa Zasiewskiego, jego rodzic\u00f3w i rodze\u0144stwo 11.00 + Jana Kempisty\u00a0 w 2 r. \u015bm. 12.30 + Rodzic\u00f3w Janin\u0119 i Wac\u0142awa, brata Jerzego, [&hellip;]<\/p>\n","protected":false},"author":1,"featured_media":1242,"comment_status":"closed","ping_status":"open","sticky":false,"template":"","format":"standard","meta":{"ngg_post_thumbnail":0,"footnotes":""},"categories":[6],"tags":[],"class_list":["post-2047","post","type-post","status-publish","format-standard","has-post-thumbnail","hentry","category-intencje-mszalne"],"_links":{"self":[{"href":"https:\/\/mbloretanska.pl\/index.php?rest_route=\/wp\/v2\/posts\/2047","targetHints":{"allow":["GET"]}}],"collection":[{"href":"https:\/\/mbloretanska.pl\/index.php?rest_route=\/wp\/v2\/posts"}],"about":[{"href":"https:\/\/mbloretanska.pl\/index.php?rest_route=\/wp\/v2\/types\/post"}],"author":[{"embeddable":true,"href":"https:\/\/mbloretanska.pl\/index.php?rest_route=\/wp\/v2\/users\/1"}],"replies":[{"embeddable":true,"href":"https:\/\/mbloretanska.pl\/index.php?rest_route=%2Fwp%2Fv2%2Fcomments&post=2047"}],"version-history":[{"count":2,"href":"https:\/\/mbloretanska.pl\/index.php?rest_route=\/wp\/v2\/posts\/2047\/revisions"}],"predecessor-version":[{"id":2049,"href":"https:\/\/mbloretanska.pl\/index.php?rest_route=\/wp\/v2\/posts\/2047\/revisions\/2049"}],"wp:featuredmedia":[{"embeddable":true,"href":"https:\/\/mbloretanska.pl\/index.php?rest_route=\/wp\/v2\/media\/1242"}],"wp:attachment":[{"href":"https:\/\/mbloretanska.pl\/index.php?rest_route=%2Fwp%2Fv2%2Fmedia&parent=2047"}],"wp:term":[{"taxonomy":"category","embeddable":true,"href":"https:\/\/mbloretanska.pl\/index.php?rest_route=%2Fwp%2Fv2%2Fcategories&post=2047"},{"taxonomy":"post_tag","embeddable":true,"href":"https:\/\/mbloretanska.pl\/index.php?rest_route=%2Fwp%2Fv2%2Ftags&post=2047"}],"curies":[{"name":"wp","href":"https:\/\/api.w.org\/{rel}","templated":true}]}}