{"id":2032,"date":"2018-11-17T18:39:31","date_gmt":"2018-11-17T17:39:31","guid":{"rendered":"http:\/\/mbloretanska.pl\/?p=2032"},"modified":"2018-11-17T18:42:23","modified_gmt":"2018-11-17T17:42:23","slug":"xxxiii-niedziela-zwykla-18-listopada-2018","status":"publish","type":"post","link":"https:\/\/mbloretanska.pl\/?p=2032","title":{"rendered":"XXXIII niedziela zwyk\u0142a, 18 listopada 2018"},"content":{"rendered":"<p>1. Dzi\u015b obchodzimy \u015awiatowy Dzie\u0144 Ubogich, kt\u00f3ry jest zaproszeniem do kszta\u0142towania w sobie wyobra\u017ani mi\u0142osierdzia. Specjalne, po\u015bwi\u0119cone ubogim or\u0119dzie papie\u017ca Franciszka znajdziemy na stronie internetowej naszej diecezji.<\/p>\n<p>2. Dzisiaj po Mszy wieczornej spotkanie kandydat\u00f3w do bierzmowania.<\/p>\n<p>3. We wtorek 20 XI po Mszy wieczornej, o godz. 18.30 zapraszamy na spotkanie rodzic\u00f3w dzieci z klas III &#8211; w ramach przygotowania do I Komunii \u015bw.<\/p>\n<p>4. Ko\u0144czy si\u0119 czas nawiedzenia rodzin naszej parafii przez u\u015bwi\u0119cony Jasnog\u00f3rsk\u0105 Ikon\u0105 wizerunek Maryi. Osoby, kt\u00f3re jeszcze nie przyj\u0119\u0142y obrazu Matki Bo\u017cej, a chcia\u0142yby spotka\u0107 si\u0119 w swoim domu z Maryj\u0105 prosimy o wizyt\u0119 w zakrystii.<\/p>\n<p>5. Dzi\u0119kujemy za ofiary sk\u0142adane na tac\u0119: przed tygodniem na inwestycje parafialne, dzi\u015b na Seminarium Duchowne.<span class=\"apple-converted-space\">\u00a0<\/span><\/p>\n<p>6. Diakonia Ewangelizacji zaprasza ma\u0142\u017ce\u0144stwa i narzeczonych na Warsztaty Ma\u0142\u017ce\u0144skie, kt\u00f3rych tematem b\u0119dzie:<span class=\"apple-converted-space\">\u00a0<\/span><i>Kryzys \u2013 ma\u0142\u017ce\u0144stwo na zakr\u0119cie<\/i>. Poprowadzi je w naszej katedrze znany dominikanin o. Wojciech J\u0119drzejewski. Szczeg\u00f3\u0142y na plakacie.<\/p>\n<p>7. W przysz\u0142\u0105 niedziel\u0119, ostatni\u0105 w tym roku liturgicznym Uroczysto\u015b\u0107 Jezusa Chrystusa Kr\u00f3la Wszech\u015bwiata.<\/p>\n<p>8. Fundacja<span class=\"apple-converted-space\">\u00a0<\/span><i>Chrze\u015bcija\u0144skie Granie<\/i>zaprasza w niedziel\u0119 25 XI do Areny Ursyn\u00f3w na 8<span class=\"apple-converted-space\">\u00a0<\/span><i>Festiwal Chrze\u015bcija\u0144skie Granie.<span class=\"apple-converted-space\">\u00a0<\/span><\/i>Na scenie pojawi\u0105 si\u0119 gwiazdy muzyki chrze\u015bcija\u0144skiej oraz debiutanci. Przewidziane s\u0105 strefy: dla dzieci i powo\u0142aniowo-rodzinna. Szczeg\u00f3\u0142y znajdziemy na plakacie.<\/p>\n<p>9.<span class=\"apple-converted-space\">\u00a0<\/span>Za dwa tygodnie pocz\u0105tek adwentu, a wraz z nim rozpoczniemy wizyty kol\u0119dowe. Zachowuj\u0105c tak, jak w poprzednich latach alfabetyczn\u0105 kolejno\u015b\u0107 ulic b\u0119dziemy odwiedza\u0107 parafian w tygodniu od godz. 16.30, a w soboty od godz. 11.00. Bli\u017csze informacje podamy w przysz\u0142\u0105 niedziel\u0119.<\/p>\n<p>10. W tygodniku<span class=\"apple-converted-space\">\u00a0<\/span><i>Idziemy<span class=\"apple-converted-space\">\u00a0<\/span><\/i>znajdziemy ciekawe informacje z \u017cycia Ko\u015bcio\u0142a oraz artyku\u0142y:<span class=\"apple-converted-space\">\u00a0<\/span><i>Moda na czysto\u015b\u0107, Jak rozumie\u0107 Apokalips\u0119, Rodzina to moja ostoja<\/i>. Cieszymy si\u0119, \u017ce ro\u015bnie te\u017c zainteresowanie nasz\u0105 gazetk\u0105 parafialn\u0105.<\/p>\n<p>11. Wszystkim parafianom i naszym go\u015bciom \u017cyczymy udanego, niedzielnego odpoczynku oraz dobrego, b\u0142ogos\u0142awionego tygodnia.<\/p>\n","protected":false},"excerpt":{"rendered":"<p>1. Dzi\u015b obchodzimy \u015awiatowy Dzie\u0144 Ubogich, kt\u00f3ry jest zaproszeniem do kszta\u0142towania w sobie wyobra\u017ani mi\u0142osierdzia. Specjalne, po\u015bwi\u0119cone ubogim or\u0119dzie papie\u017ca Franciszka znajdziemy na stronie internetowej naszej diecezji. 2. Dzisiaj po Mszy wieczornej spotkanie kandydat\u00f3w do bierzmowania. 3. We wtorek 20 XI po Mszy wieczornej, o godz. 18.30 zapraszamy na spotkanie rodzic\u00f3w dzieci z klas III [&hellip;]<\/p>\n","protected":false},"author":1,"featured_media":46,"comment_status":"closed","ping_status":"open","sticky":false,"template":"","format":"standard","meta":{"ngg_post_thumbnail":0,"footnotes":""},"categories":[3],"tags":[],"class_list":["post-2032","post","type-post","status-publish","format-standard","has-post-thumbnail","hentry","category-ogloszenia-duszpasterskie"],"_links":{"self":[{"href":"https:\/\/mbloretanska.pl\/index.php?rest_route=\/wp\/v2\/posts\/2032","targetHints":{"allow":["GET"]}}],"collection":[{"href":"https:\/\/mbloretanska.pl\/index.php?rest_route=\/wp\/v2\/posts"}],"about":[{"href":"https:\/\/mbloretanska.pl\/index.php?rest_route=\/wp\/v2\/types\/post"}],"author":[{"embeddable":true,"href":"https:\/\/mbloretanska.pl\/index.php?rest_route=\/wp\/v2\/users\/1"}],"replies":[{"embeddable":true,"href":"https:\/\/mbloretanska.pl\/index.php?rest_route=%2Fwp%2Fv2%2Fcomments&post=2032"}],"version-history":[{"count":3,"href":"https:\/\/mbloretanska.pl\/index.php?rest_route=\/wp\/v2\/posts\/2032\/revisions"}],"predecessor-version":[{"id":2034,"href":"https:\/\/mbloretanska.pl\/index.php?rest_route=\/wp\/v2\/posts\/2032\/revisions\/2034"}],"wp:featuredmedia":[{"embeddable":true,"href":"https:\/\/mbloretanska.pl\/index.php?rest_route=\/wp\/v2\/media\/46"}],"wp:attachment":[{"href":"https:\/\/mbloretanska.pl\/index.php?rest_route=%2Fwp%2Fv2%2Fmedia&parent=2032"}],"wp:term":[{"taxonomy":"category","embeddable":true,"href":"https:\/\/mbloretanska.pl\/index.php?rest_route=%2Fwp%2Fv2%2Fcategories&post=2032"},{"taxonomy":"post_tag","embeddable":true,"href":"https:\/\/mbloretanska.pl\/index.php?rest_route=%2Fwp%2Fv2%2Ftags&post=2032"}],"curies":[{"name":"wp","href":"https:\/\/api.w.org\/{rel}","templated":true}]}}