{"id":2026,"date":"2018-11-10T19:58:35","date_gmt":"2018-11-10T18:58:35","guid":{"rendered":"http:\/\/mbloretanska.pl\/?p=2026"},"modified":"2018-11-10T19:59:29","modified_gmt":"2018-11-10T18:59:29","slug":"xxxii-niedziela-zwykla-11-listopada-2018","status":"publish","type":"post","link":"https:\/\/mbloretanska.pl\/?p=2026","title":{"rendered":"XXXII niedziela zwyk\u0142a, 11  listopada 2018"},"content":{"rendered":"<p><span style=\"color: #000000;\">1. W 100\u00a0 rocznic\u0105 odzyskania przez Polsk\u0119 Niepodleg\u0142o\u015bci zapraszamy dzi\u015b na specjalne nabo\u017ce\u0144stwo dzi\u0119kczynno-b\u0142agalne w intencji Ojczyzny. Odprawimy je \u00a0przed Msz\u0105 \u015bw. wieczorn\u0105 o godz. 17.30.\u00a0\u00a0\u00a0 <\/span><\/p>\n<p><span style=\"color: #000000;\">2. Ze wzgl\u0119du na \u015bwi\u0119to pa\u0144stwowe w poniedzia\u0142ek 12 XI kancelaria parafialna b\u0119dzie nieczynna. <\/span><\/p>\n<p><span style=\"color: #000000;\">3. Dzi\u015b sk\u0142adamy \u017cyczenia imieninowe wszystkim Marcinom. W\u015br\u00f3d solenizant\u00f3w jest tak\u017ce ks. Marcin &#8211; nasz wikariusz. Msza \u015bw. w jego intencji z racji imienin o godz. 10.00. \u00a0<\/span><\/p>\n<p><span style=\"color: #000000;\">4. W pi\u0105tek 16 XI wspomnienie NMP Ostrobramskiej, Matki Mi\u0142osierdzia. <\/span><\/p>\n<p><span style=\"color: #000000;\">5. W przysz\u0142\u0105 niedziel\u0119 \u00a0w naszej diecezji \u00a0taca na Seminarium Duchowne. <\/span><\/p>\n<p><span style=\"color: #000000;\">6. Biuro Pomocy i Projekt\u00f3w Spo\u0142ecznych zaprasza na bezp\u0142atne kursy komputerowe dla senior\u00f3w, kt\u00f3re b\u0119d\u0105 prowadzone w Czytelni Naukowej nr X na ul. Skoczylasa 9. Szczeg\u00f3\u0142y na plakacie.<\/span><\/p>\n<p><span style=\"color: #000000;\">7. W ramach projektu Praska Jesie\u0144 w \u015awi\u0105tyniach zapraszamy na koncert Duetu Fortepianowego Genova &amp; Dimitrow, kt\u00f3ry odb\u0119dzie si\u0119 w naszym ko\u015bciele w najbli\u017csz\u0105 sobot\u0119 17 listopada o godz. 18.30. Wst\u0119p wolny.<\/span><\/p>\n<p><span style=\"color: #000000;\">8. Na stoliku prasowym znajdziemy tygodnik <i>Idziemy<\/i>, oraz gazetk\u0119 parafialn\u0105 <i>We\u017a Ewangeli\u0119\u00a0 do domu<\/i>.\u00a0\u00a0\u00a0\u00a0\u00a0\u00a0\u00a0\u00a0\u00a0\u00a0\u00a0\u00a0\u00a0\u00a0\u00a0\u00a0\u00a0\u00a0\u00a0\u00a0\u00a0\u00a0\u00a0\u00a0\u00a0\u00a0\u00a0\u00a0\u00a0\u00a0\u00a0\u00a0\u00a0\u00a0\u00a0\u00a0\u00a0\u00a0\u00a0\u00a0\u00a0\u00a0\u00a0\u00a0\u00a0\u00a0\u00a0\u00a0\u00a0\u00a0\u00a0\u00a0<\/span><\/p>\n<p><span style=\"color: #000000;\">9. Wszystkim parafianom i naszym go\u015bciom \u017cyczymy udanego \u015bwi\u0119towania, umacniania swojej osobistej niepodleg\u0142o\u015bci i dobrego odpoczynku.<\/span><\/p>\n","protected":false},"excerpt":{"rendered":"<p>1. W 100\u00a0 rocznic\u0105 odzyskania przez Polsk\u0119 Niepodleg\u0142o\u015bci zapraszamy dzi\u015b na specjalne nabo\u017ce\u0144stwo dzi\u0119kczynno-b\u0142agalne w intencji Ojczyzny. Odprawimy je \u00a0przed Msz\u0105 \u015bw. wieczorn\u0105 o godz. 17.30.\u00a0\u00a0\u00a0 2. Ze wzgl\u0119du na \u015bwi\u0119to pa\u0144stwowe w poniedzia\u0142ek 12 XI kancelaria parafialna b\u0119dzie nieczynna. 3. Dzi\u015b sk\u0142adamy \u017cyczenia imieninowe wszystkim Marcinom. W\u015br\u00f3d solenizant\u00f3w jest tak\u017ce ks. Marcin &#8211; nasz [&hellip;]<\/p>\n","protected":false},"author":1,"featured_media":46,"comment_status":"closed","ping_status":"open","sticky":false,"template":"","format":"standard","meta":{"ngg_post_thumbnail":0,"footnotes":""},"categories":[3],"tags":[],"class_list":["post-2026","post","type-post","status-publish","format-standard","has-post-thumbnail","hentry","category-ogloszenia-duszpasterskie"],"_links":{"self":[{"href":"https:\/\/mbloretanska.pl\/index.php?rest_route=\/wp\/v2\/posts\/2026","targetHints":{"allow":["GET"]}}],"collection":[{"href":"https:\/\/mbloretanska.pl\/index.php?rest_route=\/wp\/v2\/posts"}],"about":[{"href":"https:\/\/mbloretanska.pl\/index.php?rest_route=\/wp\/v2\/types\/post"}],"author":[{"embeddable":true,"href":"https:\/\/mbloretanska.pl\/index.php?rest_route=\/wp\/v2\/users\/1"}],"replies":[{"embeddable":true,"href":"https:\/\/mbloretanska.pl\/index.php?rest_route=%2Fwp%2Fv2%2Fcomments&post=2026"}],"version-history":[{"count":3,"href":"https:\/\/mbloretanska.pl\/index.php?rest_route=\/wp\/v2\/posts\/2026\/revisions"}],"predecessor-version":[{"id":2030,"href":"https:\/\/mbloretanska.pl\/index.php?rest_route=\/wp\/v2\/posts\/2026\/revisions\/2030"}],"wp:featuredmedia":[{"embeddable":true,"href":"https:\/\/mbloretanska.pl\/index.php?rest_route=\/wp\/v2\/media\/46"}],"wp:attachment":[{"href":"https:\/\/mbloretanska.pl\/index.php?rest_route=%2Fwp%2Fv2%2Fmedia&parent=2026"}],"wp:term":[{"taxonomy":"category","embeddable":true,"href":"https:\/\/mbloretanska.pl\/index.php?rest_route=%2Fwp%2Fv2%2Fcategories&post=2026"},{"taxonomy":"post_tag","embeddable":true,"href":"https:\/\/mbloretanska.pl\/index.php?rest_route=%2Fwp%2Fv2%2Ftags&post=2026"}],"curies":[{"name":"wp","href":"https:\/\/api.w.org\/{rel}","templated":true}]}}