{"id":2023,"date":"2018-11-10T19:53:50","date_gmt":"2018-11-10T18:53:50","guid":{"rendered":"http:\/\/mbloretanska.pl\/?p=2023"},"modified":"2018-11-10T19:53:50","modified_gmt":"2018-11-10T18:53:50","slug":"intencje-mszalne-11-17-11-2018","status":"publish","type":"post","link":"https:\/\/mbloretanska.pl\/?p=2023","title":{"rendered":"intencje mszalne 11-17.11.2018"},"content":{"rendered":"<table>\n<tbody>\n<tr>\n<td colspan=\"3\" width=\"619\">\n<p style=\"text-align: center;\"><strong>32 Niedziela Zwyk\u0142a,\u00a0<\/strong>11 LISTOPAD \u00a02018 \u00a0\u015aWI\u0118TO NIEPODLEG\u0141O\u015aCI<\/p>\n<\/td>\n<\/tr>\n<tr>\n<td colspan=\"3\" width=\"619\">&nbsp;<\/td>\n<\/tr>\n<tr>\n<td colspan=\"2\" width=\"91\"><strong>7.00<\/strong><\/td>\n<td width=\"529\">+ Stefani\u0119 i J\u00f3zefa KO\u0179MI\u0143SKICH<\/td>\n<\/tr>\n<tr>\n<td colspan=\"2\" width=\"91\"><strong>\u00a08.30<\/strong><\/td>\n<td width=\"529\">+ Stanis\u0142awa, Alicj\u0119 KOBAK, Wand\u0119 BIELE i dusze w czy\u015b\u0107cu cierpi\u0105ce<\/td>\n<\/tr>\n<tr>\n<td colspan=\"2\" width=\"91\"><strong>10.00<\/strong><\/td>\n<td width=\"529\">O b\u0142ogos\u0142awie\u0144stwo Bo\u017ce, opiek\u0119 Matki Naj\u015bwi\u0119tszej, dary Ducha \u015aw. i zdrowie dla ks. Marcina w dniu imienin<\/td>\n<\/tr>\n<tr>\n<td colspan=\"2\" width=\"91\"><strong>11.00<\/strong><\/td>\n<td width=\"529\">+ Wand\u0119 w 26 r. \u015bm i Edwarda w 31 r. \u015bm. B\u0142aszkiewicz\u00f3w<\/td>\n<\/tr>\n<tr>\n<td colspan=\"2\" width=\"91\"><strong>12.30<\/strong><\/td>\n<td width=\"529\">+ Marcina JAB\u0141O\u0143SKIEGO z racji imienin oraz W\u0142adys\u0142aw\u0119 i J\u00f3zefa JAB\u0141O\u0143SKICH<\/td>\n<\/tr>\n<tr>\n<td colspan=\"2\" width=\"91\"><strong>18.00<\/strong><\/td>\n<td width=\"529\">+ Stanis\u0142awa GR\u0104DZKIEGO \u2013 gregoria\u0144ska 11<\/td>\n<\/tr>\n<tr>\n<td colspan=\"3\" width=\"619\">\n<p style=\"text-align: center;\"><strong>Poniedzia\u0142ek,<\/strong> \u00a012 listopad 2018 ,\u015bw. Jozafata biskupa i m\u0119czennika\u2013 wspomnienie<\/p>\n<\/td>\n<\/tr>\n<tr>\n<td colspan=\"3\" width=\"619\"><strong>\u00a0<\/strong><\/td>\n<\/tr>\n<tr>\n<td width=\"88\"><strong>7.00<\/strong><\/td>\n<td colspan=\"2\" width=\"531\">Dzi\u0119kczynna\u00a0 i o Bo\u017ce b\u0142ogos\u0142awie\u0144stwo dla Anny i Leszka Mazur w 30 rocznic\u0119 \u015blubu<\/td>\n<\/tr>\n<tr>\n<td width=\"88\"><strong>8.00<\/strong><\/td>\n<td colspan=\"2\" width=\"531\">+ Stanis\u0142awa GR\u0104DZKIEGO \u2013 gregoria\u0144ska 12<\/td>\n<\/tr>\n<tr>\n<td width=\"88\"><strong>18.00<\/strong><\/td>\n<td colspan=\"2\" width=\"531\">+ Witolda WALENTA<\/td>\n<\/tr>\n<tr>\n<td colspan=\"3\" width=\"619\">\n<p style=\"text-align: center;\"><strong>Wtorek,<\/strong>\u00a0 13 listopad 2018,\u00a0\u015bw.Benedykta, Jana, Mateusza, Izaaka i Krystyna\u2013 wspomnienie<\/p>\n<\/td>\n<\/tr>\n<tr>\n<td colspan=\"3\" width=\"619\"><strong>\u00a0<\/strong><\/td>\n<\/tr>\n<tr>\n<td width=\"88\"><strong>\u00a07.00<\/strong><\/td>\n<td colspan=\"2\" width=\"531\">+ Wiktori\u0119 PODG\u00d3RSK\u0104 w 26 r. \u015bm. zm. z cr. PODG\u00d3RSKICH, JARK\u00d3W I KSI\u0104\u017bAK\u00d3W<\/td>\n<\/tr>\n<tr>\n<td width=\"88\"><strong>\u00a08.00<\/strong><\/td>\n<td colspan=\"2\" width=\"531\">+ Stanis\u0142awa GR\u0104DZKIEGO \u2013 gregoria\u0144ska 13<\/td>\n<\/tr>\n<tr>\n<td width=\"88\"><strong>18.00<\/strong><\/td>\n<td colspan=\"2\" width=\"531\">+ Klementyn\u0119, Helen\u0119, Adama, Stanis\u0142awa \u0141\u0104CKICH oraz zm. z ich rodzin<\/td>\n<\/tr>\n<tr>\n<td colspan=\"3\" width=\"619\">\n<p style=\"text-align: center;\"><strong>\u00a0<\/strong><strong>\u015aroda,<\/strong> 14 listopad 2018<\/p>\n<\/td>\n<\/tr>\n<tr>\n<td colspan=\"3\" width=\"619\"><strong>\u00a0<\/strong><\/td>\n<\/tr>\n<tr>\n<td width=\"88\"><strong>7.00<\/strong><\/td>\n<td colspan=\"2\" width=\"531\">+ Wand\u0119, Edwarda, Wojciecha, Bogus\u0142awa CZY\u017b, Jadwig\u0119 KUBICK\u0104<\/td>\n<\/tr>\n<tr>\n<td width=\"88\"><strong>\u00a0<\/strong><strong>8.00<\/strong><\/td>\n<td colspan=\"2\" width=\"531\">+ Stanis\u0142awa GR\u0104DZKIEGO \u2013 gregoria\u0144ska 14<\/td>\n<\/tr>\n<tr>\n<td width=\"88\"><strong>17.45<\/strong><\/td>\n<td colspan=\"2\" width=\"531\">NOWENNA DO MATKI BO\u017bEJ NIEUSTAJ\u0104CEJ POMOCY I MSZA\u00a0\u015aWI\u0118TA<\/td>\n<\/tr>\n<tr>\n<td colspan=\"3\" width=\"619\">\n<p style=\"text-align: center;\"><strong>Czwartek,\u00a0<\/strong>15 listopad 2018, \u015bw. Alberta Wielkiego &#8211; wspomnienie<\/p>\n<\/td>\n<\/tr>\n<tr>\n<td colspan=\"3\" width=\"619\"><strong>\u00a0<\/strong><\/td>\n<\/tr>\n<tr>\n<td width=\"88\"><strong>7.00<\/strong><\/td>\n<td colspan=\"2\" width=\"531\">+ Stanis\u0142awa GR\u0104DZKIEGO \u2013 gregoria\u0144ska 15<\/td>\n<\/tr>\n<tr>\n<td width=\"88\"><strong>8.00<\/strong><\/td>\n<td colspan=\"2\" width=\"531\">+ Henryk\u0119 \u017bOCHOWSK\u0104<\/td>\n<\/tr>\n<tr>\n<td width=\"88\"><strong>18.00<\/strong><\/td>\n<td colspan=\"2\" width=\"531\">+ Bronis\u0142aw\u0119 w 25 r. \u015bm., Stanis\u0142awa, Ryszarda CHOJNACKICH oraz ich zmar\u0142ych rodzic\u00f3w<\/td>\n<\/tr>\n<tr>\n<td colspan=\"3\" width=\"619\">\n<p style=\"text-align: center;\"><strong>Pi\u0105tek<\/strong> \u00a016 listopad 2018,\u00a0\u015bw. Ma\u0142gorzaty Szkockiej &#8211; wspomnienie<\/p>\n<\/td>\n<\/tr>\n<tr>\n<td colspan=\"3\" width=\"619\"><strong>\u00a0<\/strong><\/td>\n<\/tr>\n<tr>\n<td width=\"88\"><strong>7.00<\/strong><\/td>\n<td colspan=\"2\" width=\"531\">+ Boles\u0142awa MELA\u0143CZUKA w 3 r. \u015bm.<\/td>\n<\/tr>\n<tr>\n<td width=\"88\"><strong>\u00a08.00<\/strong><\/td>\n<td colspan=\"2\" width=\"531\">+ Eugeni\u0119 w 19 r. \u015bm. i Hieronima KURPIK oraz Andrzeja i Piotra KOTUS<\/td>\n<\/tr>\n<tr>\n<td width=\"88\"><strong>18.00<\/strong><\/td>\n<td colspan=\"2\" width=\"531\">+ Stanis\u0142awa GR\u0104DZKIEGO \u2013 gregoria\u0144ska 16<\/td>\n<\/tr>\n<tr>\n<td colspan=\"3\" width=\"619\">\n<p style=\"text-align: center;\"><strong>Sobota,\u00a0<\/strong>17 listopad 2018,\u00a0\u015bw. El\u017cbiety W\u0119gierskiej\u2013 wspomnienie<\/p>\n<\/td>\n<\/tr>\n<tr>\n<td colspan=\"3\" width=\"619\"><strong>\u00a0<\/strong><\/td>\n<\/tr>\n<tr>\n<td width=\"88\"><strong>\u00a07.00<\/strong><\/td>\n<td colspan=\"2\" width=\"531\">+ Stanis\u0142awa ZDU\u0143CZYKA w 19 r. \u015bm.<\/td>\n<\/tr>\n<tr>\n<td width=\"88\"><strong>8.00<\/strong><\/td>\n<td colspan=\"2\" width=\"531\">1.+ Zdzis\u0142awa LESZCZY\u0143SKIEGO w 11 r. \u015bm. i Iren\u0119 BREJNAK w 26 r. \u015bm.<\/p>\n<p>2. + Stanis\u0142awa GR\u0104DZKIEGO \u2013 gregoria\u0144ska 17<\/td>\n<\/tr>\n<tr>\n<td width=\"88\"><strong>18.00<\/strong><\/td>\n<td colspan=\"2\" width=\"531\">+ Jadwig\u0119 NOSAL w 6 r. \u015bm.<\/td>\n<\/tr>\n<\/tbody>\n<\/table>\n","protected":false},"excerpt":{"rendered":"<p>32 Niedziela Zwyk\u0142a,\u00a011 LISTOPAD \u00a02018 \u00a0\u015aWI\u0118TO NIEPODLEG\u0141O\u015aCI &nbsp; 7.00 + Stefani\u0119 i J\u00f3zefa KO\u0179MI\u0143SKICH \u00a08.30 + Stanis\u0142awa, Alicj\u0119 KOBAK, Wand\u0119 BIELE i dusze w czy\u015b\u0107cu cierpi\u0105ce 10.00 O b\u0142ogos\u0142awie\u0144stwo Bo\u017ce, opiek\u0119 Matki Naj\u015bwi\u0119tszej, dary Ducha \u015aw. i zdrowie dla ks. Marcina w dniu imienin 11.00 + Wand\u0119 w 26 r. \u015bm i Edwarda w 31 [&hellip;]<\/p>\n","protected":false},"author":1,"featured_media":1242,"comment_status":"closed","ping_status":"open","sticky":false,"template":"","format":"standard","meta":{"ngg_post_thumbnail":0,"footnotes":""},"categories":[6],"tags":[],"class_list":["post-2023","post","type-post","status-publish","format-standard","has-post-thumbnail","hentry","category-intencje-mszalne"],"_links":{"self":[{"href":"https:\/\/mbloretanska.pl\/index.php?rest_route=\/wp\/v2\/posts\/2023","targetHints":{"allow":["GET"]}}],"collection":[{"href":"https:\/\/mbloretanska.pl\/index.php?rest_route=\/wp\/v2\/posts"}],"about":[{"href":"https:\/\/mbloretanska.pl\/index.php?rest_route=\/wp\/v2\/types\/post"}],"author":[{"embeddable":true,"href":"https:\/\/mbloretanska.pl\/index.php?rest_route=\/wp\/v2\/users\/1"}],"replies":[{"embeddable":true,"href":"https:\/\/mbloretanska.pl\/index.php?rest_route=%2Fwp%2Fv2%2Fcomments&post=2023"}],"version-history":[{"count":2,"href":"https:\/\/mbloretanska.pl\/index.php?rest_route=\/wp\/v2\/posts\/2023\/revisions"}],"predecessor-version":[{"id":2027,"href":"https:\/\/mbloretanska.pl\/index.php?rest_route=\/wp\/v2\/posts\/2023\/revisions\/2027"}],"wp:featuredmedia":[{"embeddable":true,"href":"https:\/\/mbloretanska.pl\/index.php?rest_route=\/wp\/v2\/media\/1242"}],"wp:attachment":[{"href":"https:\/\/mbloretanska.pl\/index.php?rest_route=%2Fwp%2Fv2%2Fmedia&parent=2023"}],"wp:term":[{"taxonomy":"category","embeddable":true,"href":"https:\/\/mbloretanska.pl\/index.php?rest_route=%2Fwp%2Fv2%2Fcategories&post=2023"},{"taxonomy":"post_tag","embeddable":true,"href":"https:\/\/mbloretanska.pl\/index.php?rest_route=%2Fwp%2Fv2%2Ftags&post=2023"}],"curies":[{"name":"wp","href":"https:\/\/api.w.org\/{rel}","templated":true}]}}