{"id":2018,"date":"2018-11-03T18:13:01","date_gmt":"2018-11-03T17:13:01","guid":{"rendered":"http:\/\/mbloretanska.pl\/?p=2018"},"modified":"2018-11-03T18:13:01","modified_gmt":"2018-11-03T17:13:01","slug":"intencje-mszalne-4-10-11-18","status":"publish","type":"post","link":"https:\/\/mbloretanska.pl\/?p=2018","title":{"rendered":"intencje mszalne 4-10.11.18"},"content":{"rendered":"<table>\n<tbody>\n<tr>\n<td class=\"s5\" colspan=\"2\">\n<div>\n<p class=\"s7\" style=\"text-align: center;\"><span class=\"s6\">31<\/span> <span class=\"s6\">NIEDZIELA ZWYK\u0141A,\u00a0<\/span><span class=\"s8\">04<\/span><span class=\"s8\"> listopada \u00a0<\/span><span class=\"s8\">2018<\/span><span class=\"s8\"> \u00a0<\/span><\/p>\n<\/div>\n<\/td>\n<\/tr>\n<tr>\n<td class=\"s9\" colspan=\"2\">\n<div>\n<p class=\"s10\">\n<\/div>\n<\/td>\n<\/tr>\n<tr>\n<td class=\"s11\">\n<div>\n<p class=\"s10\"><span class=\"s12\">7.00<\/span><\/p>\n<\/div>\n<\/td>\n<td class=\"s11\">\n<div>\n<p class=\"s14\"><span class=\"s13\">+ <\/span><span class=\"s13\">Karola Stanaszka<\/span><\/p>\n<\/div>\n<\/td>\n<\/tr>\n<tr>\n<td class=\"s11\">\n<div>\n<p class=\"s10\"><span class=\"s12\">8.30<\/span><\/p>\n<\/div>\n<\/td>\n<td class=\"s11\">\n<div>\n<p class=\"s14\"><span class=\"s13\">+<\/span> <span class=\"s13\">Mariann\u0119, Janusza <\/span><span class=\"s13\">Malenty<\/span><span class=\"s13\">, Wac\u0142awa Oleszczuka, <\/span><\/p>\n<p class=\"s14\"><span class=\"s13\">CR Oleszczuk\u00f3w, <\/span><span class=\"s13\">Ko\u0144k\u00f3w<\/span><span class=\"s13\">, <\/span><span class=\"s13\">Malent\u00f3w<\/span><span class=\"s13\">, <\/span><span class=\"s13\">Mate\u0144k\u00f3w\u00a0<\/span><span class=\"s13\">i Oleszczuk\u00f3w<\/span><\/p>\n<\/div>\n<\/td>\n<\/tr>\n<tr>\n<td class=\"s11\">\n<div>\n<p class=\"s10\"><span class=\"s12\">10.00<\/span><\/p>\n<\/div>\n<\/td>\n<td class=\"s11\">\n<div>\n<p class=\"s14\"><span class=\"s13\">+ <\/span><span class=\"s13\">Adama Strzelczyka w 15 r. <\/span><span class=\"s13\">\u015bm<\/span><span class=\"s13\">. Wac\u0142awa, Stanis\u0142awa Szarejko w 6 r. <\/span><span class=\"s13\">\u015bm<\/span><span class=\"s13\">., rodzic\u00f3w Leokadii, Stanis\u0142awa<\/span><span class=\"s13\">, Ameli\u0119, Kazimierza.<\/span><\/p>\n<\/div>\n<\/td>\n<\/tr>\n<tr>\n<td class=\"s15\">\n<div>\n<p class=\"s10\"><span class=\"s12\">11.00<\/span><\/p>\n<\/div>\n<\/td>\n<td class=\"s15\">\n<div>\n<p class=\"s14\"><span class=\"s13\">+ <\/span><span class=\"s13\">Witolda <\/span><span class=\"s13\">Racino<\/span><span class=\"s13\"> w 8 r. <\/span><span class=\"s13\">\u015bm<\/span><span class=\"s13\">.<\/span><\/p>\n<\/div>\n<\/td>\n<\/tr>\n<tr>\n<td class=\"s11\">\n<div>\n<p class=\"s10\"><span class=\"s12\">12.30<\/span><\/p>\n<\/div>\n<\/td>\n<td class=\"s11\">\n<div>\n<p class=\"s14\"><span class=\"s13\">+ <\/span><span class=\"s13\">Stanis\u0142awa Gr\u0105dzkiego (4 GR)<\/span><\/p>\n<\/div>\n<\/td>\n<\/tr>\n<tr>\n<td class=\"s11\">\n<div>\n<p class=\"s10\"><span class=\"s12\">18.00<\/span><\/p>\n<\/div>\n<\/td>\n<td class=\"s11\">\n<div>\n<p class=\"s14\"><span class=\"s13\">+ <\/span><span class=\"s13\">Karola Grabowskiego, Walentego Jasi\u0144skiego, Stanis\u0142aw\u0119, Jana Janik, Mari\u0119, Mariana <\/span><span class=\"s13\">Zwolskich<\/span><span class=\"s13\">, W\u0142adys\u0142awa, Urszul\u0119 Lipczy\u0144skich<\/span><\/p>\n<\/div>\n<\/td>\n<\/tr>\n<tr>\n<td class=\"s16\" colspan=\"2\">\n<div>\n<p class=\"s10\" style=\"text-align: center;\"><span class=\"s6\">Poniedzia\u0142ek,\u00a0<\/span><span class=\"s8\">05<\/span><span class=\"s8\"> listopada \u00a0<\/span><span class=\"s8\">2018<\/span><\/p>\n<\/div>\n<\/td>\n<\/tr>\n<tr>\n<td class=\"s17\" colspan=\"2\">\n<div>\n<p class=\"s10\">\n<\/div>\n<\/td>\n<\/tr>\n<tr>\n<td class=\"s15\">\n<div>\n<p class=\"s10\"><span class=\"s12\">7.00<\/span><\/p>\n<\/div>\n<\/td>\n<td class=\"s18\">\n<div>\n<p class=\"s19\"><span class=\"s13\">+ <\/span><span class=\"s13\">J\u00f3zef\u0119, Boles\u0142awa, W\u0142adys\u0142aw\u0119, Tadeusza Goli\u0144skich <\/span><span class=\"s13\">z rodzinami oraz Edmunda Franczaka<\/span><\/p>\n<\/div>\n<\/td>\n<\/tr>\n<tr>\n<td class=\"s20\">\n<div>\n<p class=\"s10\"><span class=\"s12\">8.00<\/span><\/p>\n<\/div>\n<\/td>\n<td class=\"s21\">\n<div>\n<p class=\"s19\"><span class=\"s13\">+ Stanis\u0142awa Gr\u0105dzkiego (5 GR)<\/span><\/p>\n<\/div>\n<\/td>\n<\/tr>\n<tr>\n<td class=\"s22\">\n<div>\n<p class=\"s10\"><span class=\"s12\">18.00<\/span><\/p>\n<\/div>\n<\/td>\n<td class=\"s23\">\n<div>\n<p class=\"s19\"><span class=\"s13\">+ Iren\u0119, Zygmunta Wieczorek CR Wieczorek i Gray<\/span><\/p>\n<\/div>\n<\/td>\n<\/tr>\n<tr>\n<td class=\"s16\" colspan=\"2\">\n<div>\n<p class=\"s10\" style=\"text-align: center;\"><span class=\"s6\">Wtorek,\u00a0<\/span><span class=\"s8\">06<\/span><span class=\"s8\"> listopada \u00a02018<\/span><\/p>\n<\/div>\n<\/td>\n<\/tr>\n<tr>\n<td class=\"s17\" colspan=\"2\">\n<div>\n<p class=\"s10\">\n<\/div>\n<\/td>\n<\/tr>\n<tr>\n<td class=\"s11\">\n<div>\n<p class=\"s10\"><span class=\"s12\">7.00<\/span><\/p>\n<\/div>\n<\/td>\n<td class=\"s11\">\n<div>\n<p class=\"s14\"><span class=\"s13\">+ Stanis\u0142awa, Stanis\u0142aw\u0119, Andrzeja <\/span><span class=\"s13\">Bazyl<\/span><span class=\"s13\">, Zofi\u0119 Sadowsk\u0105<\/span><\/p>\n<\/div>\n<\/td>\n<\/tr>\n<tr>\n<td class=\"s15\">\n<div>\n<p class=\"s10\"><span class=\"s12\">8.00<\/span><\/p>\n<\/div>\n<\/td>\n<td class=\"s15\">\n<div>\n<p class=\"s14\"><span class=\"s13\">+ Stanis\u0142awa Gr\u0105dzkiego (6 GR)<\/span><\/p>\n<\/div>\n<\/td>\n<\/tr>\n<tr>\n<td class=\"s24\">\n<div>\n<p class=\"s10\"><span class=\"s12\">18.00<\/span><\/p>\n<\/div>\n<\/td>\n<td class=\"s24\">\n<div>\n<p class=\"s14\"><span class=\"s13\">+ Paw\u0142a Wojtysiaka w 7 r. <\/span><span class=\"s13\">\u015bm<\/span><span class=\"s13\">.<\/span><\/p>\n<\/div>\n<\/td>\n<\/tr>\n<tr>\n<td class=\"s16\" colspan=\"2\">\n<div>\n<p class=\"s10\" style=\"text-align: center;\"><span class=\"s6\">\u015aroda,\u00a0<\/span><span class=\"s8\">07<\/span><span class=\"s8\"> listopada \u00a02018<\/span><\/p>\n<\/div>\n<\/td>\n<\/tr>\n<tr>\n<td class=\"s17\" colspan=\"2\">\n<div>\n<p class=\"s10\">\n<\/div>\n<\/td>\n<\/tr>\n<tr>\n<td class=\"s25\">\n<div>\n<p class=\"s10\"><span class=\"s12\">7.00<\/span><\/p>\n<\/div>\n<\/td>\n<td class=\"s25\">\n<div>\n<p class=\"s14\"><span class=\"s13\">+ Janin\u0119, Kazimierza, W\u0142adys\u0142awa, Aleksandra Cr Paw\u0142owskich, Rz\u0105s\u00f3w, <\/span><span class=\"s13\">Alwin\u00f3w,Kaspurk\u00f3w<\/span><span class=\"s13\">, Zawalskich, <\/span><span class=\"s13\">Prystup\u00f3w<\/span><\/p>\n<\/div>\n<\/td>\n<\/tr>\n<tr>\n<td class=\"s26\">\n<div>\n<p class=\"s10\"><span class=\"s12\">8.00<\/span><\/p>\n<\/div>\n<\/td>\n<td class=\"s26\">\n<div>\n<p class=\"s14\"><span class=\"s13\">+ Stanis\u0142awa Gr\u0105dzkiego (7 GR)<\/span><\/p>\n<\/div>\n<\/td>\n<\/tr>\n<tr>\n<td class=\"s27\">\n<div>\n<p class=\"s10\"><span class=\"s12\">17.45<\/span><\/p>\n<\/div>\n<\/td>\n<td class=\"s27\">\n<div>\n<p class=\"s14\"><span class=\"s12\">NOWENNA DO MATKI BO<\/span><span class=\"s12\">\u017b<\/span><span class=\"s12\">EJ NIEUSTAJ<\/span><span class=\"s12\">\u0104<\/span><span class=\"s12\">CEJ POMOCY <\/span><span class=\"s12\">I MSZA \u015aWI\u0118TA <\/span><\/p>\n<\/div>\n<\/td>\n<\/tr>\n<tr>\n<td class=\"s16\" colspan=\"2\">\n<div>\n<p class=\"s10\" style=\"text-align: center;\"><span class=\"s6\">Czwartek,\u00a0<\/span><span class=\"s8\">08<\/span><span class=\"s8\"> listopada \u00a02018<\/span><\/p>\n<\/div>\n<\/td>\n<\/tr>\n<tr>\n<td class=\"s17\" colspan=\"2\">\n<div>\n<p class=\"s10\">\n<\/div>\n<\/td>\n<\/tr>\n<tr>\n<td class=\"s11\">\n<div>\n<p class=\"s10\"><span class=\"s12\">7.00<\/span><\/p>\n<\/div>\n<\/td>\n<td class=\"s11\">\n<div>\n<p class=\"s14\"><span class=\"s13\">+ Edwarda, Bogdana <\/span><span class=\"s13\">Knio\u0142ek<\/span><\/p>\n<\/div>\n<\/td>\n<\/tr>\n<tr>\n<td class=\"s28\">\n<div>\n<p class=\"s10\"><span class=\"s12\">8.00<\/span><\/p>\n<\/div>\n<\/td>\n<td class=\"s28\">\n<div>\n<p class=\"s4\"><span class=\"s13\">+ <\/span><span class=\"s13\">Stanis\u0142awa Gr\u0105dzkiego (8 GR)<\/span><\/p>\n<\/div>\n<\/td>\n<\/tr>\n<tr>\n<td class=\"s29\">\n<div>\n<p class=\"s10\"><span class=\"s12\">18.00<\/span><\/p>\n<\/div>\n<\/td>\n<td class=\"s29\">\n<div>\n<p class=\"s14\"><span class=\"s13\">+ <\/span><span class=\"s13\">Zofi\u0119 Wolsk\u0105<\/span><\/p>\n<\/div>\n<\/td>\n<\/tr>\n<tr>\n<td class=\"s11\" colspan=\"2\">\n<div>\n<p class=\"s10\" style=\"text-align: center;\"><span class=\"s6\">Pi\u0105tek,\u00a0<\/span><span class=\"s8\">09<\/span><span class=\"s8\"> listopada \u00a02018<\/span><\/p>\n<\/div>\n<\/td>\n<\/tr>\n<tr>\n<td class=\"s9\" colspan=\"2\">\n<div>\n<p class=\"s10\">\n<\/div>\n<\/td>\n<\/tr>\n<tr>\n<td class=\"s11\">\n<div>\n<p class=\"s10\"><span class=\"s12\">7.00<\/span><\/p>\n<\/div>\n<\/td>\n<td class=\"s11\">\n<div>\n<p class=\"s14\"><span class=\"s13\">+ <\/span><span class=\"s13\">Stanis\u0142awa Gr\u0105dzkiego (9 GR)<\/span><\/p>\n<p class=\"s14\"><span class=\"s13\">&#8211; w intencji Katarzyny o Bo\u017ce <\/span><span class=\"s13\">b\u0142og<\/span><span class=\"s13\">., potrzebne \u0142aski, dary Ducha \u015aw. i opiek\u0119 MB Loreta\u0144skiej<\/span><\/p>\n<\/div>\n<\/td>\n<\/tr>\n<tr>\n<td class=\"s30\">\n<div>\n<p class=\"s10\"><span class=\"s12\">8.00<\/span><\/p>\n<\/div>\n<\/td>\n<td class=\"s30\">\n<div>\n<p class=\"s14\"><span class=\"s13\">+ Mariann\u0119 Gepert w r. \u015bmierci<\/span><\/p>\n<p class=\"s14\"><span class=\"s13\">&#8211; w intencji Bogu wiadomej<\/span><\/p>\n<\/div>\n<\/td>\n<\/tr>\n<tr>\n<td class=\"s31\">\n<div>\n<p class=\"s10\"><span class=\"s12\">18.00<\/span><\/p>\n<\/div>\n<\/td>\n<td class=\"s31\">\n<div>\n<p class=\"s14\"><span class=\"s13\">+ <\/span><span class=\"s13\">Cr <\/span><span class=\"s13\">De\u0142bakowskich<\/span><span class=\"s13\">, Czarneckich, Tomczak\u00f3w, Ros\u0142o\u0144skich<\/span><\/p>\n<\/div>\n<\/td>\n<\/tr>\n<tr>\n<td class=\"s16\" colspan=\"2\">\n<div>\n<p class=\"s10\" style=\"text-align: center;\"><span class=\"s6\">Sobota,\u00a0<\/span><span class=\"s8\">10<\/span><span class=\"s8\"> listopada \u00a02018<\/span><\/p>\n<\/div>\n<\/td>\n<\/tr>\n<tr>\n<td class=\"s17\" colspan=\"2\">\n<div>\n<p class=\"s10\">\n<\/div>\n<\/td>\n<\/tr>\n<tr>\n<td class=\"s11\">\n<div>\n<p class=\"s10\"><span class=\"s12\">7.00<\/span><\/p>\n<\/div>\n<\/td>\n<td class=\"s11\">\n<div>\n<p class=\"s14\"><span class=\"s13\">+ <\/span><span class=\"s13\">Stanis\u0142awa Gr\u0105dzkiego (10<\/span><span class=\"s13\"> GR)<\/span><\/p>\n<\/div>\n<\/td>\n<\/tr>\n<tr>\n<td class=\"s25\">\n<div>\n<p class=\"s10\"><span class=\"s12\">8.00<\/span><\/p>\n<\/div>\n<\/td>\n<td class=\"s25\">\n<div>\n<p class=\"s14\"><span class=\"s13\">&#8211; \u015aw. Micha\u0142 Archanio\u0142<\/span><\/p>\n<\/div>\n<\/td>\n<\/tr>\n<tr>\n<td class=\"s32\">\n<div>\n<p class=\"s33\"><span class=\"s12\">18.00<\/span><\/p>\n<\/div>\n<\/td>\n<td class=\"s32\">\n<div>\n<p class=\"s14\"><span class=\"s13\">+ <\/span><span class=\"s13\">Barbar\u0119 Zarzyck\u0105 w 5 r. \u015bm.<\/span><\/p>\n<\/div>\n<\/td>\n<\/tr>\n<\/tbody>\n<\/table>\n","protected":false},"excerpt":{"rendered":"<p>31 NIEDZIELA ZWYK\u0141A,\u00a004 listopada \u00a02018 \u00a0 7.00 + Karola Stanaszka 8.30 + Mariann\u0119, Janusza Malenty, Wac\u0142awa Oleszczuka, CR Oleszczuk\u00f3w, Ko\u0144k\u00f3w, Malent\u00f3w, Mate\u0144k\u00f3w\u00a0i Oleszczuk\u00f3w 10.00 + Adama Strzelczyka w 15 r. \u015bm. Wac\u0142awa, Stanis\u0142awa Szarejko w 6 r. \u015bm., rodzic\u00f3w Leokadii, Stanis\u0142awa, Ameli\u0119, Kazimierza. 11.00 + Witolda Racino w 8 r. \u015bm. 12.30 + Stanis\u0142awa Gr\u0105dzkiego [&hellip;]<\/p>\n","protected":false},"author":1,"featured_media":1242,"comment_status":"closed","ping_status":"open","sticky":false,"template":"","format":"standard","meta":{"ngg_post_thumbnail":0,"footnotes":""},"categories":[6],"tags":[],"class_list":["post-2018","post","type-post","status-publish","format-standard","has-post-thumbnail","hentry","category-intencje-mszalne"],"_links":{"self":[{"href":"https:\/\/mbloretanska.pl\/index.php?rest_route=\/wp\/v2\/posts\/2018","targetHints":{"allow":["GET"]}}],"collection":[{"href":"https:\/\/mbloretanska.pl\/index.php?rest_route=\/wp\/v2\/posts"}],"about":[{"href":"https:\/\/mbloretanska.pl\/index.php?rest_route=\/wp\/v2\/types\/post"}],"author":[{"embeddable":true,"href":"https:\/\/mbloretanska.pl\/index.php?rest_route=\/wp\/v2\/users\/1"}],"replies":[{"embeddable":true,"href":"https:\/\/mbloretanska.pl\/index.php?rest_route=%2Fwp%2Fv2%2Fcomments&post=2018"}],"version-history":[{"count":2,"href":"https:\/\/mbloretanska.pl\/index.php?rest_route=\/wp\/v2\/posts\/2018\/revisions"}],"predecessor-version":[{"id":2020,"href":"https:\/\/mbloretanska.pl\/index.php?rest_route=\/wp\/v2\/posts\/2018\/revisions\/2020"}],"wp:featuredmedia":[{"embeddable":true,"href":"https:\/\/mbloretanska.pl\/index.php?rest_route=\/wp\/v2\/media\/1242"}],"wp:attachment":[{"href":"https:\/\/mbloretanska.pl\/index.php?rest_route=%2Fwp%2Fv2%2Fmedia&parent=2018"}],"wp:term":[{"taxonomy":"category","embeddable":true,"href":"https:\/\/mbloretanska.pl\/index.php?rest_route=%2Fwp%2Fv2%2Fcategories&post=2018"},{"taxonomy":"post_tag","embeddable":true,"href":"https:\/\/mbloretanska.pl\/index.php?rest_route=%2Fwp%2Fv2%2Ftags&post=2018"}],"curies":[{"name":"wp","href":"https:\/\/api.w.org\/{rel}","templated":true}]}}