{"id":2011,"date":"2018-11-03T14:41:35","date_gmt":"2018-11-03T13:41:35","guid":{"rendered":"http:\/\/mbloretanska.pl\/?p=2011"},"modified":"2018-11-03T14:46:26","modified_gmt":"2018-11-03T13:46:26","slug":"xxxi-niedziela-zwykla-4-listopada-2018","status":"publish","type":"post","link":"https:\/\/mbloretanska.pl\/?p=2011","title":{"rendered":"XXXI niedziela zwyk\u0142a, 4 listopada 2018"},"content":{"rendered":"<p><span style=\"color: #000000;\">1. Z racji I niedzieli miesi\u0105ca\u00a0 dzi\u015b o godz. 16.00\u00a0 w sali parafialnej spotkanie K\u00f3\u0142 \u017bywego R\u00f3\u017ca\u0144ca, a o 17.30 w ko\u015bciele Nabo\u017ce\u0144stwo Eucharystyczne. Od godz. 17.00 Naj\u015bwi\u0119tszy Sakrament b\u0119dzie wystawiony do osobistej adoracji w ciszy.\u00a0 Po Mszy wieczornej \u00a0\u00a0\u00a0zapraszamy na spotkanie warsztatowe dla ma\u0142\u017ce\u0144stw. Szczeg\u00f3lne zaproszenie kierujemy do os\u00f3b zainteresowanych powstaniem wsp\u00f3lnoty ma\u0142\u017ce\u0144skiej. <span style=\"font-family: Cambria;\">\u00a0<\/span><\/span><\/p>\n<p><span style=\"color: #000000;\">2. Dzi\u015b przypada 224 rocznica tzw. Rzezi Pragi w, czasie kt\u00f3rej straci\u0142o \u017cycie ok. 20 tys. mieszka\u0144c\u00f3w. Niekt\u00f3rzy zostali pochowani przy naszym ko\u015bciele, co upami\u0119tnia krzy\u017c stoj\u0105cy przy dzwonnicy. O godz. 12.30 w katedrze Bp Romuald Kami\u0144ski b\u0119dzie przewodniczy\u0142 Uroczystej Mszy \u015bw. w intencji ofiar. Po niej zostanie wykonane specjalne Requiem, \u00a0a przy krzy\u017cu-mogile poleg\u0142ych na ul. Jagiello\u0144skiej zostanie odm\u00f3wiona modlitwa i nast\u0105pi z\u0142o\u017cenie kwiat\u00f3w.<\/span><\/p>\n<p><span style=\"color: #000000;\">3. Do 8 listopada w\u0142\u0105cznie po spe\u0142nieniu zwyk\u0142ych warunk\u00f3w mo\u017cna zyska\u0107 odpust zupe\u0142ny i ofiarowa\u0107 go za dusze w czy\u015b\u0107cu cierpi\u0105ce. Warunkiem jest pobo\u017cne nawiedzenie cmentarza i modlitwa za zmar\u0142ych. Swoich bliskich zmar\u0142ych mo\u017cna jeszcze zapisywa\u0107 na wypominki w zakrystii i kancelarii. Pami\u0119tajmy, \u017ce modlitwa za zmar\u0142ych jest uczynkiem mi\u0142osierdzia oraz wyrazem wdzi\u0119czno\u015bci wobec tych, kt\u00f3rzy przekazali nam \u017cycie i wy\u015bwiadczyli dobro.<\/span><\/p>\n<p><span style=\"color: #000000;\">4. W pi\u0105tek 9 listopada \u015bwi\u0119to Rocznicy Po\u015bwiecenia Bazyliki Latera\u0144skiej, kt\u00f3ra jest katedr\u0105 Rzymu. Kto spe\u0142nia zwyk\u0142e warunki mo\u017ce zyska\u0107 odpust zupe\u0142ny, je\u015bli z pobo\u017cno\u015bci nawiedzi katedr\u0119 lub konkatedr\u0119 i odm\u00f3wi tam <i>Ojcze nasz<\/i> i <i>Wierz\u0119<\/i>.<\/span><\/p>\n<p><span style=\"color: #000000;\">5. W przysz\u0142\u0105 niedziel\u0119 11 listopada b\u0119dziemy obchodzili 100 rocznic\u0105 odzyskania przez Polsk\u0119 Niepodleg\u0142o\u015bci. Z tej racji zapraszamy na specjalne nabo\u017ce\u0144stwo dzi\u0119kczynno-b\u0142agalne w intencji Ojczyzny, kt\u00f3re odprawimy przed Msz\u0105 \u015bw. wieczorn\u0105 o godz. 17.30.<\/span><\/p>\n<p><span style=\"color: #000000;\">6. 11 listopada to tak\u017ce dzie\u0144 imienin naszego ks. Marcina. Msza \u015bw. w jego intencji o godz. 10.00. \u00a0\u00a0\u00a0\u00a0\u00a0\u00a0\u00a0\u00a0\u00a0\u00a0\u00a0\u00a0\u00a0\u00a0\u00a0\u00a0\u00a0\u00a0\u00a0\u00a0\u00a0\u00a0\u00a0\u00a0\u00a0\u00a0\u00a0\u00a0\u00a0\u00a0\u00a0\u00a0\u00a0\u00a0\u00a0\u00a0\u00a0\u00a0\u00a0\u00a0\u00a0\u00a0\u00a0\u00a0\u00a0\u00a0\u00a0\u00a0\u00a0\u00a0\u00a0\u00a0\u00a0\u00a0\u00a0\u00a0\u00a0\u00a0\u00a0\u00a0\u00a0\u00a0\u00a0\u00a0\u00a0\u00a0\u00a0\u00a0\u00a0\u00a0\u00a0\u00a0\u00a0\u00a0\u00a0\u00a0\u00a0\u00a0\u00a0\u00a0\u00a0\u00a0\u00a0\u00a0\u00a0\u00a0\u00a0\u00a0\u00a0\u00a0\u00a0\u00a0\u00a0\u00a0\u00a0\u00a0\u00a0\u00a0\u00a0\u00a0\u00a0\u00a0\u00a0\u00a0\u00a0\u00a0\u00a0\u00a0\u00a0\u00a0\u00a0\u00a0\u00a0\u00a0\u00a0\u00a0\u00a0\u00a0\u00a0\u00a0\u00a0\u00a0\u00a0\u00a0\u00a0\u00a0\u00a0\u00a0\u00a0<\/span><\/p>\n<p><span style=\"color: #000000;\">7. Na stoliku prasowym znajdziemy tygodnik <i>Idziemy<\/i>, miesi\u0119cznik <i>Tak rodzinie<\/i>oraz gazetk\u0119 parafialn\u0105 <i>We\u017a Ewangeli\u0119 \u00a0do domu<\/i>.<\/span><\/p>\n<p><span style=\"color: #000000;\">8. W tym tygodniu po\u017cegnali\u015bmy w naszej parafii \u015bp. Wac\u0142awa Nied\u017awieckiego. Pom\u00f3dlmy si\u0119 w jego intencji. <i>Wieczny odpoczynek\u2026<\/i><\/span><\/p>\n","protected":false},"excerpt":{"rendered":"<p>1. Z racji I niedzieli miesi\u0105ca\u00a0 dzi\u015b o godz. 16.00\u00a0 w sali parafialnej spotkanie K\u00f3\u0142 \u017bywego R\u00f3\u017ca\u0144ca, a o 17.30 w ko\u015bciele Nabo\u017ce\u0144stwo Eucharystyczne. Od godz. 17.00 Naj\u015bwi\u0119tszy Sakrament b\u0119dzie wystawiony do osobistej adoracji w ciszy.\u00a0 Po Mszy wieczornej \u00a0\u00a0\u00a0zapraszamy na spotkanie warsztatowe dla ma\u0142\u017ce\u0144stw. Szczeg\u00f3lne zaproszenie kierujemy do os\u00f3b zainteresowanych powstaniem wsp\u00f3lnoty ma\u0142\u017ce\u0144skiej. \u00a0 [&hellip;]<\/p>\n","protected":false},"author":1,"featured_media":46,"comment_status":"closed","ping_status":"open","sticky":false,"template":"","format":"standard","meta":{"ngg_post_thumbnail":0,"footnotes":""},"categories":[3],"tags":[],"class_list":["post-2011","post","type-post","status-publish","format-standard","has-post-thumbnail","hentry","category-ogloszenia-duszpasterskie"],"_links":{"self":[{"href":"https:\/\/mbloretanska.pl\/index.php?rest_route=\/wp\/v2\/posts\/2011","targetHints":{"allow":["GET"]}}],"collection":[{"href":"https:\/\/mbloretanska.pl\/index.php?rest_route=\/wp\/v2\/posts"}],"about":[{"href":"https:\/\/mbloretanska.pl\/index.php?rest_route=\/wp\/v2\/types\/post"}],"author":[{"embeddable":true,"href":"https:\/\/mbloretanska.pl\/index.php?rest_route=\/wp\/v2\/users\/1"}],"replies":[{"embeddable":true,"href":"https:\/\/mbloretanska.pl\/index.php?rest_route=%2Fwp%2Fv2%2Fcomments&post=2011"}],"version-history":[{"count":4,"href":"https:\/\/mbloretanska.pl\/index.php?rest_route=\/wp\/v2\/posts\/2011\/revisions"}],"predecessor-version":[{"id":2016,"href":"https:\/\/mbloretanska.pl\/index.php?rest_route=\/wp\/v2\/posts\/2011\/revisions\/2016"}],"wp:featuredmedia":[{"embeddable":true,"href":"https:\/\/mbloretanska.pl\/index.php?rest_route=\/wp\/v2\/media\/46"}],"wp:attachment":[{"href":"https:\/\/mbloretanska.pl\/index.php?rest_route=%2Fwp%2Fv2%2Fmedia&parent=2011"}],"wp:term":[{"taxonomy":"category","embeddable":true,"href":"https:\/\/mbloretanska.pl\/index.php?rest_route=%2Fwp%2Fv2%2Fcategories&post=2011"},{"taxonomy":"post_tag","embeddable":true,"href":"https:\/\/mbloretanska.pl\/index.php?rest_route=%2Fwp%2Fv2%2Ftags&post=2011"}],"curies":[{"name":"wp","href":"https:\/\/api.w.org\/{rel}","templated":true}]}}