{"id":2007,"date":"2018-10-27T18:12:32","date_gmt":"2018-10-27T16:12:32","guid":{"rendered":"http:\/\/mbloretanska.pl\/?p=2007"},"modified":"2018-10-27T18:14:36","modified_gmt":"2018-10-27T16:14:36","slug":"xxx-niedziela-zwykla-28-pazdziernik-2018","status":"publish","type":"post","link":"https:\/\/mbloretanska.pl\/?p=2007","title":{"rendered":"XXX niedziela zwyk\u0142a, 28 pa\u017adziernik 2018"},"content":{"rendered":"<p><span style=\"color: #000000;\">1. Obchodzimy dzi\u015b w Polsce X Dzie\u0144 Solidarno\u015bci z Ko\u015bcio\u0142em Prze\u015bladowanym, aby modli\u0107 si\u0119 i wspiera\u0107 chrze\u015bcijan w Pakistanie. Stanowi\u0105 oni niewielki procent po\u015br\u00f3d muzu\u0142ma\u0144skiej spo\u0142eczno\u015bci kraju. Do\u015bwiadczaj\u0105 ci\u0105g\u0142ych prze\u015bladowa\u0144 i represji. Atakami zagro\u017cone s\u0105 ich domy i ko\u015bcio\u0142y. Przez ofiary sk\u0142adane do puszek mo\u017cemy wesprze\u0107 misj\u0119 Papieskiego Stowarzyszenia Pomoc Ko\u015bcio\u0142owi w Potrzebie.<\/span><\/p>\n<p><span style=\"color: #000000;\">2. Tydzie\u0144 temu w naszej \u015bwi\u0105tyni we wszystkich niedzielnych Mszach \u015bw. uczestniczy\u0142o \u0142\u0105cznie 1680 os\u00f3b, z czego do Komunii \u015bw. przyst\u0105pi\u0142y 724 osoby.\u00a0\u00a0\u00a0\u00a0\u00a0<\/span><\/p>\n<p><span style=\"color: #000000;\">3. W naszej parafii powstaj\u0105 nowe wsp\u00f3lnoty r\u00f3\u017ca\u0144cowe: r\u00f3\u017ca m\u0119ska, m\u0142odzie\u017cowa i dzieci\u0119ca. Serdecznie zapraszamy i zach\u0119camy do w\u0142\u0105czenia si\u0119 tych, kt\u00f3rzy si\u0119 jeszcze nie zdecydowali. Mo\u017cemy te\u017c zaprosi\u0107 do tych grup swoich znajomych bez wzgl\u0119du na to gdzie mieszkaj\u0105. Zapisy w zakrystii i kancelarii.<\/span><\/p>\n<p><span style=\"color: #000000;\">4. W \u015brod\u0119 31 pa\u017adziernika ostatnie nabo\u017ce\u0144stwo r\u00f3\u017ca\u0144cowe. Zapraszamy na wsp\u00f3lny r\u00f3\u017caniec przed Naj\u015bwi\u0119tszym Sakramentem szczeg\u00f3lnie tych, kt\u00f3rzy w tym roku jeszcze w takiej modlitwie nie uczestniczyli.<\/span><\/p>\n<p><span style=\"color: #000000;\">5. W czwartek 1 listopada Uroczysto\u015b\u0107 Wszystkich \u015awi\u0119tych. Msze \u015bw. wed\u0142ug porz\u0105dku niedzielnego. O godz. 17.15 nieszpory za zmar\u0142ych\u00a0 i modlitwa za tych, kt\u00f3rzy zostali nam\u00a0 poleceni w wypominkach.<\/span><\/p>\n<p><span style=\"color: #000000;\">6. W pi\u0105tek 2 listopada Dzie\u0144 Zaduszny, czyli wspomnienie wszystkich wiernych zmar\u0142ych. Msze \u015bw. o godz. 7.00, 8.00, 9.00 i 18.00. Po Mszy \u015bw. o godz. 9.00 i 18.00 procesja \u017ca\u0142obna po\u0142\u0105czona z modlitw\u0105 za zmar\u0142ych poleconych nam w wypominkach.<\/span><\/p>\n<p><span style=\"color: #000000;\">7. W dniach od 1 do 8 listopada w\u0142\u0105cznie po spe\u0142nieniu zwyk\u0142ych warunk\u00f3w mo\u017cna zyska\u0107 odpust zupe\u0142ny i ofiarowa\u0107 go za dusze w czy\u015b\u0107cu cierpi\u0105ce. Warunkiem jest pobo\u017cne nawiedzenie cmentarza i modlitwa za zmar\u0142ych.<\/span><\/p>\n<p><span style=\"color: #000000;\">8. Swoich bliskich zmar\u0142ych mo\u017cna zapisywa\u0107 na wypominki w zakrystii i kancelarii. Pami\u0119tajmy, \u017ce modlitwa za zmar\u0142ych jest uczynkiem mi\u0142osierdzia oraz wyrazem wdzi\u0119czno\u015bci wobec tych, kt\u00f3rzy przekazali nam \u017cycie i wy\u015bwiadczyli dobro.<\/span><\/p>\n<p><span style=\"color: #000000;\">9. W tym tygodniu I pi\u0105tek i I sobota miesi\u0105ca. Msza \u015bw. wynagradzaj\u0105ca Niepokalanemu Sercu Maryi w Domku Loreta\u0144skim w sobot\u0119 o godz. 8.00.<\/span><\/p>\n<p><span style=\"color: #000000;\">10. W przysz\u0142a niedziel\u0119 po mszy wieczornej zapraszamy na spotkanie warsztatowe dla ma\u0142\u017ce\u0144stw. Szczeg\u00f3lne zaproszenie kierujemy do\u00a0 ma\u0142\u017ce\u0144stw zainteresowanych powstaniem wsp\u00f3lnoty ma\u0142\u017ce\u0144skiej.<\/span><\/p>\n<p><span style=\"color: #000000;\">11. Dzisiejszy numer tygodnik<i>a Idziemy <\/i>w du\u017cej mierze jest po\u015bwi\u0119cony tajemnicy przemijania, \u015bmierci i \u017cycia wiecznego. Znajdziemy tu tak\u017ce ciekawe informacje z \u017cycia Ko\u015bcio\u0142a<i> <\/i>i \u015bwiata.<\/span><\/p>\n<p><span style=\"color: #000000;\">12. Wszystkim solenizantom i jubilatom tego tygodnia \u017cyczymy Bo\u017cego b\u0142ogos\u0142awie\u0144stwa, potrzebnych \u0142ask, mi\u0142o\u015bci od bliskich i opieki \u015bwi\u0119tych patron\u00f3w.<\/span><\/p>\n<p><span style=\"color: #000000;\">13. W tym tygodniu po\u017cegnali\u015bmy w naszej parafii \u015bp. Helen\u0119 Bawor. Pom\u00f3dlmy si\u0119 w jej intencji. <i>Wieczny odpoczynek\u2026<\/i><\/span><\/p>\n","protected":false},"excerpt":{"rendered":"<p>1. Obchodzimy dzi\u015b w Polsce X Dzie\u0144 Solidarno\u015bci z Ko\u015bcio\u0142em Prze\u015bladowanym, aby modli\u0107 si\u0119 i wspiera\u0107 chrze\u015bcijan w Pakistanie. Stanowi\u0105 oni niewielki procent po\u015br\u00f3d muzu\u0142ma\u0144skiej spo\u0142eczno\u015bci kraju. Do\u015bwiadczaj\u0105 ci\u0105g\u0142ych prze\u015bladowa\u0144 i represji. Atakami zagro\u017cone s\u0105 ich domy i ko\u015bcio\u0142y. Przez ofiary sk\u0142adane do puszek mo\u017cemy wesprze\u0107 misj\u0119 Papieskiego Stowarzyszenia Pomoc Ko\u015bcio\u0142owi w Potrzebie. 2. Tydzie\u0144 [&hellip;]<\/p>\n","protected":false},"author":1,"featured_media":46,"comment_status":"closed","ping_status":"open","sticky":false,"template":"","format":"standard","meta":{"ngg_post_thumbnail":0,"footnotes":""},"categories":[3],"tags":[],"class_list":["post-2007","post","type-post","status-publish","format-standard","has-post-thumbnail","hentry","category-ogloszenia-duszpasterskie"],"_links":{"self":[{"href":"https:\/\/mbloretanska.pl\/index.php?rest_route=\/wp\/v2\/posts\/2007","targetHints":{"allow":["GET"]}}],"collection":[{"href":"https:\/\/mbloretanska.pl\/index.php?rest_route=\/wp\/v2\/posts"}],"about":[{"href":"https:\/\/mbloretanska.pl\/index.php?rest_route=\/wp\/v2\/types\/post"}],"author":[{"embeddable":true,"href":"https:\/\/mbloretanska.pl\/index.php?rest_route=\/wp\/v2\/users\/1"}],"replies":[{"embeddable":true,"href":"https:\/\/mbloretanska.pl\/index.php?rest_route=%2Fwp%2Fv2%2Fcomments&post=2007"}],"version-history":[{"count":3,"href":"https:\/\/mbloretanska.pl\/index.php?rest_route=\/wp\/v2\/posts\/2007\/revisions"}],"predecessor-version":[{"id":2009,"href":"https:\/\/mbloretanska.pl\/index.php?rest_route=\/wp\/v2\/posts\/2007\/revisions\/2009"}],"wp:featuredmedia":[{"embeddable":true,"href":"https:\/\/mbloretanska.pl\/index.php?rest_route=\/wp\/v2\/media\/46"}],"wp:attachment":[{"href":"https:\/\/mbloretanska.pl\/index.php?rest_route=%2Fwp%2Fv2%2Fmedia&parent=2007"}],"wp:term":[{"taxonomy":"category","embeddable":true,"href":"https:\/\/mbloretanska.pl\/index.php?rest_route=%2Fwp%2Fv2%2Fcategories&post=2007"},{"taxonomy":"post_tag","embeddable":true,"href":"https:\/\/mbloretanska.pl\/index.php?rest_route=%2Fwp%2Fv2%2Ftags&post=2007"}],"curies":[{"name":"wp","href":"https:\/\/api.w.org\/{rel}","templated":true}]}}