{"id":2003,"date":"2018-10-27T18:03:16","date_gmt":"2018-10-27T16:03:16","guid":{"rendered":"http:\/\/mbloretanska.pl\/?p=2003"},"modified":"2018-10-27T18:05:21","modified_gmt":"2018-10-27T16:05:21","slug":"intencje-mszalne-28-10-03-11-18","status":"publish","type":"post","link":"https:\/\/mbloretanska.pl\/?p=2003","title":{"rendered":"intencje mszalne 28.10-03.11.18"},"content":{"rendered":"<table width=\"680\">\n<tbody>\n<tr>\n<td colspan=\"2\" width=\"680\">\n<p style=\"text-align: center;\"><strong>30 \u00a0NIEDZIELA ZWYK\u0141A,\u00a0<\/strong>28 pa\u017adziernika 2018<\/p>\n<\/td>\n<\/tr>\n<tr>\n<td colspan=\"2\" width=\"680\"><\/td>\n<\/tr>\n<tr>\n<td width=\"112\">\n<p style=\"text-align: center;\"><strong>7.00<\/strong><\/p>\n<\/td>\n<td width=\"568\">+ Helen\u0119, Ryszarda, Zdzis\u0142awa Szatkowskich, Mariann\u0119, Czes\u0142aw\u0119, J\u00f3zefa Krawczyk<\/td>\n<\/tr>\n<tr>\n<td width=\"112\">\n<p style=\"text-align: center;\"><strong>8.30<\/strong><\/p>\n<\/td>\n<td width=\"568\">+ Henryk\u0119 Kloch (28 GR)<\/td>\n<\/tr>\n<tr>\n<td width=\"112\">\n<p style=\"text-align: center;\"><strong>10.00<\/strong><\/p>\n<\/td>\n<td width=\"568\">\u00a0+ Waleri\u0119 Rama, Jerzego, Nin\u0119 Pontus<\/td>\n<\/tr>\n<tr>\n<td width=\"112\">\n<p style=\"text-align: center;\"><strong>11.00<\/strong><\/p>\n<\/td>\n<td width=\"568\">+ Zdzis\u0142awa Skar\u017cy\u0144skiego w 18 r. \u015bm. CR Skar\u017cy\u0144skich i W\u0105sowskich<\/td>\n<\/tr>\n<tr>\n<td width=\"112\">\n<p style=\"text-align: center;\"><strong>12.30<\/strong><\/p>\n<\/td>\n<td width=\"568\">+ Micha\u0142a Go\u0142kowksiego, Marka Walczaka<\/p>\n<p>&#8211; W 1 r. powstania R\u00f3\u017cy R\u00f3\u017ca\u0144cowej modlitwy rodzic\u00f3w za dzieci<\/td>\n<\/tr>\n<tr>\n<td width=\"112\">\n<p style=\"text-align: center;\"><strong>18.00<\/strong><\/p>\n<\/td>\n<td width=\"568\">+ Tadeusza Cie\u015blaka z racji imienin, J\u00f3zefa,\u00a0 Juliann\u0119<\/td>\n<\/tr>\n<tr>\n<td colspan=\"2\" width=\"680\">\n<p style=\"text-align: center;\"><strong>\u00a0<\/strong><strong>Poniedzia\u0142ek<\/strong>\u00a0,\u00a029 pa\u017adziernika \u00a02018<\/p>\n<\/td>\n<\/tr>\n<tr>\n<td colspan=\"2\" width=\"680\"><strong>\u00a0<\/strong><\/td>\n<\/tr>\n<tr>\n<td width=\"112\">\n<p style=\"text-align: center;\"><strong>7.00<\/strong><\/p>\n<\/td>\n<td width=\"568\">+ Henryk\u0119 Kloch (29 GR)<\/td>\n<\/tr>\n<tr>\n<td width=\"112\">\n<p style=\"text-align: center;\"><strong>8.00<\/strong><\/p>\n<\/td>\n<td width=\"568\">&#8211; o potrzebne \u0142aski dla kap\u0142an\u00f3w oraz o nowe i \u015bwi\u0119te powo\u0142ania<\/td>\n<\/tr>\n<tr>\n<td width=\"112\">\n<p style=\"text-align: center;\"><strong>18.00<\/strong><\/p>\n<\/td>\n<td width=\"568\">+ rodzic\u00f3w Halin\u0119 i Mieczys\u0142awa Muchlickich<\/td>\n<\/tr>\n<tr>\n<td colspan=\"2\" width=\"680\">\n<p style=\"text-align: center;\"><strong>Wtorek,<\/strong>\u00a030 pa\u017adziernika\u00a0 2018<\/p>\n<\/td>\n<\/tr>\n<tr>\n<td colspan=\"2\" width=\"680\"><strong>\u00a0<\/strong><\/td>\n<\/tr>\n<tr>\n<td width=\"112\">\n<p style=\"text-align: center;\"><strong>7.00<\/strong><\/p>\n<\/td>\n<td width=\"568\">+ Janin\u0119 Kajk\u0119<\/td>\n<\/tr>\n<tr>\n<td width=\"112\">\n<p style=\"text-align: center;\"><strong>8.00<\/strong><\/p>\n<\/td>\n<td width=\"568\">+ Ameli\u0119, Kazimierza, Stanis\u0142awa, Bronis\u0142awa Szarejko, Stanis\u0142aw\u0119, Stanis\u0142awa Soleckich<\/td>\n<\/tr>\n<tr>\n<td width=\"112\">\n<p style=\"text-align: center;\"><strong>18.00<\/strong><\/p>\n<\/td>\n<td width=\"568\">+ Henryk\u0119 Kloch (30 GR)<\/td>\n<\/tr>\n<tr>\n<td colspan=\"2\" width=\"680\">\n<p style=\"text-align: center;\"><strong>\u00a0<\/strong><strong>\u015aroda<\/strong>,\u00a031 pa\u017adziernika\u00a0 2018<\/p>\n<\/td>\n<\/tr>\n<tr>\n<td colspan=\"2\" width=\"680\"><strong>\u00a0<\/strong><\/td>\n<\/tr>\n<tr>\n<td width=\"112\">\n<p style=\"text-align: center;\"><strong>7.00<\/strong><\/p>\n<\/td>\n<td width=\"568\">+ Mari\u0119, Stanis\u0142awa, Rysia Radkowskich, Henryk\u0119, Stanis\u0142awa, Jerzego, Andrzeja Czerbniak<\/td>\n<\/tr>\n<tr>\n<td width=\"112\">\n<p style=\"text-align: center;\"><strong>8.00<\/strong><\/p>\n<\/td>\n<td width=\"568\"><\/td>\n<\/tr>\n<tr>\n<td width=\"112\">\n<p style=\"text-align: center;\"><strong>17.45<\/strong><\/p>\n<\/td>\n<td width=\"568\">NOWENNA DO MATKI BO\u017bEJ NIEUSTAJ\u0104CEJ POMOCY I MSZA \u015aWI\u0118TA<\/td>\n<\/tr>\n<tr>\n<td colspan=\"2\" width=\"680\">\n<p style=\"text-align: center;\"><strong>Czwartek,\u00a0<\/strong>01 listopada\u00a0 2018<\/p>\n<\/td>\n<\/tr>\n<tr>\n<td colspan=\"2\" width=\"680\"><strong>\u00a0<\/strong><\/td>\n<\/tr>\n<tr>\n<td width=\"112\">\n<p style=\"text-align: center;\"><strong>7.00<\/strong><\/p>\n<\/td>\n<td width=\"568\">+ Adama Paszwi\u0144skiego<\/td>\n<\/tr>\n<tr>\n<td width=\"112\">\n<p style=\"text-align: center;\"><strong>8.30<\/strong><\/p>\n<\/td>\n<td width=\"568\">+ Regin\u0119, Wies\u0142aw\u0119, Henryka D\u0105browskich, Jadwig\u0119, Stanis\u0142awa B\u0142a\u017cewicz\u00f3w<\/td>\n<\/tr>\n<tr>\n<td width=\"112\">\n<p style=\"text-align: center;\"><strong>10.00<\/strong><\/p>\n<\/td>\n<td width=\"568\">+ Cr \u015awistak\u00f3w, brata Mariana, rodzic\u00f3w Helen\u0119 i Franciszka, dziadk\u00f3w Piotra i Salome\u0119<\/td>\n<\/tr>\n<tr>\n<td width=\"112\">\n<p style=\"text-align: center;\"><strong>11.00<\/strong><\/p>\n<\/td>\n<td width=\"568\">&nbsp;<\/p>\n<p>&nbsp;<\/td>\n<\/tr>\n<tr>\n<td width=\"112\">\n<p style=\"text-align: center;\"><strong>12.30<\/strong><\/p>\n<\/td>\n<td width=\"568\">+ Zdzis\u0142awa Suwalskiego<\/td>\n<\/tr>\n<tr>\n<td width=\"112\">\n<p style=\"text-align: center;\"><strong>18.00<\/strong><\/p>\n<\/td>\n<td width=\"568\">+ Stanis\u0142awa Gr\u0105dzkiego (1 GR)<\/td>\n<\/tr>\n<tr>\n<td colspan=\"2\" width=\"680\">\n<p style=\"text-align: center;\"><strong>Pi\u0105tek,\u00a0<\/strong>02 listopada\u00a0 2018<\/p>\n<\/td>\n<\/tr>\n<tr>\n<td colspan=\"2\" width=\"680\"><strong>\u00a0<\/strong><\/td>\n<\/tr>\n<tr>\n<td width=\"112\">\n<p style=\"text-align: center;\"><strong>7.00<\/strong><\/p>\n<\/td>\n<td width=\"568\">+ Kazimier\u0119, Stanis\u0142awa Rykowskich<\/td>\n<\/tr>\n<tr>\n<td width=\"112\">\n<p style=\"text-align: center;\"><strong>8.00<\/strong><\/p>\n<\/td>\n<td width=\"568\">\u017bywy R\u00f3\u017caniec i Legion Maryi<\/td>\n<\/tr>\n<tr>\n<td width=\"112\">\n<p style=\"text-align: center;\"><strong>9.00<\/strong><\/p>\n<\/td>\n<td width=\"568\">+ za zmar\u0142ych<\/td>\n<\/tr>\n<tr>\n<td width=\"112\">\n<p style=\"text-align: center;\"><strong>18.00<\/strong><\/p>\n<\/td>\n<td width=\"568\">+ Stanis\u0142awa Gr\u0105dzkiego (2 GR)<\/td>\n<\/tr>\n<tr>\n<td colspan=\"2\" width=\"680\">\n<p style=\"text-align: center;\"><strong>\u00a0<\/strong><strong>Sobota,\u00a0<\/strong>03 listopada\u00a0 2018<\/p>\n<\/td>\n<\/tr>\n<tr>\n<td colspan=\"2\" width=\"680\"><strong>\u00a0<\/strong><\/td>\n<\/tr>\n<tr>\n<td width=\"112\">\n<p style=\"text-align: center;\"><strong>7.00<\/strong><\/p>\n<\/td>\n<td width=\"568\">+ Stanis\u0142awa Gr\u0105dzkiego (3 GR)<\/td>\n<\/tr>\n<tr>\n<td width=\"112\">\n<p style=\"text-align: center;\"><strong>8.00<\/strong><\/p>\n<\/td>\n<td width=\"568\">+ Cr Oleksiak\u00f3w, m\u0119\u017ca Henryka, te\u015bci\u00f3w Kacpra\u00a0 I Mariann\u0119, W\u0142adys\u0142awa<\/td>\n<\/tr>\n<tr>\n<td width=\"112\">\n<p style=\"text-align: center;\"><strong>18.00<\/strong><\/p>\n<\/td>\n<td width=\"568\">+ \u00a0Cr Go\u0142\u0119biewskich<\/td>\n<\/tr>\n<\/tbody>\n<\/table>\n","protected":false},"excerpt":{"rendered":"<p>30 \u00a0NIEDZIELA ZWYK\u0141A,\u00a028 pa\u017adziernika 2018 7.00 + Helen\u0119, Ryszarda, Zdzis\u0142awa Szatkowskich, Mariann\u0119, Czes\u0142aw\u0119, J\u00f3zefa Krawczyk 8.30 + Henryk\u0119 Kloch (28 GR) 10.00 \u00a0+ Waleri\u0119 Rama, Jerzego, Nin\u0119 Pontus 11.00 + Zdzis\u0142awa Skar\u017cy\u0144skiego w 18 r. \u015bm. CR Skar\u017cy\u0144skich i W\u0105sowskich 12.30 + Micha\u0142a Go\u0142kowksiego, Marka Walczaka &#8211; W 1 r. powstania R\u00f3\u017cy R\u00f3\u017ca\u0144cowej modlitwy rodzic\u00f3w [&hellip;]<\/p>\n","protected":false},"author":1,"featured_media":1242,"comment_status":"closed","ping_status":"open","sticky":false,"template":"","format":"standard","meta":{"ngg_post_thumbnail":0,"footnotes":""},"categories":[6],"tags":[],"class_list":["post-2003","post","type-post","status-publish","format-standard","has-post-thumbnail","hentry","category-intencje-mszalne"],"_links":{"self":[{"href":"https:\/\/mbloretanska.pl\/index.php?rest_route=\/wp\/v2\/posts\/2003","targetHints":{"allow":["GET"]}}],"collection":[{"href":"https:\/\/mbloretanska.pl\/index.php?rest_route=\/wp\/v2\/posts"}],"about":[{"href":"https:\/\/mbloretanska.pl\/index.php?rest_route=\/wp\/v2\/types\/post"}],"author":[{"embeddable":true,"href":"https:\/\/mbloretanska.pl\/index.php?rest_route=\/wp\/v2\/users\/1"}],"replies":[{"embeddable":true,"href":"https:\/\/mbloretanska.pl\/index.php?rest_route=%2Fwp%2Fv2%2Fcomments&post=2003"}],"version-history":[{"count":3,"href":"https:\/\/mbloretanska.pl\/index.php?rest_route=\/wp\/v2\/posts\/2003\/revisions"}],"predecessor-version":[{"id":2005,"href":"https:\/\/mbloretanska.pl\/index.php?rest_route=\/wp\/v2\/posts\/2003\/revisions\/2005"}],"wp:featuredmedia":[{"embeddable":true,"href":"https:\/\/mbloretanska.pl\/index.php?rest_route=\/wp\/v2\/media\/1242"}],"wp:attachment":[{"href":"https:\/\/mbloretanska.pl\/index.php?rest_route=%2Fwp%2Fv2%2Fmedia&parent=2003"}],"wp:term":[{"taxonomy":"category","embeddable":true,"href":"https:\/\/mbloretanska.pl\/index.php?rest_route=%2Fwp%2Fv2%2Fcategories&post=2003"},{"taxonomy":"post_tag","embeddable":true,"href":"https:\/\/mbloretanska.pl\/index.php?rest_route=%2Fwp%2Fv2%2Ftags&post=2003"}],"curies":[{"name":"wp","href":"https:\/\/api.w.org\/{rel}","templated":true}]}}