{"id":1996,"date":"2018-10-20T18:50:22","date_gmt":"2018-10-20T16:50:22","guid":{"rendered":"http:\/\/mbloretanska.pl\/?p=1996"},"modified":"2018-10-20T18:53:23","modified_gmt":"2018-10-20T16:53:23","slug":"xix-niedziela-zwykla-21-pazdziernik-2018","status":"publish","type":"post","link":"https:\/\/mbloretanska.pl\/?p=1996","title":{"rendered":"XIX niedziela zwyk\u0142a, 21 pa\u017adziernik 2018"},"content":{"rendered":"<p><span style=\"color: #000000;\">1.\u00a0\u00a0\u00a0\u00a0\u00a0 Razem z ca\u0142ym Ko\u015bcio\u0142em obchodzimy dzi\u015b \u015awiatowy Dzie\u0144 Misyjny rozpoczynaj\u0105cy Tydzie\u0144 misyjny. Ofiary sk\u0142adane na tac\u0119 b\u0119d\u0105 przeznaczone na misje.\u00a0\u00a0\u00a0\u00a0\u00a0\u00a0\u00a0<\/span><\/p>\n<p><span style=\"color: #000000;\">2.\u00a0\u00a0\u00a0\u00a0\u00a0 Dzi\u0119ki \u0142asce Bo\u017cej powsta\u0142y w naszej parafii dwie nowe r\u00f3\u017ce rodzinne, a w trakcie tworzenia jest r\u00f3\u017ca m\u0119ska, m\u0142odzie\u017cowa i dzieci\u0119ca. Serdecznie zapraszamy i zach\u0119camy szczeg\u00f3lnie m\u0119\u017cczyzn, m\u0142odzie\u017c<br \/>\ni dzieci, aby te r\u00f3\u017ca\u0144cowe wsp\u00f3lnoty mog\u0142y powsta\u0107. Mo\u017cemy zaprosi\u0107 do nich tak\u017ce swoich znajomych bez wzgl\u0119du na to gdzie \u017cyj\u0105 i mieszkaj\u0105. Zapisy w zakrystii i kancelarii.<\/span><\/p>\n<p><span style=\"color: #000000;\">3.\u00a0\u00a0\u00a0\u00a0\u00a0 Zapowiadane na dzi\u015b na godz. 13.30 przedstawienie w wykonaniu Trupy Meandry odb\u0119dzie si\u0119<\/span><br \/>\n<span style=\"color: #000000;\">w innym terminie. W imieniu organizator\u00f3w przepraszamy za t\u0119 zmian\u0119.<\/span><\/p>\n<p><span style=\"color: #000000;\">4.\u00a0\u00a0\u00a0\u00a0\u00a0 Dzisiaj we wszystkich parafiach w Polsce niedziela tradycyjnego liczenia wiernych obecnych\u00a0w ko\u015bciele i przyst\u0119puj\u0105cych do komunii \u015bw. W zwi\u0105zku z tym prosimy by po Mszy nieco wolniej opuszcza\u0107 mury \u015bwi\u0105tyni. <\/span><\/p>\n<p><span style=\"color: #000000;\">5.\u00a0\u00a0\u00a0\u00a0\u00a0 W poniedzia\u0142ek 22 pa\u017adziernika liturgiczne wspomnienie \u015bw. Jana Paw\u0142a II.<\/span><\/p>\n<p><span style=\"color: #000000;\">6.\u00a0\u00a0\u00a0\u00a0\u00a0 W najbli\u017csz\u0105 \u015brod\u0119 przed po\u0142udniem kancelaria b\u0119dzie nieczynna. Zapraszamy w godz.\u00a0 \u00a0od 16.00 do 17.45.<\/span><\/p>\n<p><span style=\"color: #000000;\">7.\u00a0\u00a0\u00a0\u00a0\u00a0 Przed nami Uroczysto\u015b\u0107 Wszystkich \u015awi\u0119tych i Dzie\u0144 Zaduszny. Mo\u017cna ju\u017c zapisywa\u0107 swoich bliskich zmar\u0142ych na wypominki. Pami\u0119tajmy, \u017ce modlitwa za zmar\u0142ych to jeden ze sposob\u00f3w wyra\u017cania wdzi\u0119czno\u015bci wobec bliskich oraz wa\u017cny uczynek mi\u0142osierdzia wzgl\u0119dem duszy.<\/span><\/p>\n<p><span style=\"color: #000000;\">8.\u00a0\u00a0\u00a0\u00a0\u00a0 \u00a0Na stoliku prasowym znajdziemy nowy numer tygodnik<i>a Idziemy <\/i>i parafialnej gazetk<i>i We\u017a Ewangeli\u0119 do domu. W Idziemy <\/i>ciekawe teksty to min.<i> Skarb zdrowia, Tylko\u00a0 mi siebie nie zabieraj \u2013 <\/i>artyku\u0142 o Janie Budziaszku<i> oraz Na kra\u0144cach \u015bwiata <\/i>i<i>Dzieci z Madagaskaru \u2013 <\/i>o polskich misjonarzach<i>.<\/i> Obok znajdziemy ksi\u0105\u017ck\u0119 pt<i>Praga II nasza historia<\/i> autorstwa Kamila Ciepie\u0144ko. Ta publikacja jest bezp\u0142atna, a w niej zawarte s\u0105 ciekawe informacje o historii naszego osiedla ilustrowane oryginalnymi fotografiami. Zach\u0119camy, aby zabra\u0107 t\u0119 ksi\u0105\u017ck\u0119 do domu jako pami\u0105tk\u0119 naszej wsp\u00f3lnej historii.<\/span><\/p>\n<p><span style=\"color: #000000;\">9.\u00a0\u00a0\u00a0\u00a0\u00a0 W nadchodz\u0105cym tygodniu s\u0105 jeszcze wolne intencje. Zapraszamy szczeg\u00f3lnie tych, kt\u00f3rzy w tym roku jeszcze nie ofiarowali bliskim daru Mszy \u015bwi\u0119tej.<\/span><\/p>\n","protected":false},"excerpt":{"rendered":"<p>1.\u00a0\u00a0\u00a0\u00a0\u00a0 Razem z ca\u0142ym Ko\u015bcio\u0142em obchodzimy dzi\u015b \u015awiatowy Dzie\u0144 Misyjny rozpoczynaj\u0105cy Tydzie\u0144 misyjny. Ofiary sk\u0142adane na tac\u0119 b\u0119d\u0105 przeznaczone na misje.\u00a0\u00a0\u00a0\u00a0\u00a0\u00a0\u00a0 2.\u00a0\u00a0\u00a0\u00a0\u00a0 Dzi\u0119ki \u0142asce Bo\u017cej powsta\u0142y w naszej parafii dwie nowe r\u00f3\u017ce rodzinne, a w trakcie tworzenia jest r\u00f3\u017ca m\u0119ska, m\u0142odzie\u017cowa i dzieci\u0119ca. Serdecznie zapraszamy i zach\u0119camy szczeg\u00f3lnie m\u0119\u017cczyzn, m\u0142odzie\u017c i dzieci, aby te r\u00f3\u017ca\u0144cowe [&hellip;]<\/p>\n","protected":false},"author":1,"featured_media":46,"comment_status":"closed","ping_status":"open","sticky":false,"template":"","format":"standard","meta":{"ngg_post_thumbnail":0,"footnotes":""},"categories":[3],"tags":[],"class_list":["post-1996","post","type-post","status-publish","format-standard","has-post-thumbnail","hentry","category-ogloszenia-duszpasterskie"],"_links":{"self":[{"href":"https:\/\/mbloretanska.pl\/index.php?rest_route=\/wp\/v2\/posts\/1996","targetHints":{"allow":["GET"]}}],"collection":[{"href":"https:\/\/mbloretanska.pl\/index.php?rest_route=\/wp\/v2\/posts"}],"about":[{"href":"https:\/\/mbloretanska.pl\/index.php?rest_route=\/wp\/v2\/types\/post"}],"author":[{"embeddable":true,"href":"https:\/\/mbloretanska.pl\/index.php?rest_route=\/wp\/v2\/users\/1"}],"replies":[{"embeddable":true,"href":"https:\/\/mbloretanska.pl\/index.php?rest_route=%2Fwp%2Fv2%2Fcomments&post=1996"}],"version-history":[{"count":4,"href":"https:\/\/mbloretanska.pl\/index.php?rest_route=\/wp\/v2\/posts\/1996\/revisions"}],"predecessor-version":[{"id":2000,"href":"https:\/\/mbloretanska.pl\/index.php?rest_route=\/wp\/v2\/posts\/1996\/revisions\/2000"}],"wp:featuredmedia":[{"embeddable":true,"href":"https:\/\/mbloretanska.pl\/index.php?rest_route=\/wp\/v2\/media\/46"}],"wp:attachment":[{"href":"https:\/\/mbloretanska.pl\/index.php?rest_route=%2Fwp%2Fv2%2Fmedia&parent=1996"}],"wp:term":[{"taxonomy":"category","embeddable":true,"href":"https:\/\/mbloretanska.pl\/index.php?rest_route=%2Fwp%2Fv2%2Fcategories&post=1996"},{"taxonomy":"post_tag","embeddable":true,"href":"https:\/\/mbloretanska.pl\/index.php?rest_route=%2Fwp%2Fv2%2Ftags&post=1996"}],"curies":[{"name":"wp","href":"https:\/\/api.w.org\/{rel}","templated":true}]}}