{"id":1990,"date":"2018-10-20T18:46:01","date_gmt":"2018-10-20T16:46:01","guid":{"rendered":"http:\/\/mbloretanska.pl\/?p=1990"},"modified":"2018-10-20T18:47:27","modified_gmt":"2018-10-20T16:47:27","slug":"intencje-mszalne-21-27-10-2018","status":"publish","type":"post","link":"https:\/\/mbloretanska.pl\/?p=1990","title":{"rendered":"intencje mszalne 21-27.10.2018"},"content":{"rendered":"<table width=\"680\">\n<tbody>\n<tr>\n<td colspan=\"2\" width=\"680\">\n<p style=\"text-align: center;\"><strong>29\u00a0 NIEDZIELA ZWYK\u0141A<br \/>\n<\/strong>21 pa\u017adziernika 2018\u00a0 \u015awiatowy Dzie\u0144 Misyjny<\/p>\n<\/td>\n<\/tr>\n<tr>\n<td colspan=\"2\" width=\"680\"><\/td>\n<\/tr>\n<tr>\n<td width=\"112\"><strong>7.00<\/strong><\/td>\n<td width=\"568\">+ Kazimierza Wo\u017aniaka i\u00a0 zm. z CR.<\/td>\n<\/tr>\n<tr>\n<td width=\"112\"><strong>8.30<\/strong><\/td>\n<td width=\"568\">+ CR Strza\u0142kowskich, Wro\u0144skich, Stachewicz\u00f3w<\/td>\n<\/tr>\n<tr>\n<td width=\"112\"><strong>10.00<\/strong><\/td>\n<td width=\"568\">1. + Henryk\u0119 Kloch (21 GR)<\/p>\n<p>2. + Boles\u0142awa, Franciszka, Katarzyn\u0119 Wnuk\u00f3w, Edmunda, Andrzeja, J\u00f3zefa Kr\u0119\u017clewicz\u00f3w, Jana, Karolin\u0119 Boruckich<\/td>\n<\/tr>\n<tr>\n<td width=\"112\"><strong>11.00<\/strong><\/td>\n<td width=\"568\">+ Stanis\u0142awa, Stanis\u0142aw\u0119, Uchman,\u00a0 Aleksandra, Zofi\u0119 Kami\u0144skich<\/td>\n<\/tr>\n<tr>\n<td width=\"112\"><strong>12.30<\/strong><\/td>\n<td width=\"568\">Intencja dzi\u0119kczynna za 79 lat \u017cycia m\u0119\u017ca Tadeusza z pro\u015bb\u0105 o dalsz\u0105 opiek\u0119, Bo\u017ce b\u0142ogos\u0142awie\u0144stwo, zdrowie i \u0142aski potrzebne dla ca\u0142ej rodziny<\/td>\n<\/tr>\n<tr>\n<td width=\"112\"><strong>18.00<\/strong><\/td>\n<td width=\"568\">+ Tadeusza Sta\u0144czaka oraz jego rodzic\u00f3w Czes\u0142aw\u0119 i W\u0142adys\u0142awa<\/td>\n<\/tr>\n<tr>\n<td colspan=\"2\" width=\"680\">\n<p style=\"text-align: center;\"><strong>\u00a0<\/strong><strong>Poniedzia\u0142ek,\u00a0<\/strong>22 pa\u017adziernika\u00a0 2018<br \/>\nWspomnienie \u015bw. Jana Paw\u0142a II<\/p>\n<\/td>\n<\/tr>\n<tr>\n<td colspan=\"2\" width=\"680\"><strong>\u00a0<\/strong><\/td>\n<\/tr>\n<tr>\n<td width=\"112\"><strong>7.00<\/strong><\/td>\n<td width=\"568\">&nbsp;<\/p>\n<p>&nbsp;<\/td>\n<\/tr>\n<tr>\n<td width=\"112\"><strong>8.00<\/strong><\/td>\n<td width=\"568\">+ W\u0142adys\u0142aw\u0119 Parys w 18 r. \u015bm.<\/td>\n<\/tr>\n<tr>\n<td width=\"112\"><strong>18.00<\/strong><\/td>\n<td width=\"568\">+ Henryk\u0119 Kloch (22 GR)<\/td>\n<\/tr>\n<tr>\n<td colspan=\"2\" width=\"680\">\n<p style=\"text-align: center;\"><strong>\u00a0<\/strong><strong>Wtorek,<\/strong>\u00a023 pa\u017adziernika\u00a0 2018<\/p>\n<\/td>\n<\/tr>\n<tr>\n<td colspan=\"2\" width=\"680\"><strong>\u00a0<\/strong><\/td>\n<\/tr>\n<tr>\n<td width=\"112\"><strong>7.00<\/strong><\/td>\n<td width=\"568\">+ Henryk\u0119 Kloch (23 GR)<\/td>\n<\/tr>\n<tr>\n<td width=\"112\"><strong>8.00<\/strong><\/td>\n<td width=\"568\">+ Franciszka J\u0119czalika w 42 r. \u015bm., Aniel\u0119, Zdzis\u0142awa, Ryszarda, W\u0142adys\u0142aw\u0119, Krystyn\u0119 J\u0119czalik\u00f3w<\/td>\n<\/tr>\n<tr>\n<td width=\"112\"><strong>18.00<\/strong><\/td>\n<td width=\"568\">+ Jerzego So\u0142tysiaka z racji urodzin<\/td>\n<\/tr>\n<tr>\n<td colspan=\"2\" width=\"680\">\n<p style=\"text-align: center;\"><strong>\u00a0<\/strong><strong>\u015aroda,\u00a0<\/strong>24 pa\u017adziernika\u00a0 2018<\/p>\n<\/td>\n<\/tr>\n<tr>\n<td colspan=\"2\" width=\"680\"><strong>\u00a0<\/strong><\/td>\n<\/tr>\n<tr>\n<td width=\"112\"><strong>7.00<\/strong><\/td>\n<td width=\"568\">+ Helen\u0119 i Stanis\u0142awa Soko\u0142owskich<\/td>\n<\/tr>\n<tr>\n<td width=\"112\"><strong>8.00<\/strong><\/td>\n<td width=\"568\">+ Henryk\u0119 Kloch (24 GR)<\/td>\n<\/tr>\n<tr>\n<td width=\"112\"><strong>17.45<\/strong><\/td>\n<td width=\"568\">NOWENNA DO MATKI BO\u017bEJ NIEUSTAJ\u0104CEJ POMOCY\u00a0I MSZA \u015aWI\u0118TA<\/td>\n<\/tr>\n<tr>\n<td colspan=\"2\" width=\"680\">\n<p style=\"text-align: center;\"><strong>\u00a0<\/strong><strong>Czwartek,\u00a0<\/strong>25 pa\u017adziernika\u00a0 2018<\/p>\n<\/td>\n<\/tr>\n<tr>\n<td colspan=\"2\" width=\"680\"><strong>\u00a0<\/strong><\/td>\n<\/tr>\n<tr>\n<td width=\"112\"><strong>7.00<\/strong><\/td>\n<td width=\"568\">+ Henryk\u0119 Kloch (25 GR)<\/td>\n<\/tr>\n<tr>\n<td width=\"112\"><strong>8.00<\/strong><\/td>\n<td width=\"568\"><\/td>\n<\/tr>\n<tr>\n<td width=\"112\"><strong>18.00<\/strong><\/td>\n<td width=\"568\">+ Adama\u00a0 Oleksiewicza w 1 r. \u015bm.<\/td>\n<\/tr>\n<tr>\n<td colspan=\"2\" width=\"680\">\n<p style=\"text-align: center;\"><strong>\u00a0<\/strong><strong>Pi\u0105tek,\u00a0<\/strong>26 pa\u017adziernika\u00a0 2018<\/p>\n<\/td>\n<\/tr>\n<tr>\n<td colspan=\"2\" width=\"680\"><strong>\u00a0<\/strong><\/td>\n<\/tr>\n<tr>\n<td width=\"112\"><strong>7.00<\/strong><\/td>\n<td width=\"568\">+ Henryk\u0119 Kloch (26 GR)<\/td>\n<\/tr>\n<tr>\n<td width=\"112\"><strong>8.00<\/strong><\/td>\n<td width=\"568\">&nbsp;<\/p>\n<p>&nbsp;<\/td>\n<\/tr>\n<tr>\n<td width=\"112\"><strong>18.00<\/strong><\/td>\n<td width=\"568\">Dzi\u0119kczynna\u00a0 za\u00a0 dar\u00a0 \u017cycia i o Bo\u017ce b\u0142ogos\u0142awie\u0144stwo, opiek\u0119 Matki Bo\u017cej Loreta\u0144skiej dla Kornela z racji urodzin<\/td>\n<\/tr>\n<tr>\n<td colspan=\"2\" width=\"680\">\n<p style=\"text-align: center;\"><strong>\u00a0<\/strong><strong>Sobota,\u00a0<\/strong>27 pa\u017adziernika\u00a0 2018<\/p>\n<\/td>\n<\/tr>\n<tr>\n<td colspan=\"2\" width=\"680\"><strong>\u00a0<\/strong><\/td>\n<\/tr>\n<tr>\n<td width=\"112\"><strong>7.00<\/strong><\/td>\n<td width=\"568\">+ Aleksandr\u0119, Mariann\u0119, Jana, J\u00f3zefa O\u0142\u00f3wka, Mariann\u0119 i Stanis\u0142awa Michalik<\/td>\n<\/tr>\n<tr>\n<td width=\"112\"><strong>8.00<\/strong><\/td>\n<td width=\"568\">+ Henryk\u0119 Kloch (27 GR)<\/td>\n<\/tr>\n<tr>\n<td width=\"112\"><strong>18.00<\/strong><\/td>\n<td width=\"568\">+ \u00a0W\u0142adys\u0142aw\u0119 i Jana K\u0142oszewskich oraz ich rodzic\u00f3w<\/td>\n<\/tr>\n<\/tbody>\n<\/table>\n","protected":false},"excerpt":{"rendered":"<p>29\u00a0 NIEDZIELA ZWYK\u0141A 21 pa\u017adziernika 2018\u00a0 \u015awiatowy Dzie\u0144 Misyjny 7.00 + Kazimierza Wo\u017aniaka i\u00a0 zm. z CR. 8.30 + CR Strza\u0142kowskich, Wro\u0144skich, Stachewicz\u00f3w 10.00 1. + Henryk\u0119 Kloch (21 GR) 2. + Boles\u0142awa, Franciszka, Katarzyn\u0119 Wnuk\u00f3w, Edmunda, Andrzeja, J\u00f3zefa Kr\u0119\u017clewicz\u00f3w, Jana, Karolin\u0119 Boruckich 11.00 + Stanis\u0142awa, Stanis\u0142aw\u0119, Uchman,\u00a0 Aleksandra, Zofi\u0119 Kami\u0144skich 12.30 Intencja dzi\u0119kczynna za [&hellip;]<\/p>\n","protected":false},"author":1,"featured_media":1242,"comment_status":"closed","ping_status":"open","sticky":false,"template":"","format":"standard","meta":{"ngg_post_thumbnail":0,"footnotes":""},"categories":[6],"tags":[],"class_list":["post-1990","post","type-post","status-publish","format-standard","has-post-thumbnail","hentry","category-intencje-mszalne"],"_links":{"self":[{"href":"https:\/\/mbloretanska.pl\/index.php?rest_route=\/wp\/v2\/posts\/1990","targetHints":{"allow":["GET"]}}],"collection":[{"href":"https:\/\/mbloretanska.pl\/index.php?rest_route=\/wp\/v2\/posts"}],"about":[{"href":"https:\/\/mbloretanska.pl\/index.php?rest_route=\/wp\/v2\/types\/post"}],"author":[{"embeddable":true,"href":"https:\/\/mbloretanska.pl\/index.php?rest_route=\/wp\/v2\/users\/1"}],"replies":[{"embeddable":true,"href":"https:\/\/mbloretanska.pl\/index.php?rest_route=%2Fwp%2Fv2%2Fcomments&post=1990"}],"version-history":[{"count":3,"href":"https:\/\/mbloretanska.pl\/index.php?rest_route=\/wp\/v2\/posts\/1990\/revisions"}],"predecessor-version":[{"id":1994,"href":"https:\/\/mbloretanska.pl\/index.php?rest_route=\/wp\/v2\/posts\/1990\/revisions\/1994"}],"wp:featuredmedia":[{"embeddable":true,"href":"https:\/\/mbloretanska.pl\/index.php?rest_route=\/wp\/v2\/media\/1242"}],"wp:attachment":[{"href":"https:\/\/mbloretanska.pl\/index.php?rest_route=%2Fwp%2Fv2%2Fmedia&parent=1990"}],"wp:term":[{"taxonomy":"category","embeddable":true,"href":"https:\/\/mbloretanska.pl\/index.php?rest_route=%2Fwp%2Fv2%2Fcategories&post=1990"},{"taxonomy":"post_tag","embeddable":true,"href":"https:\/\/mbloretanska.pl\/index.php?rest_route=%2Fwp%2Fv2%2Ftags&post=1990"}],"curies":[{"name":"wp","href":"https:\/\/api.w.org\/{rel}","templated":true}]}}