{"id":1986,"date":"2018-10-13T23:06:59","date_gmt":"2018-10-13T21:06:59","guid":{"rendered":"http:\/\/mbloretanska.pl\/?p=1986"},"modified":"2018-10-13T23:07:54","modified_gmt":"2018-10-13T21:07:54","slug":"xxviii-niedziela-zwykla-14-pazdziernik-2018","status":"publish","type":"post","link":"https:\/\/mbloretanska.pl\/?p=1986","title":{"rendered":"XXVIII niedziela zwyk\u0142a, 14 pa\u017adziernik 2018"},"content":{"rendered":"<p><span style=\"color: #000000;\">1.\u00a0\u00a0\u00a0\u00a0 Dzisiaj prze\u017cywamy XVIII Dzie\u0144 Papieski pod has\u0142em Promieniowanie Ojcostwa. To sposobno\u015b\u0107, aby w blasku m\u0105dro\u015bci, wiary i mi\u0142o\u015bci Jana Paw\u0142a II budowa\u0107 swoje cz\u0142owiecze\u0144stwo i wiar\u0119. Mo\u017cemy te\u017c materialnie wesprze\u0107 Fundacj\u0119 Dzie\u0142o Nowego Tysi\u0105clecia. \u00a0\u00a0\u00a0\u00a0 <\/span><\/p>\n<p><span style=\"color: #000000;\">2.\u00a0\u00a0\u00a0\u00a0 Dzi\u0119kujemy naszym go\u015bciom \u2013 animatorom R\u00f3\u017ca\u0144ca Rodzinnego za dzisiejsze \u015bwiadectwo warto\u015bci i mocy modlitwy r\u00f3\u017ca\u0144cowej. Serdecznie zach\u0119camy do zapisania si\u0119 do nowych r\u00f3\u017c r\u00f3\u017ca\u0144cowych: rodzinnych, m\u0142odzie\u017cowych i dzieci\u0119cych. <\/span><\/p>\n<p><span style=\"color: #000000;\">3.\u00a0\u00a0\u00a0\u00a0 Dzi\u015b po Mszy wieczornej o godz. 18.00 kolejne spotkanie kandydat\u00f3w do sakramentu bierzmowania.<\/span><\/p>\n<p><span style=\"color: #000000;\">4.\u00a0\u00a0\u00a0\u00a0 Dzi\u0119kujemy za ofiary z\u0142o\u017cone dzi\u015b na tac\u0119, kt\u00f3re z racji II niedzieli miesi\u0105ca przeznaczone b\u0119d\u0105 na wykonane, realizowane i planowane inwestycje. Dzi\u0119kujemy tak\u017ce za wszystkie ofiary sk\u0142adane indywidualnie b\u0105d\u017a do skarbonek oraz w formie przelew\u00f3w na konto parafialne. Wszystkich ofiarodawc\u00f3w w\u0142\u0105czamy w modlitw\u0119 zanoszon\u0105 przez wstawiennictwo Matki Bo\u017cej Loreta\u0144skiej.<\/span><\/p>\n<p><span style=\"color: #000000;\">5. \u00a0 \u00a0W poniedzia\u0142ek po Mszy wieczornej Oaza doros\u0142ych zaprasza na wsp\u00f3ln\u0105 adoracj\u0119 Naj\u015bwi\u0119tszego Sakramentu.<\/span><\/p>\n<p><span style=\"color: #000000;\">6.\u00a0\u00a0\u00a0\u00a0 W czwartek 18.X \u015bwi\u0119to \u015bw. \u0141ukasza Ewangelisty, a w pi\u0105tek 19.X wspomnienie\u00a0\u00a0 b\u0142. ks. Jerzego Popie\u0142uszki.<\/span><\/p>\n<p><span style=\"color: #000000;\">7. \u00a0 \u00a0Za tydzie\u0144 prze\u017cywa\u0107 b\u0119dziemy \u015awiatowy Dzie\u0144 Misyjny. Taca b\u0119dzie przeznaczona na misje. <\/span><\/p>\n<p><span style=\"color: #000000;\">8.\u00a0\u00a0\u00a0\u00a0 R\u00f3wnie\u017c za tydzie\u0144 po Mszy \u015bw. o godz. 12.30 zapraszamy na przedstawienie pt. <i>Praga \u201944. Tu te\u017c by\u0142o powstanie<\/i> w wykonaniu Trupy Meandry. Pocz\u0105tek o 13.30.<\/span><\/p>\n<p><span style=\"color: #000000;\">9.\u00a0\u00a0\u00a0\u00a0 Przed nami Uroczysto\u015b\u0107 Wszystkich \u015awi\u0119tych i Dzie\u0144 Zaduszny. W zakrystii i kancelarii mo\u017cna ju\u017c zapisywa\u0107 swoich bliskich zmar\u0142ych na wypominki. Pami\u0119tajmy, \u017ce modlitwa za zmar\u0142ych to jeden ze sposob\u00f3w wyra\u017cania wdzi\u0119czno\u015bci wobec bliskich oraz wa\u017cny uczynek mi\u0142osierdzia wzgl\u0119dem duszy. <\/span><\/p>\n<p><span style=\"color: #000000;\">10. \u00a0 \u00a0 Wszystkim nauczycielom w dniu ich \u015bwi\u0119ta sk\u0142adamy serdeczne \u017cyczenia bo\u017cego b\u0142ogos\u0142awie\u0144stwa w codziennej pracy. \u017byczymy owocnej wsp\u00f3\u0142pracy z rodzicami, rado\u015bci i satysfakcji z sukces\u00f3w swoich uczni\u00f3w, a tak\u017ce szacunku i uznania wychowank\u00f3w.<\/span><\/p>\n<p><span style=\"color: #000000;\">11. \u00a0 \u00a0 \u00a0Na stoliku prasowym znajdziemy nowy numer tygodnik<i>a Idziemy <\/i>i parafialnej gazetk<i>i We\u017a Ewangeli\u0119 do domu. W Idziemy <\/i>wiele ciekawych tekst\u00f3w o Karolu Wojtyle i Janie Pawle II oraz o niezwyk\u0142ym pontyfikacie naszego \u015bwi\u0119tego papie\u017ca.<\/span><\/p>\n<p><span style=\"color: #000000;\">12. \u00a0 \u00a0 \u00a0Wszystkim solenizantom i jubilatom tego tygodnia sk\u0142adamy serdeczne \u017cyczenia wielu \u0142ask bo\u017cych i mi\u0142o\u015bci od bliskich. Do \u017cycze\u0144 do\u0142\u0105czamy nasz\u0105 modlitw\u0119<\/span><\/p>\n","protected":false},"excerpt":{"rendered":"<p>1.\u00a0\u00a0\u00a0\u00a0 Dzisiaj prze\u017cywamy XVIII Dzie\u0144 Papieski pod has\u0142em Promieniowanie Ojcostwa. To sposobno\u015b\u0107, aby w blasku m\u0105dro\u015bci, wiary i mi\u0142o\u015bci Jana Paw\u0142a II budowa\u0107 swoje cz\u0142owiecze\u0144stwo i wiar\u0119. Mo\u017cemy te\u017c materialnie wesprze\u0107 Fundacj\u0119 Dzie\u0142o Nowego Tysi\u0105clecia. \u00a0\u00a0\u00a0\u00a0 2.\u00a0\u00a0\u00a0\u00a0 Dzi\u0119kujemy naszym go\u015bciom \u2013 animatorom R\u00f3\u017ca\u0144ca Rodzinnego za dzisiejsze \u015bwiadectwo warto\u015bci i mocy modlitwy r\u00f3\u017ca\u0144cowej. Serdecznie zach\u0119camy do [&hellip;]<\/p>\n","protected":false},"author":1,"featured_media":46,"comment_status":"closed","ping_status":"open","sticky":false,"template":"","format":"standard","meta":{"ngg_post_thumbnail":0,"footnotes":""},"categories":[3],"tags":[],"class_list":["post-1986","post","type-post","status-publish","format-standard","has-post-thumbnail","hentry","category-ogloszenia-duszpasterskie"],"_links":{"self":[{"href":"https:\/\/mbloretanska.pl\/index.php?rest_route=\/wp\/v2\/posts\/1986","targetHints":{"allow":["GET"]}}],"collection":[{"href":"https:\/\/mbloretanska.pl\/index.php?rest_route=\/wp\/v2\/posts"}],"about":[{"href":"https:\/\/mbloretanska.pl\/index.php?rest_route=\/wp\/v2\/types\/post"}],"author":[{"embeddable":true,"href":"https:\/\/mbloretanska.pl\/index.php?rest_route=\/wp\/v2\/users\/1"}],"replies":[{"embeddable":true,"href":"https:\/\/mbloretanska.pl\/index.php?rest_route=%2Fwp%2Fv2%2Fcomments&post=1986"}],"version-history":[{"count":3,"href":"https:\/\/mbloretanska.pl\/index.php?rest_route=\/wp\/v2\/posts\/1986\/revisions"}],"predecessor-version":[{"id":1988,"href":"https:\/\/mbloretanska.pl\/index.php?rest_route=\/wp\/v2\/posts\/1986\/revisions\/1988"}],"wp:featuredmedia":[{"embeddable":true,"href":"https:\/\/mbloretanska.pl\/index.php?rest_route=\/wp\/v2\/media\/46"}],"wp:attachment":[{"href":"https:\/\/mbloretanska.pl\/index.php?rest_route=%2Fwp%2Fv2%2Fmedia&parent=1986"}],"wp:term":[{"taxonomy":"category","embeddable":true,"href":"https:\/\/mbloretanska.pl\/index.php?rest_route=%2Fwp%2Fv2%2Fcategories&post=1986"},{"taxonomy":"post_tag","embeddable":true,"href":"https:\/\/mbloretanska.pl\/index.php?rest_route=%2Fwp%2Fv2%2Ftags&post=1986"}],"curies":[{"name":"wp","href":"https:\/\/api.w.org\/{rel}","templated":true}]}}