{"id":1976,"date":"2018-10-07T07:59:00","date_gmt":"2018-10-07T05:59:00","guid":{"rendered":"http:\/\/mbloretanska.pl\/?p=1976"},"modified":"2018-10-07T07:59:44","modified_gmt":"2018-10-07T05:59:44","slug":"xxviiniedziela-zwykla-7-pazdziernik-2018","status":"publish","type":"post","link":"https:\/\/mbloretanska.pl\/?p=1976","title":{"rendered":"XXVII niedziela zwyk\u0142a, 7 pa\u017adziernik 2018"},"content":{"rendered":"<div align=\"justify\"><span style=\"color: black; font-family: Times New Roman,serif; font-size: large;\">1.<\/span><span style=\"color: black; font-family: Times New Roman,serif;\">\u00a0\u00a0\u00a0\u00a0 <\/span><span style=\"color: black; font-family: Times New Roman,serif; font-size: large;\">Dzisiaj rozpoczynamy w naszej parafii katechezy liturgiczne o Mszy \u015bw.<\/span> <span style=\"color: black; font-family: Times New Roman,serif; font-size: large;\">B\u0119d\u0105 si\u0119 one odbywa\u0107 w kolejne niedziele 10 minut przed Msz\u0105 \u015bw. o godz.10.00.<br \/>\n<\/span><span style=\"color: black; font-family: Times New Roman,serif; font-size: large;\"><br \/>\n<\/span><\/div>\n<div><span style=\"color: #222222; font-family: Times New Roman,serif; font-size: large;\">2.<\/span><span style=\"color: #222222; font-family: Times New Roman,serif;\">\u00a0\u00a0\u00a0\u00a0 <\/span><span style=\"color: black; font-family: Times New Roman,serif; font-size: large;\">W imieniu Stowarzyszenia Kocham Prag\u0119 po Mszy \u015bw. o 12.30 zapraszamy na <\/span><span style=\"color: black; font-family: Times New Roman,serif; font-size: large;\">\u00a0<\/span><span style=\"color: #1d2129; font-family: Times New Roman,serif; font-size: large;\">koncert <\/span><span style=\"color: #222222; font-family: Times New Roman,serif; font-size: large;\">pod tytu\u0142em<i> <\/i><\/span><span style=\"color: #222222; font-family: Times New Roman,serif; font-size: large;\"><i>Waleczna Praga w ho\u0142dzie powsta\u0144com<\/i><\/span><span style=\"color: #222222; font-family: Times New Roman,serif; font-size: large;\">. Wyst\u0105pi\u0105 mi\u0119dzy innymi Ryszard Bednarczuk i Piotr Racho\u0144. Pocz\u0105tek o godz.13.30.<\/span><\/div>\n<div><span style=\"color: #222222; font-family: Times New Roman,serif; font-size: large;\">\u00a0<\/span><\/div>\n<div align=\"justify\"><span style=\"color: #222222; font-family: Times New Roman,serif; font-size: large;\">3.<\/span><span style=\"color: #222222; font-family: Times New Roman,serif;\">\u00a0\u00a0\u00a0\u00a0 <\/span><span style=\"color: #1d2129; font-family: Times New Roman,serif; font-size: large;\">W sobot\u0119 13 pa\u017adziernika po Mszy wieczornej ostatnie w tym roku nabo\u017ce\u0144stwo fatimskie. R\u00f3\u017caniec odm\u00f3wimy w czasie procesji <\/span><span style=\"color: black; font-family: Times New Roman,serif; font-size: large;\">ze \u015bwiecami, dlatego wyj\u0105tkowo, w sobot\u0119 ju\u017c nie b\u0119dzie r\u00f3\u017ca\u0144ca o 17.15<\/span><\/div>\n<div><span style=\"color: #222222; font-family: Times New Roman,serif; font-size: large;\">\u00a0<\/span><\/div>\n<div><span style=\"color: #222222; font-family: Times New Roman,serif; font-size: large;\">4. W przysz\u0142\u0105 niedziel\u0119 14 X b\u0119dziemy w Polsce prze\u017cywa\u0107 XVIII Dzie\u0144 Papieski pod has\u0142em Promieniowanie Ojcostwa. W naszej parafii b\u0119dziemy go\u015bci\u0107 diecezjalnych animator\u00f3w R\u00f3\u017ca\u0144ca Rodzinnego, kt\u00f3rzy b\u0119d\u0105 m\u00f3wi\u0107 o mocy modlitwy r\u00f3\u017ca\u0144cowej w swoim \u017cyciu oraz \u017cyciu swoich rodzin. B\u0119dzie te\u017c mo\u017cliwo\u015b\u0107 zapisania si\u0119 do r\u00f3\u017c r\u00f3\u017ca\u0144cowych rodzinnych, m\u0142odzie\u017cowych oraz dzieci\u0119cych<\/span><span style=\"color: #222222; font-family: Times New Roman,serif; font-size: small;\">.&#8221;<\/span><\/div>\n<div><span style=\"color: black; font-family: Times New Roman,serif; font-size: medium;\"><b>\u00a0<\/b><\/span><\/div>\n<div align=\"justify\"><span style=\"color: black; font-family: Times New Roman,serif; font-size: large;\">4.<\/span><span style=\"color: black; font-family: Times New Roman,serif;\">\u00a0\u00a0\u00a0\u00a0 <\/span><span style=\"color: black; font-family: Times New Roman,serif; font-size: large;\">Za tydzie\u0144 po Mszy wieczornej o godz. 18.00 spotkanie kandydat\u00f3w do sakramentu bierzmowania. <\/span><\/div>\n<div><span style=\"color: black; font-family: Times New Roman,serif; font-size: large;\">\u00a0<\/span><\/div>\n<div align=\"justify\"><span style=\"color: black; font-family: Times New Roman,serif; font-size: large;\">5.<\/span><span style=\"color: black; font-family: Times New Roman,serif;\">\u00a0\u00a0\u00a0\u00a0 <\/span><span style=\"color: black; font-family: Times New Roman,serif; font-size: large;\">W pa\u017adzierniku r\u00f3\u017caniec w naszym ko\u015bciele codziennie o godz. 17.15. Serdecznie zapraszamy do wsp\u00f3lnej modlitwy. Dzieci na r\u00f3\u017caniec szczeg\u00f3lnie zapraszamy w ka\u017cdy wtorek. <\/span><\/div>\n<div><span style=\"color: black; font-family: Times New Roman,serif; font-size: large;\">\u00a0<\/span><\/div>\n<div><span style=\"color: #222222; font-family: Times New Roman,serif; font-size: large;\">6.<\/span><span style=\"color: #222222; font-family: Times New Roman,serif;\">\u00a0\u00a0\u00a0\u00a0 <\/span><span style=\"color: #222222; font-family: Times New Roman,serif; font-size: large;\">Chcieliby\u015bmy, \u017ceby przy naszej parafii powsta\u0142a wsp\u00f3lnota dla ma\u0142\u017ce\u0144stw. Zainteresowane osoby par w zapraszamy do zakrystii w celu nawi\u0105zania kontaktu. <\/span><span style=\"color: #222222; font-family: Times New Roman,serif; font-size: large;\">\u00a0<\/span><\/div>\n<div><span style=\"color: #222222; font-family: Times New Roman,serif; font-size: large;\">\u00a0<\/span><\/div>\n<div align=\"justify\"><span style=\"color: black; font-family: Times New Roman,serif; font-size: large;\">7.<\/span><span style=\"color: black; font-family: Times New Roman,serif;\">\u00a0\u00a0\u00a0\u00a0 <\/span><span style=\"color: black; font-family: Times New Roman,serif; font-size: large;\">Za tydzie\u0144 druga niedziela miesi\u0105ca. Ofiary sk\u0142adane na tac\u0119 b\u0119d\u0105 przeznaczone na nasze parafialne inwestycje. Dzi\u0119kuj\u0119 za ka\u017cdy dar rozumu i serca ofiarowany Matce Bo\u017cej Loreta\u0144skiej ! Z tej racji diecezjalna zbi\u00f3rka na Dom \u015bw. s. Faustyny, zaplanowana za tydzie\u0144 u nas wcze\u015bniej, ni\u017c winnych ko\u015bcio\u0142ach.<\/span><span style=\"color: black; font-family: Times New Roman,serif; font-size: large;\">\u00a0 <\/span><\/div>\n<div><span style=\"color: black; font-family: Times New Roman,serif; font-size: large;\">\u00a0<\/span><\/div>\n<div align=\"justify\"><span style=\"color: black; font-family: Times New Roman,serif; font-size: large;\">\u00a0<\/span><span style=\"color: #222222; font-family: Times New Roman,serif; font-size: large;\">8.<\/span><span style=\"color: #222222; font-family: Times New Roman,serif;\">\u00a0\u00a0\u00a0\u00a0 <\/span><span style=\"color: #222222; font-family: Times New Roman,serif; font-size: large;\">Na stoliku prasowym znajdziemy nowy numer tygodnika<\/span><span style=\"color: #222222; font-family: Times New Roman,serif; font-size: large;\"><i> Idziemy <\/i><\/span><span style=\"color: #222222; font-family: Times New Roman,serif; font-size: large;\">i naszej parafialnej gazetki<\/span><span style=\"color: #222222; font-family: Times New Roman,serif; font-size: large;\"><i> We\u017a Ewangeli\u0119 do domu. W Idziemy <\/i><\/span><span style=\"color: #222222; font-family: Times New Roman,serif; font-size: large;\">mi\u0119dzy innymi<\/span><i> <\/i><span style=\"color: #222222; font-family: Times New Roman,serif; font-size: large;\">trzy ciekawe teksty: <\/span><span style=\"color: #222222; font-family: Times New Roman,serif; font-size: large;\"><i>Z Maryj\u0105 do Chrystusa, Gra o miliard, oraz Jak chroni\u0107 dziecko. <\/i><\/span><\/div>\n<p>&nbsp;<\/p>\n","protected":false},"excerpt":{"rendered":"<p>1.\u00a0\u00a0\u00a0\u00a0 Dzisiaj rozpoczynamy w naszej parafii katechezy liturgiczne o Mszy \u015bw. B\u0119d\u0105 si\u0119 one odbywa\u0107 w kolejne niedziele 10 minut przed Msz\u0105 \u015bw. o godz.10.00. 2.\u00a0\u00a0\u00a0\u00a0 W imieniu Stowarzyszenia Kocham Prag\u0119 po Mszy \u015bw. o 12.30 zapraszamy na \u00a0koncert pod tytu\u0142em Waleczna Praga w ho\u0142dzie powsta\u0144com. Wyst\u0105pi\u0105 mi\u0119dzy innymi Ryszard Bednarczuk i Piotr Racho\u0144. Pocz\u0105tek [&hellip;]<\/p>\n","protected":false},"author":1,"featured_media":46,"comment_status":"closed","ping_status":"open","sticky":false,"template":"","format":"standard","meta":{"ngg_post_thumbnail":0,"footnotes":""},"categories":[3],"tags":[],"class_list":["post-1976","post","type-post","status-publish","format-standard","has-post-thumbnail","hentry","category-ogloszenia-duszpasterskie"],"_links":{"self":[{"href":"https:\/\/mbloretanska.pl\/index.php?rest_route=\/wp\/v2\/posts\/1976","targetHints":{"allow":["GET"]}}],"collection":[{"href":"https:\/\/mbloretanska.pl\/index.php?rest_route=\/wp\/v2\/posts"}],"about":[{"href":"https:\/\/mbloretanska.pl\/index.php?rest_route=\/wp\/v2\/types\/post"}],"author":[{"embeddable":true,"href":"https:\/\/mbloretanska.pl\/index.php?rest_route=\/wp\/v2\/users\/1"}],"replies":[{"embeddable":true,"href":"https:\/\/mbloretanska.pl\/index.php?rest_route=%2Fwp%2Fv2%2Fcomments&post=1976"}],"version-history":[{"count":3,"href":"https:\/\/mbloretanska.pl\/index.php?rest_route=\/wp\/v2\/posts\/1976\/revisions"}],"predecessor-version":[{"id":1978,"href":"https:\/\/mbloretanska.pl\/index.php?rest_route=\/wp\/v2\/posts\/1976\/revisions\/1978"}],"wp:featuredmedia":[{"embeddable":true,"href":"https:\/\/mbloretanska.pl\/index.php?rest_route=\/wp\/v2\/media\/46"}],"wp:attachment":[{"href":"https:\/\/mbloretanska.pl\/index.php?rest_route=%2Fwp%2Fv2%2Fmedia&parent=1976"}],"wp:term":[{"taxonomy":"category","embeddable":true,"href":"https:\/\/mbloretanska.pl\/index.php?rest_route=%2Fwp%2Fv2%2Fcategories&post=1976"},{"taxonomy":"post_tag","embeddable":true,"href":"https:\/\/mbloretanska.pl\/index.php?rest_route=%2Fwp%2Fv2%2Ftags&post=1976"}],"curies":[{"name":"wp","href":"https:\/\/api.w.org\/{rel}","templated":true}]}}