{"id":1972,"date":"2018-10-07T07:53:56","date_gmt":"2018-10-07T05:53:56","guid":{"rendered":"http:\/\/mbloretanska.pl\/?p=1972"},"modified":"2018-10-07T07:54:51","modified_gmt":"2018-10-07T05:54:51","slug":"intencje-mszalne-07-13-10-2018","status":"publish","type":"post","link":"https:\/\/mbloretanska.pl\/?p=1972","title":{"rendered":"intencje mszalne 07-13.10.2018"},"content":{"rendered":"<table width=\"680\">\n<tbody>\n<tr>\n<td colspan=\"2\" width=\"680\">\n<p style=\"text-align: center;\"><strong>XXVII NIEDZIELA ZWYK\u0141A, <\/strong>07 pa\u017adziernika 2018<\/p>\n<\/td>\n<\/tr>\n<tr>\n<td colspan=\"2\" width=\"680\"><\/td>\n<\/tr>\n<tr>\n<td width=\"112\"><strong>7.00<\/strong><\/td>\n<td width=\"568\">+ Mariann\u0119, Janusza Malenty, Wac\u0142awa Oleszczuka,<\/p>\n<p>Cr Ko\u0144k\u00f3w, Malent\u00f3w, Mate\u0144k\u00f3w i Oleszczuk\u00f3w<\/td>\n<\/tr>\n<tr>\n<td width=\"112\"><strong>8.30<\/strong><\/td>\n<td width=\"568\">+Adama Meterskiego w 4 r. \u015bm., rodzic\u00f3w Sk\u0142adanek<\/p>\n<p>i Meterskich<\/td>\n<\/tr>\n<tr>\n<td width=\"112\"><strong>10.00<\/strong><\/td>\n<td width=\"568\">+ Longina Ko\u0142osowskiego w 10 r. \u015bm.<\/td>\n<\/tr>\n<tr>\n<td width=\"112\"><strong>11.00<\/strong><\/td>\n<td width=\"568\">+ Andrzeja Cacko w 4 r. \u015bm., Iren\u0119, Aleksandra, Felicj\u0119 Ciosek<\/td>\n<\/tr>\n<tr>\n<td width=\"112\"><strong>12.30<\/strong><\/td>\n<td width=\"568\">+ Henryk\u0119 Kloch (7GR)<\/p>\n<p>&#8211; Za babci\u0119, Mam\u0119, \u017con\u0119, c\u00f3rk\u0119, syna\u00a0 o Bo\u017ce b\u0142og.<\/p>\n<p>i opiek\u0119 MB<\/td>\n<\/tr>\n<tr>\n<td width=\"112\"><strong>18.00<\/strong><\/td>\n<td width=\"568\">+ Helen\u0119, Jakuba, Teres\u0119, Arkadiusza Doma\u0144skich, Apoloni\u0119, Adama, Bodziuch\u00f3w, Antoniego, Wojciecha Dudzi\u0144skich, Wand\u0119 Kempk\u0119<\/td>\n<\/tr>\n<tr>\n<td colspan=\"2\" width=\"680\">\n<p style=\"text-align: center;\"><strong>Poniedzia\u0142ek;,<\/strong> 08 pa\u017adziernika \u00a02018<\/p>\n<\/td>\n<\/tr>\n<tr>\n<td colspan=\"2\" width=\"680\"><strong>\u00a0<\/strong><\/td>\n<\/tr>\n<tr>\n<td width=\"112\"><strong>7.00<\/strong><\/td>\n<td width=\"568\">+ Henryk\u0119 Kloch (8GR)<\/td>\n<\/tr>\n<tr>\n<td width=\"112\"><strong>8.00<\/strong><\/td>\n<td width=\"568\">&#8211; Dzi\u0119kczynna w 7 r. \u015blubu Krzysztofa i Lucji, z pro\u015bb\u0105 o Bo\u017ce b\u0142og., obfite dary Ducha Sw. i szcz\u0119\u015bcie rodzinne na dalsze lata.<\/td>\n<\/tr>\n<tr>\n<td width=\"112\"><strong>18.00<\/strong><\/td>\n<td width=\"568\">+ Feliks\u0119 Marsza\u0142ek w 25 r. \u015bm., CR Marsza\u0142ek i \u0141atacz\u00f3w<\/td>\n<\/tr>\n<tr>\n<td colspan=\"2\" width=\"680\">\n<p style=\"text-align: center;\"><strong>Wtorek,<\/strong> 09 pa\u017adziernika\u00a0 2018<\/p>\n<\/td>\n<\/tr>\n<tr>\n<td colspan=\"2\" width=\"680\"><strong>\u00a0<\/strong><\/td>\n<\/tr>\n<tr>\n<td width=\"112\"><strong>7.00<\/strong><\/td>\n<td width=\"568\">+ Stefani\u0119, Piotra, Jana Zgadzajskich, Zygmunta Rogalskiego<\/td>\n<\/tr>\n<tr>\n<td width=\"112\"><strong>8.00<\/strong><\/td>\n<td width=\"568\">+ Rafa\u0142a Marka Geperta w 5 r. \u015bm.<\/td>\n<\/tr>\n<tr>\n<td width=\"112\"><strong>18.00<\/strong><\/td>\n<td width=\"568\">+ Henryk\u0119 Kloch (9 GR)<\/td>\n<\/tr>\n<tr>\n<td colspan=\"2\" width=\"680\">\n<p style=\"text-align: center;\"><strong>\u015aroda, <\/strong>10 pa\u017adziernika\u00a0 2018<\/p>\n<\/td>\n<\/tr>\n<tr>\n<td colspan=\"2\" width=\"680\"><strong>\u00a0<\/strong><\/td>\n<\/tr>\n<tr>\n<td width=\"112\"><strong>7.00<\/strong><\/td>\n<td width=\"568\">+ Zbigniewa W\u0142udarczyka w 1 r. \u015bm.<\/td>\n<\/tr>\n<tr>\n<td width=\"112\"><strong>8.00<\/strong><\/td>\n<td width=\"568\">+ Henryk\u0119 Kloch (10 GR)<\/td>\n<\/tr>\n<tr>\n<td width=\"112\"><strong>17.45<\/strong><\/td>\n<td width=\"568\">NOWENNA DO MATKI BO\u017bEJ NIEUSTAJ\u0104CEJ POMOCY I MSZA \u015aWI\u0118TA<\/td>\n<\/tr>\n<tr>\n<td colspan=\"2\" width=\"680\">\n<p style=\"text-align: center;\"><strong>Czwartek,<\/strong> 11 pa\u017adziernika\u00a0 2018<\/p>\n<\/td>\n<\/tr>\n<tr>\n<td colspan=\"2\" width=\"680\"><strong>\u00a0<\/strong><\/td>\n<\/tr>\n<tr>\n<td width=\"112\"><strong>7.00<\/strong><\/td>\n<td width=\"568\">+ Ryszarda<\/td>\n<\/tr>\n<tr>\n<td width=\"112\"><strong>8.00<\/strong><\/td>\n<td width=\"568\">+ Henryk\u0119 Kloch (11 GR)<\/td>\n<\/tr>\n<tr>\n<td width=\"112\"><strong>18.00<\/strong><\/td>\n<td width=\"568\">+ Miros\u0142awa i Stanis\u0142aw\u0119 w 4 r. \u015bm. Kunert<\/td>\n<\/tr>\n<tr>\n<td colspan=\"2\" width=\"680\">\n<p style=\"text-align: center;\"><strong>Pi\u0105tek, <\/strong>12 pa\u017adziernika\u00a0 2018<\/p>\n<\/td>\n<\/tr>\n<tr>\n<td colspan=\"2\" width=\"680\"><strong>\u00a0<\/strong><\/td>\n<\/tr>\n<tr>\n<td width=\"112\"><strong>7.00<\/strong><\/td>\n<td width=\"568\">+ Franciszka \u0141\u0105ckiego w 74 r. \u015bm., Ann\u0119 \u0141\u0105ck\u0105, zm. z CR i poleg\u0142ych w Powstaniu Warszawskim<\/td>\n<\/tr>\n<tr>\n<td width=\"112\"><strong>8.30<\/strong><\/td>\n<td width=\"568\">+ Stanis\u0142awa Suchodolskiego w 28 r. \u015bm., jego rodzic\u00f3w Zofi\u0119 i Konstantego Suchodolskich i zm. z Cr<\/td>\n<\/tr>\n<tr>\n<td width=\"112\"><strong>18.00<\/strong><\/td>\n<td width=\"568\">+ Henryk\u0119 Kloch (12 GR)<\/td>\n<\/tr>\n<tr>\n<td colspan=\"2\" width=\"680\">\n<p style=\"text-align: center;\"><strong>Sobota,<\/strong> 13 pa\u017adziernika\u00a0 2018<\/p>\n<\/td>\n<\/tr>\n<tr>\n<td colspan=\"2\" width=\"680\"><strong>\u00a0<\/strong><\/td>\n<\/tr>\n<tr>\n<td width=\"112\"><strong>7.00<\/strong><\/td>\n<td width=\"568\">+ Henryk\u0119 Kloch (13 GR)<\/td>\n<\/tr>\n<tr>\n<td width=\"112\"><strong>8.00<\/strong><\/td>\n<td width=\"568\">\u015aw. Micha\u0142 Archanio\u0142<\/td>\n<\/tr>\n<tr>\n<td width=\"112\"><strong>18.00<\/strong><\/td>\n<td width=\"568\">+ Edwarda Wowk w dniu imienin i urodzin, Danut\u0119 Wowk w dniu urodzin<\/td>\n<\/tr>\n<\/tbody>\n<\/table>\n","protected":false},"excerpt":{"rendered":"<p>XXVII NIEDZIELA ZWYK\u0141A, 07 pa\u017adziernika 2018 7.00 + Mariann\u0119, Janusza Malenty, Wac\u0142awa Oleszczuka, Cr Ko\u0144k\u00f3w, Malent\u00f3w, Mate\u0144k\u00f3w i Oleszczuk\u00f3w 8.30 +Adama Meterskiego w 4 r. \u015bm., rodzic\u00f3w Sk\u0142adanek i Meterskich 10.00 + Longina Ko\u0142osowskiego w 10 r. \u015bm. 11.00 + Andrzeja Cacko w 4 r. \u015bm., Iren\u0119, Aleksandra, Felicj\u0119 Ciosek 12.30 + Henryk\u0119 Kloch (7GR) [&hellip;]<\/p>\n","protected":false},"author":1,"featured_media":1242,"comment_status":"closed","ping_status":"open","sticky":false,"template":"","format":"standard","meta":{"ngg_post_thumbnail":0,"footnotes":""},"categories":[6],"tags":[],"class_list":["post-1972","post","type-post","status-publish","format-standard","has-post-thumbnail","hentry","category-intencje-mszalne"],"_links":{"self":[{"href":"https:\/\/mbloretanska.pl\/index.php?rest_route=\/wp\/v2\/posts\/1972","targetHints":{"allow":["GET"]}}],"collection":[{"href":"https:\/\/mbloretanska.pl\/index.php?rest_route=\/wp\/v2\/posts"}],"about":[{"href":"https:\/\/mbloretanska.pl\/index.php?rest_route=\/wp\/v2\/types\/post"}],"author":[{"embeddable":true,"href":"https:\/\/mbloretanska.pl\/index.php?rest_route=\/wp\/v2\/users\/1"}],"replies":[{"embeddable":true,"href":"https:\/\/mbloretanska.pl\/index.php?rest_route=%2Fwp%2Fv2%2Fcomments&post=1972"}],"version-history":[{"count":3,"href":"https:\/\/mbloretanska.pl\/index.php?rest_route=\/wp\/v2\/posts\/1972\/revisions"}],"predecessor-version":[{"id":1974,"href":"https:\/\/mbloretanska.pl\/index.php?rest_route=\/wp\/v2\/posts\/1972\/revisions\/1974"}],"wp:featuredmedia":[{"embeddable":true,"href":"https:\/\/mbloretanska.pl\/index.php?rest_route=\/wp\/v2\/media\/1242"}],"wp:attachment":[{"href":"https:\/\/mbloretanska.pl\/index.php?rest_route=%2Fwp%2Fv2%2Fmedia&parent=1972"}],"wp:term":[{"taxonomy":"category","embeddable":true,"href":"https:\/\/mbloretanska.pl\/index.php?rest_route=%2Fwp%2Fv2%2Fcategories&post=1972"},{"taxonomy":"post_tag","embeddable":true,"href":"https:\/\/mbloretanska.pl\/index.php?rest_route=%2Fwp%2Fv2%2Ftags&post=1972"}],"curies":[{"name":"wp","href":"https:\/\/api.w.org\/{rel}","templated":true}]}}