{"id":1955,"date":"2018-10-01T15:36:21","date_gmt":"2018-10-01T13:36:21","guid":{"rendered":"http:\/\/mbloretanska.pl\/?p=1955"},"modified":"2018-10-01T15:36:21","modified_gmt":"2018-10-01T13:36:21","slug":"intencje-mszalne-30-09-06-10-2018","status":"publish","type":"post","link":"https:\/\/mbloretanska.pl\/?p=1955","title":{"rendered":"INTENCJE MSZALNE 30.09-06.10.2018"},"content":{"rendered":"<table width=\"680\">\n<tbody>\n<tr>\n<td colspan=\"2\" width=\"680\">\n<p style=\"text-align: center;\"><strong>XXVI NIEDZIELA ZWYK\u0141A,\u00a0<\/strong>30 wrze\u015bnia 2018<\/p>\n<\/td>\n<\/tr>\n<tr>\n<td colspan=\"2\" width=\"680\">&nbsp;<\/td>\n<\/tr>\n<tr>\n<td width=\"112\"><strong>7.00<\/strong><\/td>\n<td width=\"568\">+ Paw\u0142a w 6 r. \u015bm., Genowef\u0119, Wiktora, Janusza Jasi\u0144skich, Aniel\u0119, Jana, Stanis\u0142awa, Piotra Zieli\u0144skich, Tomasza Kwas<\/td>\n<\/tr>\n<tr>\n<td width=\"112\"><strong>8.30<\/strong><\/td>\n<td width=\"568\">&#8211; o Bo\u017ce b\u0142og., potrzebne \u0142aski, zdrowie, opiek\u0119 MB Dla Micha\u0142a z racji imienin i CR<\/td>\n<\/tr>\n<tr>\n<td width=\"112\"><strong>10.00<\/strong><\/td>\n<td width=\"568\">+ Ludwik\u0119, Jana Nowakowskich, Stanis\u0142awa Jaglaka<\/td>\n<\/tr>\n<tr>\n<td width=\"112\"><strong>11.00<\/strong><\/td>\n<td width=\"568\">+ Henryka Kellera w 9 r. \u015bm. CR Keller\u00f3w<\/td>\n<\/tr>\n<tr>\n<td width=\"112\"><strong>12.30<\/strong><\/td>\n<td width=\"568\">+ Edwarda Suska w 7 r. \u015bm., rodzic\u00f3w Kaminskich i Suska<\/td>\n<\/tr>\n<tr>\n<td width=\"112\"><strong>18.00<\/strong><\/td>\n<td width=\"568\">+ Ignacego Wi\u015bniewskiego w 19 r. \u015bm.<\/p>\n<p>oraz\u00a0\u00a0 rodzic\u00f3w Edwarda i Stefani\u0119 Olkowskich<\/td>\n<\/tr>\n<tr>\n<td colspan=\"2\" width=\"680\">\n<p style=\"text-align: center;\"><strong>\u00a0<\/strong><strong>Poniedzia\u0142ek<\/strong>, 1 pa\u017adziernika \u00a02018<\/p>\n<\/td>\n<\/tr>\n<tr>\n<td colspan=\"2\" width=\"680\"><strong>\u00a0<\/strong><\/td>\n<\/tr>\n<tr>\n<td width=\"112\"><strong>7.00<\/strong><\/td>\n<td width=\"568\">+ Henryk\u0119 Kloch (1GR)<\/td>\n<\/tr>\n<tr>\n<td width=\"112\"><strong>8.00<\/strong><\/td>\n<td width=\"568\">+ Jana Paw\u0142a Geperta<\/td>\n<\/tr>\n<tr>\n<td width=\"112\"><strong>18.00<\/strong><\/td>\n<td width=\"568\">+ Krystyn\u0119 Dobrodziej\u00a0 w 8 r. \u015bm.<\/td>\n<\/tr>\n<tr>\n<td colspan=\"2\" width=\"680\">\n<p style=\"text-align: center;\"><strong>Wtorek,\u00a0<\/strong>\u00a02 pa\u017adziernika\u00a0 2018<\/p>\n<\/td>\n<\/tr>\n<tr>\n<td colspan=\"2\" width=\"680\"><strong>\u00a0<\/strong><\/td>\n<\/tr>\n<tr>\n<td width=\"112\"><strong>7.00<\/strong><\/td>\n<td width=\"568\">+ J\u00f3zefa i Eleonor\u0119<\/td>\n<\/tr>\n<tr>\n<td width=\"112\"><strong>8.00<\/strong><\/td>\n<td width=\"568\">+ Henryk\u0119 Kloch (2GR)<\/td>\n<\/tr>\n<tr>\n<td width=\"112\"><strong>18.00<\/strong><\/td>\n<td width=\"568\">+ Romualda Skar\u017cy\u0144skiego w r. \u015bm.<\/td>\n<\/tr>\n<tr>\n<td colspan=\"2\" width=\"680\">\n<p style=\"text-align: center;\"><strong>\u015aroda,<\/strong>\u00a0 3 pa\u017adziernika\u00a0 2018<\/p>\n<\/td>\n<\/tr>\n<tr>\n<td colspan=\"2\" width=\"680\"><strong>\u00a0<\/strong><\/td>\n<\/tr>\n<tr>\n<td width=\"112\"><strong>7.00<\/strong><\/td>\n<td width=\"568\">+ Henryk\u0119 Kloch (3 GR)<\/td>\n<\/tr>\n<tr>\n<td width=\"112\"><strong>8.00<\/strong><\/td>\n<td width=\"568\">+ J\u00f3zefa Pariaszewskiego<\/td>\n<\/tr>\n<tr>\n<td width=\"112\"><strong>17.45<\/strong><\/td>\n<td width=\"568\">NOWENNA DO MATKI BO\u017bEJ NIEUSTAJ\u0104CEJ POMOCY I MSZA \u015aWI\u0118TA<\/td>\n<\/tr>\n<tr>\n<td colspan=\"2\" width=\"680\">\n<p style=\"text-align: center;\"><strong>Czwartek,<\/strong>\u00a04 pa\u017adziernika\u00a0 2018<\/p>\n<\/td>\n<\/tr>\n<tr>\n<td colspan=\"2\" width=\"680\"><strong>\u00a0<\/strong><\/td>\n<\/tr>\n<tr>\n<td width=\"112\"><strong>7.00<\/strong><\/td>\n<td width=\"568\">+ Ryszarda Czarneckiego\u00a0 w 7 r. \u015bm., jego wnuka Sebastiana, \u017con\u0119 Wies\u0142aw\u0119, rodzic\u00f3w Stanis\u0142awa i Gabriel\u0119<\/td>\n<\/tr>\n<tr>\n<td width=\"112\"><strong>8.00<\/strong><\/td>\n<td width=\"568\">+ Henryk\u0119 Kloch (4GR)<\/td>\n<\/tr>\n<tr>\n<td width=\"112\"><strong>18.00<\/strong><\/td>\n<td width=\"568\">+ Edwarda Wowk w 11 r. \u015bm.<\/td>\n<\/tr>\n<tr>\n<td colspan=\"2\" width=\"680\">\n<p style=\"text-align: center;\"><strong>Pi\u0105tek,\u00a0<\/strong>5 pa\u017adziernika\u00a0 2018<\/p>\n<\/td>\n<\/tr>\n<tr>\n<td colspan=\"2\" width=\"680\"><strong>\u00a0<\/strong><\/td>\n<\/tr>\n<tr>\n<td width=\"112\"><strong>7.00<\/strong><\/td>\n<td width=\"568\">+ Henryk\u0119 Kloch (5GR)<\/td>\n<\/tr>\n<tr>\n<td width=\"112\"><strong>8.30<\/strong><\/td>\n<td width=\"568\">\u017bywy R\u00f3\u017caniec i Legion Maryi<\/td>\n<\/tr>\n<tr>\n<td width=\"112\"><strong>18.00<\/strong><\/td>\n<td width=\"568\">+ Barbar\u0119 Pokrewi\u0144sk\u0105<\/td>\n<\/tr>\n<tr>\n<td colspan=\"2\" width=\"680\">\n<p style=\"text-align: center;\"><strong>Sobota,\u00a0<\/strong>6 pa\u017adziernika\u00a0 2018<\/p>\n<\/td>\n<\/tr>\n<tr>\n<td colspan=\"2\" width=\"680\"><strong>\u00a0<\/strong><\/td>\n<\/tr>\n<tr>\n<td width=\"112\"><strong>7.00<\/strong><\/td>\n<td width=\"568\">+ Bogd\u0119 Krawczyk w 2 r. \u015bm.<\/td>\n<\/tr>\n<tr>\n<td width=\"112\"><strong>8.00<\/strong><\/td>\n<td width=\"568\">+ Henryk\u0119 Kloch (6GR)<\/td>\n<\/tr>\n<tr>\n<td width=\"112\"><strong>18.00<\/strong><\/td>\n<td width=\"568\">+ Zofi\u0119, Stafana Paszkowskich, ich zmar\u0142ych dzieci i zmar\u0142ych z ich rodzin<\/td>\n<\/tr>\n<\/tbody>\n<\/table>\n","protected":false},"excerpt":{"rendered":"<p>XXVI NIEDZIELA ZWYK\u0141A,\u00a030 wrze\u015bnia 2018 &nbsp; 7.00 + Paw\u0142a w 6 r. \u015bm., Genowef\u0119, Wiktora, Janusza Jasi\u0144skich, Aniel\u0119, Jana, Stanis\u0142awa, Piotra Zieli\u0144skich, Tomasza Kwas 8.30 &#8211; o Bo\u017ce b\u0142og., potrzebne \u0142aski, zdrowie, opiek\u0119 MB Dla Micha\u0142a z racji imienin i CR 10.00 + Ludwik\u0119, Jana Nowakowskich, Stanis\u0142awa Jaglaka 11.00 + Henryka Kellera w 9 r. [&hellip;]<\/p>\n","protected":false},"author":1,"featured_media":1242,"comment_status":"closed","ping_status":"open","sticky":false,"template":"","format":"standard","meta":{"ngg_post_thumbnail":0,"footnotes":""},"categories":[6],"tags":[],"class_list":["post-1955","post","type-post","status-publish","format-standard","has-post-thumbnail","hentry","category-intencje-mszalne"],"_links":{"self":[{"href":"https:\/\/mbloretanska.pl\/index.php?rest_route=\/wp\/v2\/posts\/1955","targetHints":{"allow":["GET"]}}],"collection":[{"href":"https:\/\/mbloretanska.pl\/index.php?rest_route=\/wp\/v2\/posts"}],"about":[{"href":"https:\/\/mbloretanska.pl\/index.php?rest_route=\/wp\/v2\/types\/post"}],"author":[{"embeddable":true,"href":"https:\/\/mbloretanska.pl\/index.php?rest_route=\/wp\/v2\/users\/1"}],"replies":[{"embeddable":true,"href":"https:\/\/mbloretanska.pl\/index.php?rest_route=%2Fwp%2Fv2%2Fcomments&post=1955"}],"version-history":[{"count":2,"href":"https:\/\/mbloretanska.pl\/index.php?rest_route=\/wp\/v2\/posts\/1955\/revisions"}],"predecessor-version":[{"id":1957,"href":"https:\/\/mbloretanska.pl\/index.php?rest_route=\/wp\/v2\/posts\/1955\/revisions\/1957"}],"wp:featuredmedia":[{"embeddable":true,"href":"https:\/\/mbloretanska.pl\/index.php?rest_route=\/wp\/v2\/media\/1242"}],"wp:attachment":[{"href":"https:\/\/mbloretanska.pl\/index.php?rest_route=%2Fwp%2Fv2%2Fmedia&parent=1955"}],"wp:term":[{"taxonomy":"category","embeddable":true,"href":"https:\/\/mbloretanska.pl\/index.php?rest_route=%2Fwp%2Fv2%2Fcategories&post=1955"},{"taxonomy":"post_tag","embeddable":true,"href":"https:\/\/mbloretanska.pl\/index.php?rest_route=%2Fwp%2Fv2%2Ftags&post=1955"}],"curies":[{"name":"wp","href":"https:\/\/api.w.org\/{rel}","templated":true}]}}