{"id":1908,"date":"2018-09-15T23:12:02","date_gmt":"2018-09-15T21:12:02","guid":{"rendered":"http:\/\/mbloretanska.pl\/?p=1908"},"modified":"2018-09-15T23:29:54","modified_gmt":"2018-09-15T21:29:54","slug":"xxiv-niedziela-zwykla-16-09-2018","status":"publish","type":"post","link":"https:\/\/mbloretanska.pl\/?p=1908","title":{"rendered":"XXIV niedziela zwyk\u0142a, 16.09.2018"},"content":{"rendered":"<div>\n<div align=\"justify\"><span style=\"color: black; font-family: Times New Roman,serif; font-size: large;\">1.<\/span><span style=\"color: black; font-family: Times New Roman,serif;\">\u00a0<\/span><span style=\"color: black; font-family: Times New Roman,serif; font-size: large;\">Dzi\u015b po Mszach \u015bw. wolontariusze Radia Warszawa 106,2 FM b\u0119d\u0105 do puszek zbiera\u0107 ofiary na dzia\u0142alno\u015b\u0107 i rozw\u00f3j naszej diecezjalnej rozg\u0142o\u015bni radiowej. <\/span><\/div>\n<div align=\"justify\"><span style=\"color: black; font-family: Times New Roman,serif; font-size: large;\">\u00a0\u00a0\u00a0\u00a0\u00a0\u00a0\u00a0\u00a0\u00a0\u00a0\u00a0\u00a0\u00a0\u00a0\u00a0\u00a0\u00a0\u00a0\u00a0\u00a0\u00a0\u00a0 <\/span><\/div>\n<div align=\"justify\"><span style=\"color: black; font-family: Times New Roman,serif; font-size: large;\">2.<\/span><span style=\"color: black; font-family: Times New Roman,serif;\">\u00a0<\/span><span style=\"color: black; font-family: Times New Roman,serif; font-size: large;\">We wtorek, w \u015bwi\u0119to \u015bw. Stanis\u0142awa Kostki Bp Romuald Kami\u0144ski na Mszy \u015bw.<\/span><span style=\"color: black; font-family: Times New Roman,serif; font-size: large;\">\u00a0<\/span><span style=\"color: black; font-family: Times New Roman,serif; font-size: large;\">o godz. 18.00 udzieli sakramentu bierzmowania naszej m\u0142odzie\u017cy.<br \/>\n<\/span><span style=\"color: black; font-family: Times New Roman,serif; font-size: large;\">\u00a0 \u00a0 \u00a0 \u00a0 \u00a0 \u00a0 \u00a0 \u00a0 \u00a0 \u00a0 \u00a0 \u00a0 \u00a0 \u00a0\u00a0<\/span><span style=\"color: black; font-family: Times New Roman,serif; font-size: large;\">\u00a0\u00a0\u00a0\u00a0\u00a0\u00a0\u00a0\u00a0\u00a0\u00a0\u00a0\u00a0\u00a0\u00a0\u00a0\u00a0\u00a0\u00a0\u00a0\u00a0\u00a0\u00a0\u00a0\u00a0\u00a0\u00a0\u00a0\u00a0\u00a0\u00a0\u00a0\u00a0\u00a0\u00a0\u00a0\u00a0\u00a0\u00a0\u00a0\u00a0\u00a0\u00a0\u00a0\u00a0\u00a0\u00a0\u00a0\u00a0\u00a0\u00a0\u00a0\u00a0\u00a0\u00a0\u00a0\u00a0\u00a0\u00a0\u00a0\u00a0 <\/span><span style=\"color: black; font-family: Times New Roman,serif; font-size: large;\">\u00a0\u00a0\u00a0\u00a0\u00a0\u00a0\u00a0\u00a0 <\/span><\/div>\n<div align=\"justify\"><span style=\"color: #222222; font-family: Times New Roman,serif; font-size: large;\">3.<\/span><span style=\"color: #222222; font-family: Times New Roman,serif;\">\u00a0<\/span><span style=\"color: black; font-family: Times New Roman,serif; font-size: large;\">W \u015brod\u0119 19 wrze\u015bnia po Mszy wieczornej o godz. 18.40 spotkanie dla rodzic\u00f3w dzieci z klas III przygotowuj\u0105cych si\u0119 do I Komunii \u015bw.<br \/>\n<\/span><span style=\"color: black; font-family: Times New Roman,serif; font-size: large;\">\u00a0 \u00a0 \u00a0<\/span><span style=\"color: black; font-family: Times New Roman,serif; font-size: large;\">\u00a0\u00a0\u00a0\u00a0\u00a0\u00a0\u00a0\u00a0\u00a0\u00a0\u00a0\u00a0\u00a0\u00a0\u00a0\u00a0\u00a0\u00a0\u00a0\u00a0\u00a0\u00a0\u00a0\u00a0\u00a0\u00a0\u00a0\u00a0\u00a0\u00a0\u00a0\u00a0\u00a0\u00a0\u00a0\u00a0\u00a0\u00a0\u00a0\u00a0\u00a0\u00a0\u00a0\u00a0\u00a0\u00a0<\/span><\/div>\n<div align=\"justify\"><span style=\"color: #222222; font-family: Times New Roman,serif; font-size: large;\">4.<\/span><span style=\"color: #222222; font-family: Times New Roman,serif;\">\u00a0<\/span><span style=\"color: black; font-family: Times New Roman,serif; font-size: large;\">W pi\u0105tek 21 wrze\u015bnia \u015bwi\u0119to \u015bw. Mateusza Aposto\u0142a i Ewangelisty.<\/span><span style=\"color: black; font-family: Times New Roman,serif; font-size: large;\">\u00a0\u00a0\u00a0\u00a0\u00a0\u00a0\u00a0\u00a0\u00a0\u00a0\u00a0\u00a0\u00a0\u00a0 <\/span><\/div>\n<div><span style=\"color: black; font-family: Times New Roman,serif; font-size: large;\">\u00a0\u00a0\u00a0\u00a0\u00a0\u00a0\u00a0\u00a0 <\/span><\/div>\n<div align=\"justify\"><span style=\"color: black; font-family: Times New Roman,serif; font-size: large;\">5.<\/span><span style=\"color: black; font-family: Times New Roman,serif;\">\u00a0<\/span><span style=\"color: black; font-family: Times New Roman,serif; font-size: large;\">W sobot\u0119 autokarowa pielgrzymka do Niepokalanowa.Wyjazd z przed naszego ko\u015bcio\u0142a o godz. 9.00. Bli\u017csze informacje u ks. Marcina.<br \/>\n<\/span><span style=\"color: black; font-family: Times New Roman,serif; font-size: large;\"><br \/>\n<\/span><\/div>\n<div align=\"justify\"><span style=\"color: black; font-family: Times New Roman,serif; font-size: large;\">6.<\/span><span style=\"color: black; font-family: Times New Roman,serif;\">\u00a0<\/span><span style=\"color: black; font-family: Times New Roman,serif; font-size: large;\">W przysz\u0142\u0105 niedziel\u0119 23 wrze\u015bnia po Mszy wieczornej pierwsze po wakacjach spotkanie oazy m\u0142odzie\u017cowej. Zapraszamy gimnazjalist\u00f3w, licealist\u00f3w i student\u00f3w.<br \/>\n<\/span><span style=\"color: black; font-family: Times New Roman,serif; font-size: large;\">\u00a0\u00a0\u00a0\u00a0\u00a0\u00a0<\/span><\/div>\n<div align=\"justify\"><span style=\"color: black; font-family: Times New Roman,serif; font-size: large;\">7.<\/span><span style=\"color: black; font-family: Times New Roman,serif;\">\u00a0<\/span><span style=\"color: black; font-family: Times New Roman,serif; font-size: large;\">W poniedzia\u0142ki po Mszy wieczornej na swoje spotkania zaprasza oaza doros\u0142ych.<\/span><\/div>\n<div align=\"justify\"><span style=\"color: black; font-family: Times New Roman,serif; font-size: large;\">\u00a0<\/span><\/div>\n<div align=\"justify\"><span style=\"color: black; font-family: Times New Roman,serif; font-size: large;\">8.<\/span><span style=\"color: black; font-family: Times New Roman,serif;\">\u00a0<\/span><span style=\"color: #222222; font-family: Times New Roman,serif; font-size: large;\">W tym miesi\u0105cu s\u0105 jeszcze wolne intencje Mszy \u015bw. <\/span><span style=\"color: black; font-family: Times New Roman,serif; font-size: large;\">Osob\u0119, kt\u00f3ra na pa\u017adziernik zam\u00f3wi\u0142a Msz\u0119 \u015bw. gregoria\u0144sk\u0105 prosimy o kontakt w tej sprawie. <\/span><\/div>\n<div><span style=\"color: #222222; font-family: Times New Roman,serif; font-size: large;\">\u00a0<\/span><\/div>\n<div align=\"justify\"><span style=\"color: black; font-family: Times New Roman,serif; font-size: large;\">9.<\/span><span style=\"color: black; font-family: Times New Roman,serif;\">\u00a0<\/span><span style=\"color: #222222; font-family: Times New Roman,serif; font-size: large;\">Adoracja Naj\u015bwi\u0119tszego Sakramentu w czwartki w godz. od 8.30 do 11.00 oraz<\/span><span style=\"color: #222222; font-family: Times New Roman,serif; font-size: large;\">\u00a0<\/span><span style=\"color: #222222; font-family: Times New Roman,serif; font-size: large;\">od 17.00 do 18.00. Koronka do Mi\u0142osierdzia Bo\u017cego w pi\u0105tki o godz. 17.00.<br \/>\n<\/span><span style=\"color: #222222; font-family: Times New Roman,serif; font-size: large;\">\u00a0\u00a0\u00a0\u00a0\u00a0\u00a0\u00a0\u00a0\u00a0\u00a0\u00a0\u00a0 <\/span><span style=\"color: #222222; font-family: Times New Roman,serif; font-size: large;\">\u00a0\u00a0\u00a0\u00a0\u00a0\u00a0\u00a0\u00a0\u00a0\u00a0\u00a0\u00a0\u00a0\u00a0\u00a0\u00a0\u00a0\u00a0\u00a0\u00a0\u00a0\u00a0\u00a0\u00a0\u00a0\u00a0\u00a0\u00a0\u00a0\u00a0\u00a0\u00a0\u00a0\u00a0\u00a0\u00a0\u00a0\u00a0\u00a0\u00a0\u00a0\u00a0\u00a0\u00a0\u00a0\u00a0\u00a0\u00a0\u00a0\u00a0\u00a0 <\/span><\/div>\n<div><span style=\"color: #222222; font-family: Times New Roman,serif; font-size: large;\">10. Na stoliku prasowym znajdziemy nowy numer tygodnika<\/span><span style=\"color: #222222; font-family: Times New Roman,serif; font-size: large;\"><i> Idziemy <\/i><\/span><span style=\"color: #222222; font-family: Times New Roman,serif; font-size: large;\">i nasz\u0105 gazetk\u0119<\/span><span style=\"color: #222222; font-family: Times New Roman,serif; font-size: large;\"><i> We\u017a Ewangeli\u0119 do domu.<\/i><\/span><\/div>\n<\/div>\n<div>\n<hr \/>\n<\/div>\n<div><\/div>\n<div>\n<div style=\"text-align: center;\">\n<p><strong><span style=\"color: black; font-family: Times New Roman,serif; font-size: large;\">Og\u0142oszenia Gospodarcze<\/span><\/strong><\/p>\n<p>&nbsp;<\/p>\n<\/div>\n<div><span style=\"color: black; font-family: Times New Roman,serif; font-size: large;\">1.<\/span><span style=\"color: black; font-family: Times New Roman,serif;\">\u00a0\u00a0\u00a0\u00a0 <\/span><span style=\"color: black; font-family: Times New Roman,serif; font-size: large;\">Rozpocz\u0119\u0142y si\u0119 prowadzone systemem gospodarczym prace zwi\u0105zane z zabezpieczeniem i odnowieniem ogrodzenia wok\u00f3\u0142 ko\u015bcio\u0142a. W pierwszym etapie obejm\u0105 one cz\u0119\u015b\u0107 muru od ul. Ratuszowej. Widoczny <\/span><span style=\"color: black; font-family: Times New Roman,serif; font-size: large;\">\u00a0<\/span><span style=\"color: black; font-family: Times New Roman,serif; font-size: large;\">po wst\u0119pnym malowaniu <\/span><span style=\"color: black; font-family: Times New Roman,serif; font-size: large;\"><b>kolor r\u00f3\u017cowy nie jest rozwi\u0105zaniem docelowym. <\/b><\/span><span style=\"color: black; font-family: Times New Roman,serif; font-size: large;\"><b>\u00a0<\/b><\/span><span style=\"color: black; font-family: Times New Roman,serif; font-size: large;\"><b>Jest jedynie kolorem podk\u0142adowym i testowym \u2013 ostateczny zostanie wybrany po konsultacji z konserwatorem zabytk\u00f3w<\/b><\/span><span style=\"color: black; font-family: Times New Roman,serif; font-size: large;\">. Celem renowacji zabytk\u00f3w jest nie tylko ochrona ich przez niszczeniem, ale tak\u017ce przywr\u00f3cenie im oryginalnego, historycznego wygl\u0105du. Kolor farby jest swoistym dowodem to\u017csamo\u015bci, wskazuj\u0105cym na wiek obiektu na kt\u00f3ry patrzymy. Nasze ogrodzenie pochodzi z I po\u0142. XVII wieku, wi\u0119c ma prawie 400 lat. Budowle z tego okresu mia\u0142y w\u0142a\u015bnie r\u00f3\u017cowy kolor, o czym \u015bwiadcz\u0105 cho\u0107by obrazy Canaletta, czy inne ko\u015bcio\u0142y budowane przez oo. Bernardyn\u00f3w w tamtym czasie. Taki kolor ma te\u017c Zamek Kr\u00f3lewski w Warszawie i nie bez powodu kolor r\u00f3\u017cowy maj\u0105 wewn\u0119trzne \u015bciany Domku Loreta\u0144skiego. Je\u015bli kto\u015b chcia\u0142by podzieli\u0107 si\u0119 swoj\u0105 wiedz\u0105 na ten temat lub co\u015b nam podpowiedzie\u0107 prosimy wysy\u0142a\u0107 maile na adres naszej kancelarii parafialnej.<\/span><\/div>\n<div><span style=\"color: black; font-family: Times New Roman,serif; font-size: large;\">\u00a0<\/span><\/div>\n<div><span style=\"color: black; font-family: Times New Roman,serif; font-size: large;\">2.<\/span><span style=\"color: black; font-family: Times New Roman,serif;\">\u00a0\u00a0\u00a0\u00a0 <\/span><span style=\"color: black; font-family: Times New Roman,serif; font-size: large;\">Trwa proces og\u0142awiania drzew na terenie przyko\u015bcielnym. Niekt\u00f3re drzewa ze wzgl\u0119du na ich stan musz\u0105 zosta\u0107 ca\u0142kowicie usuni\u0119te. Od wielu tygodni czekamy na konieczne do tego decyzje z Wydzia\u0142u Ochrony \u015arodowiska Urz\u0119du Dzielnicy Praga P\u00f3\u0142noc.<\/span><span style=\"color: black; font-family: Times New Roman,serif; font-size: large;\">\u00a0 <\/span><span style=\"color: black; font-family: Times New Roman,serif; font-size: large;\">Tragiczny wypadek, jaki mia\u0142 miejsce w Parku Praskim pokazuje konieczno\u015b\u0107 prowadzenia takich prac. Wszystkie nasze dzia\u0142ania powodowane s\u0105 wzgl\u0119dami bezpiecze\u0144stwa i maj\u0105 na celu eliminowanie zagro\u017ce\u0144 dla zdrowia i \u017cycia ludzkiego.<\/span><span style=\"color: black; font-family: Times New Roman,serif; font-size: large;\">\u00a0 <\/span><span style=\"color: black; font-family: Times New Roman,serif; font-size: large;\">30 lipca spadaj\u0105ca na teren ko\u015bcielny ga\u0142\u0105\u017a z klonu pospolitego rosn\u0105cego przy bramie wjazdowej uszkodzi\u0142a ogrodzenie. Powsta\u0142e straty firma ubezpieczeniowa wyceni\u0142a na 389,56 z\u0142. Poniewa\u017c warto\u015b\u0107 ta jest wielokrotnie ni\u017csza w stosunku do rzeczywistych strat nasza parafia z\u0142o\u017cy\u0142a reklamacj\u0119 w tej sprawie.<\/span><\/div>\n<div><span style=\"color: black; font-family: Times New Roman,serif; font-size: large;\">\u00a0<\/span><\/div>\n<div><span style=\"color: black; font-family: Times New Roman,serif; font-size: large;\">3.<\/span><span style=\"color: black; font-family: Times New Roman,serif;\">\u00a0\u00a0\u00a0\u00a0 <\/span><span style=\"color: black; font-family: Times New Roman,serif; font-size: large;\">Od Mazowieckiego Wojew\u00f3dzkiego Konserwatora Zabytk\u00f3w otrzymali\u015bmy pozwolenie na prowadzenie archeologicznych bada\u0144 wykopaliskowych w celu dok\u0142adnego zlokalizowania i cz\u0119\u015bciowego wyeksponowania fundament\u00f3w rozebranego w 1811 roku ko\u015bcio\u0142a oo. Bernardyn\u00f3w. Prace te rozpoczn\u0105 w niedalekiej przysz\u0142o\u015bci. Na czas prowadzenia tych dzia\u0142a\u0144 ze wzgl\u0119d\u00f3w bezpiecze\u0144stwa<\/span><span style=\"color: black; font-family: Times New Roman,serif; font-size: large;\">\u00a0 <\/span><span style=\"color: black; font-family: Times New Roman,serif; font-size: large;\">wy\u0142\u0105czone z u\u017cytku b\u0119dzie wej\u015bcie na teren ko\u015bcio\u0142a od ul. Jagiello\u0144skiej. Za t\u0119 niedogodno\u015b\u0107 z g\u00f3ry przepraszamy.<\/span><\/div>\n<div><span style=\"color: black; font-family: Times New Roman,serif; font-size: large;\">\u00a0<\/span><\/div>\n<div><span style=\"color: black; font-family: Times New Roman,serif; font-size: large;\">4.<\/span><span style=\"color: black; font-family: Times New Roman,serif;\">\u00a0\u00a0\u00a0\u00a0 <\/span><span style=\"color: black; font-family: Times New Roman,serif; font-size: large;\">Przeprowadzone do tej pory i planowane w przysz\u0142o\u015bci prace wymagaj\u0105 nak\u0142ad\u00f3w finansowych. Staramy si\u0119 z r\u00f3\u017cnych \u017ar\u00f3de\u0142 pozyska\u0107 na te cele \u015brodki zewn\u0119trzne. Wiele<\/span><span style=\"color: black; font-family: Times New Roman,serif; font-size: large;\">\u00a0 <\/span><span style=\"color: black; font-family: Times New Roman,serif; font-size: large;\">projekt\u00f3w zak\u0142ada konieczno\u015b\u0107 tzw. wk\u0142adu w\u0142asnego. <\/span><\/div>\n<div><span style=\"color: black; font-family: Times New Roman,serif; font-size: large;\">\u00a0<\/span><\/div>\n<div><span style=\"color: black; font-family: Times New Roman,serif; font-size: large;\">5.<\/span><span style=\"color: black; font-family: Times New Roman,serif;\">\u00a0\u00a0\u00a0\u00a0 <\/span><span style=\"color: black; font-family: Times New Roman,serif; font-size: large;\">Jestem bardzo wdzi\u0119czny za wszystkie sk\u0142adane na potrzeby parafii ofiary: na tac\u0119, do ko\u015bcielnych skarbonek i w postaci przelew\u00f3w bezpo\u015brednio na konto. W ten spos\u00f3b tak\u017ce wype\u0142niamy pi\u0105te przykazanie ko\u015bcielne. \u015arodki te wystarczaj\u0105 na bie\u017c\u0105ce wydatki, ale nie pozwalaj\u0105 na inwestycje. Tym bardziej \u017ce sp\u0142acamy zaci\u0105gni\u0119te w minionym roku po\u017cyczki. Dlatego tak jak w wielu innych parafiach wprowadzamy praktyk\u0119 tzw. tacy inwestycyjnej. Pocz\u0105wszy od pa\u017adziernika w ka\u017cd\u0105 drug\u0105 niedziel\u0119 miesi\u0105ca ofiary zbierane na tac\u0119 b\u0119d\u0105 przeznaczone na inwestycje. Bardzo dzi\u0119kuj\u0119 za Wasze zrozumienie i materialn\u0105 wsp\u00f3\u0142odpowiedzialno\u015b\u0107 za nasz\u0105 parafi\u0119. Wierz\u0119, \u017ce wsp\u00f3lnymi si\u0142ami i pod opiek\u0105 Matki Bo\u017cej Loreta\u0144skiej uda nam si\u0119 podj\u0105\u0107 i zrealizowa\u0107 te zadania, do kt\u00f3rych powo\u0142uje nas Bo\u017ca Opatrzno\u015b\u0107.<\/span><\/div>\n<div><span style=\"color: black; font-family: Times New Roman,serif; font-size: large;\">\u00a0<\/span><\/div>\n<div style=\"text-align: right;\"><span style=\"color: black; font-family: Times New Roman,serif; font-size: large;\">\u00a0\u00a0\u00a0\u00a0\u00a0\u00a0\u00a0\u00a0\u00a0\u00a0\u00a0\u00a0 <\/span><em><span style=\"color: black; font-family: Times New Roman,serif; font-size: large;\">Proboszcz Ks. Zbigniew Kloch<\/span><\/em><\/div>\n<\/div>\n","protected":false},"excerpt":{"rendered":"<p>1.\u00a0Dzi\u015b po Mszach \u015bw. wolontariusze Radia Warszawa 106,2 FM b\u0119d\u0105 do puszek zbiera\u0107 ofiary na dzia\u0142alno\u015b\u0107 i rozw\u00f3j naszej diecezjalnej rozg\u0142o\u015bni radiowej. \u00a0\u00a0\u00a0\u00a0\u00a0\u00a0\u00a0\u00a0\u00a0\u00a0\u00a0\u00a0\u00a0\u00a0\u00a0\u00a0\u00a0\u00a0\u00a0\u00a0\u00a0\u00a0 2.\u00a0We wtorek, w \u015bwi\u0119to \u015bw. Stanis\u0142awa Kostki Bp Romuald Kami\u0144ski na Mszy \u015bw.\u00a0o godz. 18.00 udzieli sakramentu bierzmowania naszej m\u0142odzie\u017cy. \u00a0 \u00a0 \u00a0 \u00a0 \u00a0 \u00a0 \u00a0 \u00a0 \u00a0 \u00a0 \u00a0 \u00a0 [&hellip;]<\/p>\n","protected":false},"author":1,"featured_media":46,"comment_status":"closed","ping_status":"open","sticky":false,"template":"","format":"standard","meta":{"ngg_post_thumbnail":0,"footnotes":""},"categories":[3],"tags":[],"class_list":["post-1908","post","type-post","status-publish","format-standard","has-post-thumbnail","hentry","category-ogloszenia-duszpasterskie"],"_links":{"self":[{"href":"https:\/\/mbloretanska.pl\/index.php?rest_route=\/wp\/v2\/posts\/1908","targetHints":{"allow":["GET"]}}],"collection":[{"href":"https:\/\/mbloretanska.pl\/index.php?rest_route=\/wp\/v2\/posts"}],"about":[{"href":"https:\/\/mbloretanska.pl\/index.php?rest_route=\/wp\/v2\/types\/post"}],"author":[{"embeddable":true,"href":"https:\/\/mbloretanska.pl\/index.php?rest_route=\/wp\/v2\/users\/1"}],"replies":[{"embeddable":true,"href":"https:\/\/mbloretanska.pl\/index.php?rest_route=%2Fwp%2Fv2%2Fcomments&post=1908"}],"version-history":[{"count":3,"href":"https:\/\/mbloretanska.pl\/index.php?rest_route=\/wp\/v2\/posts\/1908\/revisions"}],"predecessor-version":[{"id":1918,"href":"https:\/\/mbloretanska.pl\/index.php?rest_route=\/wp\/v2\/posts\/1908\/revisions\/1918"}],"wp:featuredmedia":[{"embeddable":true,"href":"https:\/\/mbloretanska.pl\/index.php?rest_route=\/wp\/v2\/media\/46"}],"wp:attachment":[{"href":"https:\/\/mbloretanska.pl\/index.php?rest_route=%2Fwp%2Fv2%2Fmedia&parent=1908"}],"wp:term":[{"taxonomy":"category","embeddable":true,"href":"https:\/\/mbloretanska.pl\/index.php?rest_route=%2Fwp%2Fv2%2Fcategories&post=1908"},{"taxonomy":"post_tag","embeddable":true,"href":"https:\/\/mbloretanska.pl\/index.php?rest_route=%2Fwp%2Fv2%2Ftags&post=1908"}],"curies":[{"name":"wp","href":"https:\/\/api.w.org\/{rel}","templated":true}]}}