{"id":1874,"date":"2018-08-18T22:51:18","date_gmt":"2018-08-18T20:51:18","guid":{"rendered":"http:\/\/mbloretanska.pl\/?p=1874"},"modified":"2018-08-18T22:53:08","modified_gmt":"2018-08-18T20:53:08","slug":"intencje-mszalne-19-25-08-2018","status":"publish","type":"post","link":"https:\/\/mbloretanska.pl\/?p=1874","title":{"rendered":"intencje mszalne 19-25.08.2018"},"content":{"rendered":"<table>\n<tbody>\n<tr>\n<td class=\"s5\" colspan=\"2\">\n<div>\n<p class=\"s7\" style=\"text-align: center;\"><span class=\"s6\">XX NIEDZIELA ZWYK\u0141A,\u00a0<\/span><span class=\"s8\">19 \u00a0sierpnia \u00a02018<\/span><\/p>\n<\/div>\n<\/td>\n<\/tr>\n<tr>\n<td class=\"s9\" colspan=\"2\">\n<div>\n<p class=\"s10\">\n<\/div>\n<\/td>\n<\/tr>\n<tr>\n<td class=\"s11\">\n<div>\n<p class=\"s10\"><span class=\"s12\">7.00<\/span><\/p>\n<\/div>\n<\/td>\n<td class=\"s11\">\n<div>\n<p class=\"s14\"><span class=\"s13\">+ <\/span><span class=\"s13\">Karola Stanaszka<\/span><\/p>\n<\/div>\n<\/td>\n<\/tr>\n<tr>\n<td class=\"s11\">\n<div>\n<p class=\"s10\"><span class=\"s12\">8.30<\/span><\/p>\n<\/div>\n<\/td>\n<td class=\"s11\">\n<div>\n<p class=\"s14\"><span class=\"s13\">+ Danut\u0119 Owczarczyk w 14 r. <\/span><span class=\"s13\">\u015bm<\/span><span class=\"s13\">. i Leokadi\u0119 Owczarczyk <\/span><\/p>\n<p class=\"s14\"><span class=\"s13\">w 5 r. <\/span><span class=\"s13\">\u015bm<\/span><span class=\"s13\">.<\/span><\/p>\n<\/div>\n<\/td>\n<\/tr>\n<tr>\n<td class=\"s11\">\n<div>\n<p class=\"s10\"><span class=\"s12\">10.00<\/span><\/p>\n<\/div>\n<\/td>\n<td class=\"s11\">\n<div>\n<p class=\"s14\"><span class=\"s13\">&#8211; o Bo\u017ce <\/span><span class=\"s13\">b\u0142og<\/span><span class=\"s13\">., opiek\u0119 Matki Bo\u017cej, dary Ducha \u015aw. oraz wiar\u0119, Nadziej\u0119 i mi\u0142o\u015b\u0107 dla dzieci i wnuczki <\/span><\/p>\n<\/div>\n<\/td>\n<\/tr>\n<tr>\n<td class=\"s11\">\n<div>\n<p class=\"s10\"><span class=\"s12\">11.00<\/span><\/p>\n<\/div>\n<\/td>\n<td class=\"s11\">\n<div>\n<p class=\"s14\"><span class=\"s13\">+ Zofi\u0119, Bronis\u0142awa Suchodolskich, Kazimier\u0119, Ryszarda Adamczewskich, Mariann\u0119 Szcz\u0119sn\u0105<\/span><\/p>\n<\/div>\n<\/td>\n<\/tr>\n<tr>\n<td class=\"s11\">\n<div>\n<p class=\"s10\"><span class=\"s12\">12.30<\/span><\/p>\n<\/div>\n<\/td>\n<td class=\"s11\">\n<div>\n<p class=\"s14\"><span class=\"s13\">&#8211; Dzi\u0119kczynna w rocznic\u0119 \u015blubu Genowefy i Miros\u0142awa z pro\u015bb\u0105 o potrzebne \u0142aski, opiek\u0119 MB Loreta\u0144skiej dla jubilat\u00f3w, dzieci i wnuk\u00f3w<\/span><\/p>\n<\/div>\n<\/td>\n<\/tr>\n<tr>\n<td class=\"s11\">\n<div>\n<p class=\"s10\"><span class=\"s12\">18.00<\/span><\/p>\n<\/div>\n<\/td>\n<td class=\"s11\">\n<div>\n<p class=\"s14\"><span class=\"s13\">+ <\/span><span class=\"s13\">J\u00f3zef\u0119 <\/span><span class=\"s13\">Maksimczyk<\/span><span class=\"s13\"> (19 GR)<\/span><\/p>\n<p class=\"s14\">\n<\/div>\n<\/td>\n<\/tr>\n<tr>\n<td class=\"s15\" colspan=\"2\">\n<div>\n<p class=\"s10\" style=\"text-align: center;\"><span class=\"s6\">Poniedzia\u0142ek,\u00a0<\/span><span class=\"s8\">20<\/span><span class=\"s8\"> sierpnia 2018<\/span><\/p>\n<\/div>\n<\/td>\n<\/tr>\n<tr>\n<td class=\"s16\" colspan=\"2\">\n<div>\n<p class=\"s10\">\n<\/div>\n<\/td>\n<\/tr>\n<tr>\n<td class=\"s17\">\n<div>\n<p class=\"s10\"><span class=\"s12\">7.00<\/span><\/p>\n<\/div>\n<\/td>\n<td class=\"s18\">\n<div>\n<p class=\"s19\"><span class=\"s13\">+ <\/span><span class=\"s13\">Mariana Cudnego<\/span><\/p>\n<\/div>\n<\/td>\n<\/tr>\n<tr>\n<td class=\"s20\">\n<div>\n<p class=\"s10\"><span class=\"s12\">8.00<\/span><\/p>\n<\/div>\n<\/td>\n<td class=\"s21\">\n<div>\n<p class=\"s14\"><span class=\"s13\">+ <\/span><span class=\"s13\">J\u00f3zef\u0119 <\/span><span class=\"s13\">Maksimczyk<\/span><span class=\"s13\"> (20 GR)<\/span><\/p>\n<\/div>\n<\/td>\n<\/tr>\n<tr>\n<td class=\"s22\">\n<div>\n<p class=\"s10\"><span class=\"s12\">18.00<\/span><\/p>\n<\/div>\n<\/td>\n<td class=\"s23\">\n<div>\n<p class=\"s19\"><span class=\"s13\">R.<\/span><\/p>\n<\/div>\n<\/td>\n<\/tr>\n<tr>\n<td class=\"s15\" colspan=\"2\">\n<div>\n<p class=\"s10\" style=\"text-align: center;\"><span class=\"s6\">Wtorek,\u00a0<\/span><span class=\"s8\">21<\/span><span class=\"s8\"> \u00a0sierpnia 2018<\/span><\/p>\n<\/div>\n<\/td>\n<\/tr>\n<tr>\n<td class=\"s16\" colspan=\"2\">\n<div>\n<p class=\"s10\">\n<\/div>\n<\/td>\n<\/tr>\n<tr>\n<td class=\"s11\">\n<div>\n<p class=\"s10\"><span class=\"s12\">7.00<\/span><\/p>\n<\/div>\n<\/td>\n<td class=\"s11\">\n<div>\n<p class=\"s14\"><span class=\"s13\">+ <\/span><span class=\"s13\">J\u00f3zef\u0119 <\/span><span class=\"s13\">Maksimczyk<\/span><span class=\"s13\"> (21 GR)<\/span><\/p>\n<\/div>\n<\/td>\n<\/tr>\n<tr>\n<td class=\"s17\">\n<div>\n<p class=\"s10\"><span class=\"s12\">8.00<\/span><\/p>\n<\/div>\n<\/td>\n<td class=\"s17\">\n<div>\n<p class=\"s14\"><span class=\"s13\">+ <\/span><span class=\"s13\">Teres\u0119 Helen\u0119 Zar\u0119ba<\/span><\/p>\n<p class=\"s14\"><span class=\"s13\">&#8211; o <\/span><span class=\"s13\">\u0142ask\u0119 zdrowia dla Juliana<\/span><\/p>\n<\/div>\n<\/td>\n<\/tr>\n<tr>\n<td class=\"s24\">\n<div>\n<p class=\"s10\"><span class=\"s12\">18.00<\/span><\/p>\n<\/div>\n<\/td>\n<td class=\"s24\">\n<div>\n<p class=\"s14\"><span class=\"s13\">+\u00a0<\/span><span class=\"s13\">J\u00f3zefa Dietrich w 19 r. <\/span><span class=\"s13\">\u015bm<\/span><\/p>\n<\/div>\n<\/td>\n<\/tr>\n<tr>\n<td class=\"s15\" colspan=\"2\">\n<div>\n<p class=\"s10\" style=\"text-align: center;\"><span class=\"s6\">\u015aroda,\u00a0<\/span><span class=\"s8\">22<\/span><span class=\"s8\"> sierpnia 2018<\/span><\/p>\n<\/div>\n<\/td>\n<\/tr>\n<tr>\n<td class=\"s16\" colspan=\"2\">\n<div>\n<p class=\"s10\">\n<\/div>\n<\/td>\n<\/tr>\n<tr>\n<td class=\"s25\">\n<div>\n<p class=\"s10\"><span class=\"s12\">7.00<\/span><\/p>\n<\/div>\n<\/td>\n<td class=\"s25\">\n<div>\n<p class=\"s14\"><span class=\"s13\">&#8211; <\/span><span class=\"s13\">Dzi\u0119kczynno-b\u0142ag. w 15 \u00a0rocznic\u0119 \u015blubu Anny i Wojciecha z pro\u015bb\u0105 o potrzebne \u0142aski, opiek\u0119 MB Loreta\u0144skiej dla dzieci\u00a0<\/span><span class=\"s13\">i CR<\/span><\/p>\n<\/div>\n<\/td>\n<\/tr>\n<tr>\n<td class=\"s26\">\n<div>\n<p class=\"s10\"><span class=\"s12\">8.00<\/span><\/p>\n<\/div>\n<\/td>\n<td class=\"s26\">\n<div>\n<p class=\"s14\"><span class=\"s13\">+ <\/span><span class=\"s13\">J\u00f3zef\u0119 <\/span><span class=\"s13\">Maksimczyk<\/span><span class=\"s13\"> (8GR)<\/span><\/p>\n<\/div>\n<\/td>\n<\/tr>\n<tr>\n<td class=\"s27\">\n<div>\n<p class=\"s10\"><span class=\"s12\">17.45<\/span><\/p>\n<\/div>\n<\/td>\n<td class=\"s27\">\n<div>\n<p class=\"s14\"><span class=\"s12\">NOWENNA DO MATKI BO<\/span><span class=\"s12\">\u017b<\/span><span class=\"s12\">EJ NIEUSTAJ<\/span><span class=\"s12\">\u0104<\/span><span class=\"s12\">CEJ POMOCY <\/span><span class=\"s12\">I MSZA \u015aWI\u0118TA <\/span><\/p>\n<\/div>\n<\/td>\n<\/tr>\n<tr>\n<td class=\"s15\" colspan=\"2\">\n<div>\n<p class=\"s10\" style=\"text-align: center;\"><span class=\"s6\">Czwartek,\u00a0<\/span><span class=\"s8\">23<\/span><span class=\"s8\"> sierpnia 2018<\/span><\/p>\n<\/div>\n<\/td>\n<\/tr>\n<tr>\n<td class=\"s16\" colspan=\"2\">\n<div>\n<p class=\"s10\">\n<\/div>\n<\/td>\n<\/tr>\n<tr>\n<td class=\"s11\">\n<div>\n<p class=\"s10\"><span class=\"s12\">7.00<\/span><\/p>\n<\/div>\n<\/td>\n<td class=\"s11\">\n<div>\n<p class=\"s14\"><span class=\"s13\">&#8211; o Bo\u017ce <\/span><span class=\"s13\">b\u0142og<\/span><span class=\"s13\">. i potrzebne \u0142aski, zdrowie, opiek\u0119 MB Loreta\u0144skiej dla Marianny Rogalskiej w 81 r. urodzin oraz o zdrowie dla syna Andrzeja<\/span><\/p>\n<\/div>\n<\/td>\n<\/tr>\n<tr>\n<td class=\"s28\">\n<div>\n<p class=\"s10\"><span class=\"s12\">8.00<\/span><\/p>\n<\/div>\n<\/td>\n<td class=\"s28\">\n<div>\n<p class=\"s14\"><span class=\"s13\">+ J\u00f3zef\u0119 <\/span><span class=\"s13\">Maksimczyk<\/span><span class=\"s13\"> (23<\/span><span class=\"s13\"> GR)<\/span><\/p>\n<\/div>\n<\/td>\n<\/tr>\n<tr>\n<td class=\"s29\">\n<div>\n<p class=\"s10\"><span class=\"s12\">18.00<\/span><\/p>\n<\/div>\n<\/td>\n<td class=\"s29\">\n<div>\n<p class=\"s14\"><span class=\"s13\">+ <\/span><span class=\"s13\">Mari\u0119 <\/span><span class=\"s13\">Bagie\u0144sk\u0105<\/span><span class=\"s13\"> w 3 r. <\/span><span class=\"s13\">\u015bm<\/span><span class=\"s13\">.<\/span><span class=\"s13\">, Cr <\/span><span class=\"s13\">Sierzputowskich<\/span><span class=\"s13\">, Wojtowicz\u00f3w, <\/span><span class=\"s13\">Stramol<\/span><span class=\"s13\">, Szczepanik\u00f3w<\/span><\/p>\n<\/div>\n<\/td>\n<\/tr>\n<tr>\n<td class=\"s11\" colspan=\"2\">\n<div>\n<p class=\"s10\" style=\"text-align: center;\"><span class=\"s6\">Pi\u0105tek,\u00a0<\/span><span class=\"s8\">24<\/span><span class=\"s8\"> sierpnia 2018<\/span><\/p>\n<\/div>\n<\/td>\n<\/tr>\n<tr>\n<td class=\"s9\" colspan=\"2\">\n<div>\n<p class=\"s10\">\n<\/div>\n<\/td>\n<\/tr>\n<tr>\n<td class=\"s11\">\n<div>\n<p class=\"s10\"><span class=\"s12\">7.00<\/span><\/p>\n<\/div>\n<\/td>\n<td class=\"s11\">\n<div>\n<p class=\"s14\"><span class=\"s13\">+ <\/span><span class=\"s13\">J\u00f3zef\u0119 <\/span><span class=\"s13\">Maksimczyk<\/span><span class=\"s13\"> (24<\/span><span class=\"s13\"> GR)<\/span><\/p>\n<\/div>\n<\/td>\n<\/tr>\n<tr>\n<td class=\"s30\">\n<div>\n<p class=\"s10\"><span class=\"s12\">8.00<\/span><\/p>\n<\/div>\n<\/td>\n<td class=\"s30\">\n<div>\n<p class=\"s14\"><span class=\"s13\">+ <\/span><span class=\"s13\">Ann\u0119 Teres\u0119 Mycka w 5 r. <\/span><span class=\"s13\">\u015bm<\/span><span class=\"s13\">.<\/span><\/p>\n<\/div>\n<\/td>\n<\/tr>\n<tr>\n<td class=\"s31\">\n<div>\n<p class=\"s10\"><span class=\"s12\">18.00<\/span><\/p>\n<\/div>\n<\/td>\n<td class=\"s31\">\n<div>\n<p class=\"s14\"><span class=\"s13\">+ J\u00f3zefa Kowalewskiego, Apoloni\u0119, Antoniego Michalczyk<\/span><\/p>\n<\/div>\n<\/td>\n<\/tr>\n<tr>\n<td class=\"s15\" colspan=\"2\">\n<div>\n<p class=\"s10\" style=\"text-align: center;\"><span class=\"s6\">Sobota,\u00a0<\/span><span class=\"s8\">25<\/span><span class=\"s8\"> sierpnia 2018<\/span><\/p>\n<\/div>\n<\/td>\n<\/tr>\n<tr>\n<td class=\"s16\" colspan=\"2\">\n<div>\n<p class=\"s10\">\n<\/div>\n<\/td>\n<\/tr>\n<tr>\n<td class=\"s11\">\n<div>\n<p class=\"s10\"><span class=\"s12\">7.00<\/span><\/p>\n<\/div>\n<\/td>\n<td class=\"s11\">\n<div>\n<p class=\"s14\"><span class=\"s13\">+ <\/span><span class=\"s13\">J\u00f3zefa Wojtkowskiego w 3 r. <\/span><span class=\"s13\">\u015bm<\/span><span class=\"s13\">.<\/span><\/p>\n<\/div>\n<\/td>\n<\/tr>\n<tr>\n<td class=\"s25\">\n<div>\n<p class=\"s10\"><span class=\"s12\">8.00<\/span><\/p>\n<\/div>\n<\/td>\n<td class=\"s25\">\n<div>\n<p class=\"s14\"><span class=\"s13\">+ Wojciecha D\u0105browskiego w 11 r. <\/span><span class=\"s13\">\u015bm<\/span><span class=\"s13\">., Rodzic\u00f3w, rodze\u0144stwo i te\u015bci\u00f3w<\/span><\/p>\n<\/div>\n<\/td>\n<\/tr>\n<tr>\n<td class=\"s32\">\n<div>\n<p class=\"s33\"><span class=\"s12\">18.00<\/span><\/p>\n<\/div>\n<\/td>\n<td class=\"s32\">\n<div>\n<p class=\"s14\"><span class=\"s13\">+ <\/span><span class=\"s13\">J\u00f3zef\u0119 <\/span><span class=\"s13\">Maksimczyk<\/span><span class=\"s13\"> (25 GR)<\/span><\/p>\n<\/div>\n<\/td>\n<\/tr>\n<\/tbody>\n<\/table>\n","protected":false},"excerpt":{"rendered":"<p>XX NIEDZIELA ZWYK\u0141A,\u00a019 \u00a0sierpnia \u00a02018 7.00 + Karola Stanaszka 8.30 + Danut\u0119 Owczarczyk w 14 r. \u015bm. i Leokadi\u0119 Owczarczyk w 5 r. \u015bm. 10.00 &#8211; o Bo\u017ce b\u0142og., opiek\u0119 Matki Bo\u017cej, dary Ducha \u015aw. oraz wiar\u0119, Nadziej\u0119 i mi\u0142o\u015b\u0107 dla dzieci i wnuczki 11.00 + Zofi\u0119, Bronis\u0142awa Suchodolskich, Kazimier\u0119, Ryszarda Adamczewskich, Mariann\u0119 Szcz\u0119sn\u0105 12.30 [&hellip;]<\/p>\n","protected":false},"author":1,"featured_media":0,"comment_status":"closed","ping_status":"open","sticky":false,"template":"","format":"standard","meta":{"ngg_post_thumbnail":0,"footnotes":""},"categories":[6],"tags":[],"class_list":["post-1874","post","type-post","status-publish","format-standard","hentry","category-intencje-mszalne"],"_links":{"self":[{"href":"https:\/\/mbloretanska.pl\/index.php?rest_route=\/wp\/v2\/posts\/1874","targetHints":{"allow":["GET"]}}],"collection":[{"href":"https:\/\/mbloretanska.pl\/index.php?rest_route=\/wp\/v2\/posts"}],"about":[{"href":"https:\/\/mbloretanska.pl\/index.php?rest_route=\/wp\/v2\/types\/post"}],"author":[{"embeddable":true,"href":"https:\/\/mbloretanska.pl\/index.php?rest_route=\/wp\/v2\/users\/1"}],"replies":[{"embeddable":true,"href":"https:\/\/mbloretanska.pl\/index.php?rest_route=%2Fwp%2Fv2%2Fcomments&post=1874"}],"version-history":[{"count":3,"href":"https:\/\/mbloretanska.pl\/index.php?rest_route=\/wp\/v2\/posts\/1874\/revisions"}],"predecessor-version":[{"id":1877,"href":"https:\/\/mbloretanska.pl\/index.php?rest_route=\/wp\/v2\/posts\/1874\/revisions\/1877"}],"wp:attachment":[{"href":"https:\/\/mbloretanska.pl\/index.php?rest_route=%2Fwp%2Fv2%2Fmedia&parent=1874"}],"wp:term":[{"taxonomy":"category","embeddable":true,"href":"https:\/\/mbloretanska.pl\/index.php?rest_route=%2Fwp%2Fv2%2Fcategories&post=1874"},{"taxonomy":"post_tag","embeddable":true,"href":"https:\/\/mbloretanska.pl\/index.php?rest_route=%2Fwp%2Fv2%2Ftags&post=1874"}],"curies":[{"name":"wp","href":"https:\/\/api.w.org\/{rel}","templated":true}]}}