{"id":1865,"date":"2018-08-12T07:40:58","date_gmt":"2018-08-12T05:40:58","guid":{"rendered":"http:\/\/mbloretanska.pl\/?p=1865"},"modified":"2018-08-12T07:41:43","modified_gmt":"2018-08-12T05:41:43","slug":"xix-niedziela-zwykla-12-sierpien-2018","status":"publish","type":"post","link":"https:\/\/mbloretanska.pl\/?p=1865","title":{"rendered":"XIX niedziela zwyk\u0142a, 12 sierpie\u0144 2018"},"content":{"rendered":"<p><span style=\"color: #000000;\">1. Jurto 13 dzie\u0144 miesi\u0105ca. Po Mszy \u015bw. wieczornej zapraszamy na kolejne nabo\u017ce\u0144stwo fatimskie z procesj\u0105 r\u00f3\u017ca\u0144cow\u0105. Intencje do modlitwy r\u00f3\u017ca\u0144cowej mo\u017cemy sk\u0142ada\u0107 do puszki przy kaplicy \u015bw. Antoniego.<\/span><\/p>\n<p><span style=\"color: #000000;\">2.\u00a0W \u015brod\u0119 15 sierpnia przypada Uroczysto\u015b\u0107 Wniebowzi\u0119cia NMP i \u015awi\u0119to Matki Bo\u017cej Zwyci\u0119skiej \u2013 Patronki Diecezji Warszawsko-Praskiej.\u00a0 Msze \u015bw. w naszym ko\u015bciele wed\u0142ug porz\u0105dku niedzielnego. Nowenna do MB Nieustaj\u0105cej pomocy o godz. 17.45. Na zako\u0144czenie ka\u017cdej Mszy \u015bw. b\u0142ogos\u0142awie\u0144stwo zi\u00f3\u0142 i kwiat\u00f3w. Wierni, kt\u00f3rzy nawiedz\u0105 konkatedr\u0119 na Kamionku i tam pobo\u017cnie odm\u00f3wi\u0105 Ojcze nasz i Wierz\u0119 w Boga mog\u0105 zyska\u0107 odpust zupe\u0142ny.<\/span><\/p>\n<p><span style=\"color: #000000;\">3. Trwa nawiedzenie rodzin naszej parafii przez u\u015bwi\u0119cony Jasnog\u00f3rsk\u0105 Ikon\u0105 wizerunek Maryi. Osoby, kt\u00f3re chcia\u0142yby przyj\u0105\u0107 do siebie obraz Matki Bo\u017cej prosimy o zg\u0142oszenie si\u0119 do zakrystii.<\/span><\/p>\n<p><span style=\"color: #000000;\">4. Od 1 wrze\u015bnia b\u0119dzie dost\u0119pna ksi\u0105\u017cka intencji mszalnych na przysz\u0142y rok 2019. Poniewa\u017c nie wszyscy mog\u0105 uczestniczy\u0107 w Mszy za bliskich sprawowanej w tygodniu wprowadzamy &#8211; podobnie jak to jest w innych parafiach &#8211; mo\u017cliwo\u015b\u0107 tzw. zbiorowej Mszy niedzielnej, kt\u00f3ra b\u0119dzie sprawowana we wszystkich podanych intencjach. Taka Msza \u015bw. wsp\u00f3lna b\u0119dzie od nowego roku sprawowana w ka\u017cd\u0105 niedziel\u0119 o godz. 12.30.<\/span><\/p>\n<p><span style=\"color: #000000;\">5. Pami\u0119tajmy w modlitwach o wszystkich pielgrzymach z naszej parafii, kt\u00f3rzy wyruszyli na Jasna G\u00f3r\u0119, a szczeg\u00f3lnie o ks. Jarku i ca\u0142ej grupie fioletowej. Wspierajmy ich duchowo w czasie p\u0105tniczego trudu.<\/span><\/p>\n<p><span style=\"color: #000000;\">6. Na stoliku prasowym znajdziemy tygodnik<i> Idziemy<\/i> oraz gazetk\u0119 parafialn\u0105 <i>We\u017a Ewangeli\u0119\u00a0 do domu.<\/i>\u00a0 \u00a0 \u00a0 \u00a0 \u00a0 \u00a0 \u00a0 \u00a0 \u00a0 \u00a0 \u00a0 \u00a0 \u00a0 \u00a0 \u00a0 \u00a0 \u00a0 \u00a0 \u00a0 \u00a0 \u00a0 \u00a0 \u00a0 \u00a0 \u00a0 \u00a0 \u00a0 \u00a0 \u00a0 \u00a0 \u00a0 \u00a0 \u00a0 \u00a0 \u00a0 \u00a0 \u00a0 \u00a0 \u00a0 \u00a0 \u00a0 \u00a0 \u00a0 \u00a0 \u00a0 \u00a0 \u00a0 \u00a0 \u00a0 \u00a0 \u00a0 \u00a0 \u00a0 \u00a0 \u00a0 \u00a0 \u00a0 \u00a0 \u00a0 \u00a0 \u00a0 \u00a0 \u00a0 \u00a0 \u00a0 \u00a0 \u00a0 \u00a0 \u00a0 \u00a0 \u00a0 \u00a0 \u00a0 \u00a0 \u00a0 \u00a0 \u00a0 \u00a0 \u00a0 \u00a0 \u00a0 \u00a0 \u00a0 \u00a0 \u00a0 \u00a0 \u00a0\u00a0<\/span><\/p>\n<p><span style=\"color: #000000;\">7. Wszystkim naszym parafianom i go\u015bciom \u017cyczymy udanego niedzielnego odpoczynku i dobrego, b\u0142ogos\u0142awionego tygodnia.<\/span><\/p>\n","protected":false},"excerpt":{"rendered":"<p>1. Jurto 13 dzie\u0144 miesi\u0105ca. Po Mszy \u015bw. wieczornej zapraszamy na kolejne nabo\u017ce\u0144stwo fatimskie z procesj\u0105 r\u00f3\u017ca\u0144cow\u0105. Intencje do modlitwy r\u00f3\u017ca\u0144cowej mo\u017cemy sk\u0142ada\u0107 do puszki przy kaplicy \u015bw. Antoniego. 2.\u00a0W \u015brod\u0119 15 sierpnia przypada Uroczysto\u015b\u0107 Wniebowzi\u0119cia NMP i \u015awi\u0119to Matki Bo\u017cej Zwyci\u0119skiej \u2013 Patronki Diecezji Warszawsko-Praskiej.\u00a0 Msze \u015bw. w naszym ko\u015bciele wed\u0142ug porz\u0105dku niedzielnego. Nowenna [&hellip;]<\/p>\n","protected":false},"author":1,"featured_media":0,"comment_status":"closed","ping_status":"open","sticky":false,"template":"","format":"standard","meta":{"ngg_post_thumbnail":0,"footnotes":""},"categories":[3],"tags":[],"class_list":["post-1865","post","type-post","status-publish","format-standard","hentry","category-ogloszenia-duszpasterskie"],"_links":{"self":[{"href":"https:\/\/mbloretanska.pl\/index.php?rest_route=\/wp\/v2\/posts\/1865","targetHints":{"allow":["GET"]}}],"collection":[{"href":"https:\/\/mbloretanska.pl\/index.php?rest_route=\/wp\/v2\/posts"}],"about":[{"href":"https:\/\/mbloretanska.pl\/index.php?rest_route=\/wp\/v2\/types\/post"}],"author":[{"embeddable":true,"href":"https:\/\/mbloretanska.pl\/index.php?rest_route=\/wp\/v2\/users\/1"}],"replies":[{"embeddable":true,"href":"https:\/\/mbloretanska.pl\/index.php?rest_route=%2Fwp%2Fv2%2Fcomments&post=1865"}],"version-history":[{"count":3,"href":"https:\/\/mbloretanska.pl\/index.php?rest_route=\/wp\/v2\/posts\/1865\/revisions"}],"predecessor-version":[{"id":1868,"href":"https:\/\/mbloretanska.pl\/index.php?rest_route=\/wp\/v2\/posts\/1865\/revisions\/1868"}],"wp:attachment":[{"href":"https:\/\/mbloretanska.pl\/index.php?rest_route=%2Fwp%2Fv2%2Fmedia&parent=1865"}],"wp:term":[{"taxonomy":"category","embeddable":true,"href":"https:\/\/mbloretanska.pl\/index.php?rest_route=%2Fwp%2Fv2%2Fcategories&post=1865"},{"taxonomy":"post_tag","embeddable":true,"href":"https:\/\/mbloretanska.pl\/index.php?rest_route=%2Fwp%2Fv2%2Ftags&post=1865"}],"curies":[{"name":"wp","href":"https:\/\/api.w.org\/{rel}","templated":true}]}}