{"id":1862,"date":"2018-08-12T07:35:39","date_gmt":"2018-08-12T05:35:39","guid":{"rendered":"http:\/\/mbloretanska.pl\/?p=1862"},"modified":"2018-08-12T07:35:39","modified_gmt":"2018-08-12T05:35:39","slug":"intencje-mszalne-12-18-08-2018","status":"publish","type":"post","link":"https:\/\/mbloretanska.pl\/?p=1862","title":{"rendered":"intencje mszalne 12-18.08.2018"},"content":{"rendered":"<table width=\"680\">\n<tbody>\n<tr>\n<td colspan=\"2\" width=\"680\">\n<p style=\"text-align: center;\"><strong>XVIII NIEDZIELA ZWYK\u0141A,\u00a0<\/strong>12\u00a0 sierpnia\u00a0 2018<\/p>\n<\/td>\n<\/tr>\n<tr>\n<td colspan=\"2\" width=\"680\">&nbsp;<\/td>\n<\/tr>\n<tr>\n<td width=\"112\">\n<p style=\"text-align: center;\"><strong>7.00<\/strong><\/p>\n<\/td>\n<td width=\"568\">+ Boles\u0142awa, Stanis\u0142awa, Norberta Siwek, Wand\u0119, Boles\u0142awa Piotrowskich<\/td>\n<\/tr>\n<tr>\n<td width=\"112\">\n<p style=\"text-align: center;\"><strong>8.30<\/strong><\/p>\n<\/td>\n<td width=\"568\">+ Adama, Stefana, Jolant\u0119 Jasie\u0144czuk, Ew\u0119, Tadeusza, Murawskich, Helen\u0119, Justyna(m), Zbyszka Borkowskich<\/td>\n<\/tr>\n<tr>\n<td width=\"112\">\n<p style=\"text-align: center;\"><strong>10.00<\/strong><\/p>\n<\/td>\n<td width=\"568\">+ S\u0142awomira Kominek w\u00a0 4 r. \u015bm. oraz jego dziadk\u00f3w z obu stron<\/td>\n<\/tr>\n<tr>\n<td width=\"112\">\n<p style=\"text-align: center;\"><strong>11.00<\/strong><\/p>\n<\/td>\n<td width=\"568\">+ Ameli\u0119, Ludwika Dzieciniak<\/p>\n<p>+ Helen\u0119 Rzeszotarsk\u0105<\/td>\n<\/tr>\n<tr>\n<td width=\"112\">\n<p style=\"text-align: center;\"><strong>12.30<\/strong><\/p>\n<\/td>\n<td width=\"568\">+ Piotra, Mariann\u0119, Adama Kami\u0144skich<\/td>\n<\/tr>\n<tr>\n<td width=\"112\">\n<p style=\"text-align: center;\"><strong>18.00<\/strong><\/p>\n<\/td>\n<td width=\"568\">+ J\u00f3zef\u0119 Maksimczyk (12 GR)<\/td>\n<\/tr>\n<tr>\n<td colspan=\"2\" width=\"680\">\n<p style=\"text-align: center;\"><strong>Poniedzia\u0142ek,<\/strong>\u00a013 sierpnia 2018<\/p>\n<\/td>\n<\/tr>\n<tr>\n<td colspan=\"2\" width=\"680\"><strong>\u00a0<\/strong><\/td>\n<\/tr>\n<tr>\n<td width=\"112\">\n<p style=\"text-align: center;\"><strong>7.00<\/strong><\/p>\n<\/td>\n<td width=\"568\">+ Izabel\u0119 Soko\u0142owsk\u0105<\/td>\n<\/tr>\n<tr>\n<td width=\"112\">\n<p style=\"text-align: center;\"><strong>8.00<\/strong><\/p>\n<\/td>\n<td width=\"568\">+ J\u00f3zef\u0119 Maksimczyk (13 GR)<\/td>\n<\/tr>\n<tr>\n<td width=\"112\">\n<p style=\"text-align: center;\"><strong>18.00<\/strong><\/p>\n<\/td>\n<td width=\"568\">+ Ann\u0119 Szczepa\u0144sk\u0105<\/td>\n<\/tr>\n<tr>\n<td colspan=\"2\" width=\"680\">\n<p style=\"text-align: center;\"><strong>Wtorek,\u00a0<\/strong>14 sierpnia 2018<\/p>\n<\/td>\n<\/tr>\n<tr>\n<td colspan=\"2\" width=\"680\"><strong>\u00a0<\/strong><\/td>\n<\/tr>\n<tr>\n<td width=\"112\">\n<p style=\"text-align: center;\"><strong>7.00<\/strong><\/p>\n<\/td>\n<td width=\"568\">+ Ann\u0119 \u0141\u0105ck\u0105 w 61 r. \u015bm., Franciszka \u0141\u0105ckiego oraz\u00a0 zm. ich Rodzic\u00f3w i rodze\u0144stwo<\/td>\n<\/tr>\n<tr>\n<td width=\"112\">\n<p style=\"text-align: center;\"><strong>8.00<\/strong><\/p>\n<\/td>\n<td width=\"568\">+ J\u00f3zef\u0119 Maksimczyk (14 GR)<\/td>\n<\/tr>\n<tr>\n<td width=\"112\">\n<p style=\"text-align: center;\"><strong>18.00<\/strong><\/p>\n<\/td>\n<td width=\"568\">+ Mariana, Wiktori\u0119, W\u0142adys\u0142awa Kwiatkowskich<\/td>\n<\/tr>\n<tr>\n<td colspan=\"2\" width=\"680\">\n<p style=\"text-align: center;\"><strong>\u015aroda<\/strong>\u00a015 sierpnia 2018,\u00a0Uroczysto\u015b\u0107 Wniebowzi\u0119cia Naj\u015bwi\u0119tszej Maryi Panny<\/p>\n<\/td>\n<\/tr>\n<tr>\n<td colspan=\"2\" width=\"680\"><strong>\u00a0<\/strong><\/td>\n<\/tr>\n<tr>\n<td width=\"112\">\n<p style=\"text-align: center;\"><strong>7.00<\/strong><\/p>\n<\/td>\n<td width=\"568\">+ Mariann\u0119, Ann\u0119, Stanis\u0142awa, Ryszarda, Mari\u0119 Graczyk, Ann\u0119, Franciszka, Jezierskich, Sylwestra, Grzegorza, Alojzego, Zdzis\u0142aw\u0119 Machci\u0144skich<\/td>\n<\/tr>\n<tr>\n<td width=\"112\">\n<p style=\"text-align: center;\"><strong>8.30<\/strong><\/p>\n<\/td>\n<td width=\"568\">+ J\u00f3zef\u0119 Maksimczyk (8GR)<\/td>\n<\/tr>\n<tr>\n<td width=\"112\">\n<p style=\"text-align: center;\"><strong>10.00<\/strong><\/p>\n<\/td>\n<td width=\"568\">Int. Dzi\u0119kczynna za dotychczasow\u0105 pomoc i opiek\u0119 z pro\u015bb\u0105 o Bo\u017ce b\u0142og. dla c\u00f3rki Anny w 32 r. urodzin, syna Marcina z rodzin\u0105 oraz Waldemara\u00a0 i Marii Rybak\u00f3w<\/td>\n<\/tr>\n<tr>\n<td width=\"112\">\n<p style=\"text-align: center;\"><strong>11.00<\/strong><\/p>\n<\/td>\n<td width=\"568\">+ Janusza, Alicj\u0119, Edwarda Hilik, Henryka, Eugeni\u0119, Ryszarda, Kazimierza izm. Z CR Wojnickich<\/td>\n<\/tr>\n<tr>\n<td width=\"112\">\n<p style=\"text-align: center;\"><strong>12.30<\/strong><\/p>\n<\/td>\n<td width=\"568\"><sub>\u00a0<\/sub>+ Juliana Leptucha w 1 r. \u015bm<\/td>\n<\/tr>\n<tr>\n<td width=\"112\">\n<p style=\"text-align: center;\"><strong>17.45<\/strong><\/p>\n<\/td>\n<td width=\"568\">NOWENNA DO MATKI BO\u017bEJ NIEUSTAJ\u0104CEJ POMOCY I MSZA \u015aWI\u0118TA<\/td>\n<\/tr>\n<tr>\n<td colspan=\"2\" width=\"680\">\n<p style=\"text-align: center;\"><strong>Czwartek,<\/strong>\u00a0 16 sierpnia 2018<\/p>\n<\/td>\n<\/tr>\n<tr>\n<td colspan=\"2\" width=\"680\"><strong>\u00a0<\/strong><\/td>\n<\/tr>\n<tr>\n<td width=\"112\">\n<p style=\"text-align: center;\"><strong>7.00<\/strong><\/p>\n<\/td>\n<td width=\"568\">+ J\u00f3zef\u0119 Maksimczyk (16 GR)<\/td>\n<\/tr>\n<tr>\n<td width=\"112\">\n<p style=\"text-align: center;\"><strong>8.00<\/strong><\/p>\n<\/td>\n<td width=\"568\">+ Daniela Klepad\u0142o, Barbar\u0119 \u017bydok w r. \u015bm.<\/td>\n<\/tr>\n<tr>\n<td width=\"112\">\n<p style=\"text-align: center;\"><strong>18.00<\/strong><\/p>\n<\/td>\n<td width=\"568\">+ Stanis\u0142awa, Iren\u0119, Waldemara \u015alusarczyk, Henryka Banasiuka<\/td>\n<\/tr>\n<tr>\n<td colspan=\"2\" width=\"680\">\n<p style=\"text-align: center;\"><strong>Pi\u0105tek,\u00a0<\/strong>17 sierpnia 2018<\/p>\n<\/td>\n<\/tr>\n<tr>\n<td colspan=\"2\" width=\"680\"><strong>\u00a0<\/strong><\/td>\n<\/tr>\n<tr>\n<td width=\"112\">\n<p style=\"text-align: center;\"><strong>7.00<\/strong><\/p>\n<\/td>\n<td width=\"568\">+ Barbar\u0119 Laskowsk\u0105, Teres\u0119 P\u00f3\u0142toraczyk<\/td>\n<\/tr>\n<tr>\n<td width=\"112\">\n<p style=\"text-align: center;\"><strong>8.00<\/strong><\/p>\n<\/td>\n<td width=\"568\">+ Stefana w 35 r. \u015bm. oraz CR Garczewskich i Puco\u0142owskich<\/td>\n<\/tr>\n<tr>\n<td width=\"112\">\n<p style=\"text-align: center;\"><strong>18.00<\/strong><\/p>\n<\/td>\n<td width=\"568\">+ J\u00f3zef\u0119 Maksimczyk (17 GR)<\/td>\n<\/tr>\n<tr>\n<td colspan=\"2\" width=\"680\">\n<p style=\"text-align: center;\"><strong>Sobota,<\/strong> 18 sierpnia 2018<\/p>\n<\/td>\n<\/tr>\n<tr>\n<td colspan=\"2\" width=\"680\"><strong>\u00a0<\/strong><\/td>\n<\/tr>\n<tr>\n<td width=\"112\">\n<p style=\"text-align: center;\"><strong>7.00<\/strong><\/p>\n<\/td>\n<td width=\"568\">+ Boles\u0142awa Goli\u0144skiego i Tadeusza oraz ich rodziny<\/td>\n<\/tr>\n<tr>\n<td width=\"112\">\n<p style=\"text-align: center;\"><strong>8.00<\/strong><\/p>\n<\/td>\n<td width=\"568\">+ J\u00f3zef\u0119 Maksimczyk (18 GR)<\/td>\n<\/tr>\n<tr>\n<td width=\"112\">\n<p style=\"text-align: center;\"><strong>18.00<\/strong><\/p>\n<\/td>\n<td width=\"568\">+ Helen\u0119, J\u00f3zefa, Waldemara, Barbar\u0119 Zbroszczyk, Jana Gli\u0144skiego<\/td>\n<\/tr>\n<\/tbody>\n<\/table>\n","protected":false},"excerpt":{"rendered":"<p>XVIII NIEDZIELA ZWYK\u0141A,\u00a012\u00a0 sierpnia\u00a0 2018 &nbsp; 7.00 + Boles\u0142awa, Stanis\u0142awa, Norberta Siwek, Wand\u0119, Boles\u0142awa Piotrowskich 8.30 + Adama, Stefana, Jolant\u0119 Jasie\u0144czuk, Ew\u0119, Tadeusza, Murawskich, Helen\u0119, Justyna(m), Zbyszka Borkowskich 10.00 + S\u0142awomira Kominek w\u00a0 4 r. \u015bm. oraz jego dziadk\u00f3w z obu stron 11.00 + Ameli\u0119, Ludwika Dzieciniak + Helen\u0119 Rzeszotarsk\u0105 12.30 + Piotra, Mariann\u0119, Adama [&hellip;]<\/p>\n","protected":false},"author":1,"featured_media":0,"comment_status":"closed","ping_status":"open","sticky":false,"template":"","format":"standard","meta":{"ngg_post_thumbnail":0,"footnotes":""},"categories":[6],"tags":[],"class_list":["post-1862","post","type-post","status-publish","format-standard","hentry","category-intencje-mszalne"],"_links":{"self":[{"href":"https:\/\/mbloretanska.pl\/index.php?rest_route=\/wp\/v2\/posts\/1862","targetHints":{"allow":["GET"]}}],"collection":[{"href":"https:\/\/mbloretanska.pl\/index.php?rest_route=\/wp\/v2\/posts"}],"about":[{"href":"https:\/\/mbloretanska.pl\/index.php?rest_route=\/wp\/v2\/types\/post"}],"author":[{"embeddable":true,"href":"https:\/\/mbloretanska.pl\/index.php?rest_route=\/wp\/v2\/users\/1"}],"replies":[{"embeddable":true,"href":"https:\/\/mbloretanska.pl\/index.php?rest_route=%2Fwp%2Fv2%2Fcomments&post=1862"}],"version-history":[{"count":2,"href":"https:\/\/mbloretanska.pl\/index.php?rest_route=\/wp\/v2\/posts\/1862\/revisions"}],"predecessor-version":[{"id":1864,"href":"https:\/\/mbloretanska.pl\/index.php?rest_route=\/wp\/v2\/posts\/1862\/revisions\/1864"}],"wp:attachment":[{"href":"https:\/\/mbloretanska.pl\/index.php?rest_route=%2Fwp%2Fv2%2Fmedia&parent=1862"}],"wp:term":[{"taxonomy":"category","embeddable":true,"href":"https:\/\/mbloretanska.pl\/index.php?rest_route=%2Fwp%2Fv2%2Fcategories&post=1862"},{"taxonomy":"post_tag","embeddable":true,"href":"https:\/\/mbloretanska.pl\/index.php?rest_route=%2Fwp%2Fv2%2Ftags&post=1862"}],"curies":[{"name":"wp","href":"https:\/\/api.w.org\/{rel}","templated":true}]}}