{"id":1855,"date":"2018-08-04T18:34:31","date_gmt":"2018-08-04T16:34:31","guid":{"rendered":"http:\/\/mbloretanska.pl\/?p=1855"},"modified":"2018-08-04T18:35:50","modified_gmt":"2018-08-04T16:35:50","slug":"xviii-niedziela-zwykla-5-sierpien-2018","status":"publish","type":"post","link":"https:\/\/mbloretanska.pl\/?p=1855","title":{"rendered":"XVIII niedziela zwyk\u0142a, 5 sierpie\u0144 2018"},"content":{"rendered":"<p><span style=\"color: #000000;\">1. Dzi\u015b z racji I niedzieli miesi\u0105ca o godz. 17.30 wystawienie Naj\u015bwi\u0119tszego Sakramentu i adoracja eucharystyczna. Jurto \u015bwi\u0119to Przemienienia Pa\u0144skiego. Zapraszamy na Msze \u015bw. o godz. 7.00, 8.00 i 18.00.<\/span><\/p>\n<p><span style=\"color: #000000;\">2. W \u015brod\u0119 8 sierpnia przypada 103 rocznica wyj\u015bcia wojsk rosyjskich z Pragi. Przypomina o tym tablica umieszczona na cokole figury Matki Bo\u017cej Kr\u00f3lowej naszego Narodu, kt\u00f3ra znajduje si\u0119 na naszym przyko\u015bcielnym cmentarzu. Z tej racji w najbli\u017csz\u0105 \u015brod\u0119 8 sierpnia o godz. 18.00 Ks. Bp Romuald Kami\u0144ski odprawi Msz\u0119 \u015bw. dzi\u0119kczynn\u0105 w intencji Ojczyzny, kt\u00f3ra \u015bwi\u0119tuje 100-n\u0105 rocznic\u0119 odzyskania niepodleg\u0142o\u015bci. Wszystkich parafian, czcicieli Matki Bo\u017cej Loreta\u0144skiej, mi\u0142o\u015bnik\u00f3w Pragi i tych, kt\u00f3rym sprawy Ojczyzny\u00a0 le\u017c\u0105 na sercu serdecznie zapraszamy do udzia\u0142u w tej uroczysto\u015bci.<\/span><\/p>\n<p><span style=\"color: #000000;\">3. Trwa nawiedzenie rodzin naszej parafii przez u\u015bwi\u0119cony Jasnog\u00f3rsk\u0105 Ikon\u0105 wizerunek Maryi.\u00a0 Osoby, kt\u00f3re chcia\u0142yby przyj\u0105\u0107 do siebie obraz Matki Bo\u017cej prosimy o zg\u0142oszenie si\u0119 do zakrystii.<\/span><\/p>\n<p><span style=\"color: #000000;\">4. Od 1 wrze\u015bnia tego roku b\u0119dzie ju\u017c dost\u0119pna ksi\u0105\u017cka intencji mszalnych na przysz\u0142y rok 2019. Wtedy b\u0119dziemy mogli zamawia\u0107 intencje Mszy \u015bwi\u0119tych na kolejny rok. Wyj\u0105tkiem s\u0105 \u015bluby, kt\u00f3rych terminy mo\u017cna i trzeba rezerwowa\u0107 z wyprzedzeniem czasowym.<\/span><\/p>\n<p><span style=\"color: #000000;\">5. Pami\u0119tajmy w modlitwach o wszystkich pielgrzymach z naszej parafii, kt\u00f3rzy wyruszyli na Jasna G\u00f3r\u0119, a szczeg\u00f3lnie o ks. Jarku i ca\u0142ej grupie fioletowej. Wspierajmy ich duchowo w czasie p\u0105tniczego trudu.<\/span><\/p>\n<p><span style=\"color: #000000;\">6. W porozumieniu i za zgod\u0105 mazowieckiego, wojew\u00f3dzkiego konserwatora zabytk\u00f3w oraz wydzia\u0142u ochrony \u015brodowiska dzielnicy Praga-P\u00f3\u0142noc rozpocz\u0119li\u015bmy usuwanie suchych i chorych ga\u0142\u0119zi z drzew rosn\u0105cych na terenie ko\u015bcio\u0142a. Dotyczy to szczeg\u00f3lnie tych ga\u0142\u0119zi, kt\u00f3re zagra\u017caj\u0105 ludzkiemu zdrowiu i \u017cyciu. Wiele naszych drzew powa\u017cnie choruje i st\u0105d konieczne s\u0105 takie dzia\u0142ania, kt\u00f3re patrz\u0105c z daleka wydaj\u0105 si\u0119 by\u0107 zbyt radykalne. Podejmuj\u0105c prace kierujemy si\u0119 wy\u0142\u0105cznie wzgl\u0119dami bezpiecze\u0144stwa i trosk\u0105 o to, aby uratowa\u0107 z naszej zieleni wszystko to, co jest mo\u017cliwe do uratowania. Dzi\u0119kujemy za zrozumienie w tej sprawie.<\/span><\/p>\n<p><span style=\"color: #000000;\">7. Na stoliku prasowym znajdziemy tygodnik<i> Idziemy<\/i> oraz gazetk\u0119 parafialn\u0105 <i>We\u017a Ewangeli\u0119\u00a0 do domu.<\/i><\/span><\/p>\n","protected":false},"excerpt":{"rendered":"<p>1. Dzi\u015b z racji I niedzieli miesi\u0105ca o godz. 17.30 wystawienie Naj\u015bwi\u0119tszego Sakramentu i adoracja eucharystyczna. Jurto \u015bwi\u0119to Przemienienia Pa\u0144skiego. Zapraszamy na Msze \u015bw. o godz. 7.00, 8.00 i 18.00. 2. W \u015brod\u0119 8 sierpnia przypada 103 rocznica wyj\u015bcia wojsk rosyjskich z Pragi. Przypomina o tym tablica umieszczona na cokole figury Matki Bo\u017cej Kr\u00f3lowej naszego [&hellip;]<\/p>\n","protected":false},"author":1,"featured_media":0,"comment_status":"closed","ping_status":"open","sticky":false,"template":"","format":"standard","meta":{"ngg_post_thumbnail":0,"footnotes":""},"categories":[3],"tags":[],"class_list":["post-1855","post","type-post","status-publish","format-standard","hentry","category-ogloszenia-duszpasterskie"],"_links":{"self":[{"href":"https:\/\/mbloretanska.pl\/index.php?rest_route=\/wp\/v2\/posts\/1855","targetHints":{"allow":["GET"]}}],"collection":[{"href":"https:\/\/mbloretanska.pl\/index.php?rest_route=\/wp\/v2\/posts"}],"about":[{"href":"https:\/\/mbloretanska.pl\/index.php?rest_route=\/wp\/v2\/types\/post"}],"author":[{"embeddable":true,"href":"https:\/\/mbloretanska.pl\/index.php?rest_route=\/wp\/v2\/users\/1"}],"replies":[{"embeddable":true,"href":"https:\/\/mbloretanska.pl\/index.php?rest_route=%2Fwp%2Fv2%2Fcomments&post=1855"}],"version-history":[{"count":3,"href":"https:\/\/mbloretanska.pl\/index.php?rest_route=\/wp\/v2\/posts\/1855\/revisions"}],"predecessor-version":[{"id":1857,"href":"https:\/\/mbloretanska.pl\/index.php?rest_route=\/wp\/v2\/posts\/1855\/revisions\/1857"}],"wp:attachment":[{"href":"https:\/\/mbloretanska.pl\/index.php?rest_route=%2Fwp%2Fv2%2Fmedia&parent=1855"}],"wp:term":[{"taxonomy":"category","embeddable":true,"href":"https:\/\/mbloretanska.pl\/index.php?rest_route=%2Fwp%2Fv2%2Fcategories&post=1855"},{"taxonomy":"post_tag","embeddable":true,"href":"https:\/\/mbloretanska.pl\/index.php?rest_route=%2Fwp%2Fv2%2Ftags&post=1855"}],"curies":[{"name":"wp","href":"https:\/\/api.w.org\/{rel}","templated":true}]}}