{"id":1829,"date":"2018-07-22T08:16:29","date_gmt":"2018-07-22T06:16:29","guid":{"rendered":"http:\/\/mbloretanska.pl\/?p=1829"},"modified":"2018-07-22T08:20:00","modified_gmt":"2018-07-22T06:20:00","slug":"intencje-mszalne-22-28-07-2018","status":"publish","type":"post","link":"https:\/\/mbloretanska.pl\/?p=1829","title":{"rendered":"intencje mszalne, 22-28.07.2018"},"content":{"rendered":"<table width=\"680\">\n<tbody>\n<tr>\n<td colspan=\"2\" width=\"680\">\n<p style=\"text-align: center;\"><strong>XVI NIEDZIELA ZWYK\u0141A\u00a0<\/strong>22\u00a0 lipca 2018<\/p>\n<\/td>\n<\/tr>\n<tr>\n<td colspan=\"2\" width=\"680\"><\/td>\n<\/tr>\n<tr>\n<td style=\"text-align: center;\" width=\"112\"><strong>7.00<\/strong><\/td>\n<td width=\"568\">+ Stanis\u0142awa Surowiec w 9 r. \u015bmierci<\/td>\n<\/tr>\n<tr>\n<td style=\"text-align: center;\" width=\"112\"><strong>8.30<\/strong><\/td>\n<td width=\"568\">+ rodzic\u00f3w i brata: Ann\u0119, Stefana, Janka Dietrych\u00f3w, Ann\u0119 Kurylak, ma\u0142\u017conk\u00f3w Salwarowskich, Mari\u0119 Zygmuntowicz<\/td>\n<\/tr>\n<tr>\n<td style=\"text-align: center;\" width=\"112\"><strong>10.00<\/strong><\/td>\n<td width=\"568\">1. + Wies\u0142aw\u0119 Bie\u0144 (22 GR)<\/p>\n<p>2. + Waldemara Bejma w 1 r. \u015bmierci<\/td>\n<\/tr>\n<tr>\n<td style=\"text-align: center;\" width=\"112\"><strong>11.00<\/strong><\/td>\n<td width=\"568\">+ Stefani\u0119, Stanis\u0142aw\u0119 i Aleksandra Horowaj<\/td>\n<\/tr>\n<tr>\n<td style=\"text-align: center;\" width=\"112\"><strong>12.30<\/strong><\/td>\n<td width=\"568\">+ Ewelin\u0119 i Micha\u0142a Frid<\/p>\n<p>Chrzest:<br \/>\n1. Alan J\u00f3zefiak<br \/>\n2. Eliza Wieczorek<br \/>\n3. Miko\u0142aj Wojtczak<br \/>\n4. Alicja Kopytowska<\/td>\n<\/tr>\n<tr>\n<td style=\"text-align: center;\" width=\"112\"><strong>18.00<\/strong><\/td>\n<td width=\"568\">+ Jadwig\u0119, J\u00f3zefa, C.R. Jeleni i Bandurskich<\/td>\n<\/tr>\n<tr>\n<td colspan=\"2\" width=\"680\">\n<p style=\"text-align: center;\"><strong>Poniedzia\u0142ek<\/strong>\u00a0 23 lipca 2018<\/p>\n<\/td>\n<\/tr>\n<tr>\n<td colspan=\"2\" width=\"680\"><strong>\u00a0<\/strong><\/td>\n<\/tr>\n<tr>\n<td style=\"text-align: center;\" width=\"112\"><strong>7.00<\/strong><\/td>\n<td width=\"568\">+ Wies\u0142aw\u0119 Bie\u0144 (23 GR)<\/td>\n<\/tr>\n<tr>\n<td style=\"text-align: center;\" width=\"112\"><strong>8.00<\/strong><\/td>\n<td width=\"568\">+ Jacka Jackowskiego w 11 r. \u015bmierci, jego ojca Wies\u0142awa w 39 r. \u015bm., C.R. Jackowskich, Janin\u0119, Micha\u0142a Wierzb\u00f3w, ich rodzic\u00f3w, Ma\u0142gorzat\u0119 i C.R. Zwierzy\u0144skich<\/td>\n<\/tr>\n<tr>\n<td style=\"text-align: center;\" width=\"112\"><strong>18.00<\/strong><\/td>\n<td width=\"568\">+ Aleksandra De\u0142bakowskiego w 19 r. \u015bmierci<\/td>\n<\/tr>\n<tr>\n<td colspan=\"2\" width=\"680\">\n<p style=\"text-align: center;\"><strong>Wtorek <\/strong>24 lipca 2018<\/p>\n<\/td>\n<\/tr>\n<tr>\n<td colspan=\"2\" width=\"680\"><strong>\u00a0<\/strong><\/td>\n<\/tr>\n<tr>\n<td style=\"text-align: center;\" width=\"112\"><strong>7.00<\/strong><\/td>\n<td width=\"568\">O \u0142ask\u0119 zdrowia dla Agnieszki Krawczyk<\/td>\n<\/tr>\n<tr>\n<td style=\"text-align: center;\" width=\"112\"><strong>8.00<\/strong><\/td>\n<td width=\"568\">+ Wies\u0142aw\u0119 Bie\u0144 (24 GR)<\/td>\n<\/tr>\n<tr>\n<td style=\"text-align: center;\" width=\"112\"><strong>18.00<\/strong><\/td>\n<td width=\"568\">+ Boles\u0142awa Matuszewskiego w 35 r. \u015bmierci<\/td>\n<\/tr>\n<tr>\n<td colspan=\"2\" width=\"680\">\n<p style=\"text-align: center;\"><strong>\u015aroda<\/strong>\u00a0 25 lipca 2018<\/p>\n<\/td>\n<\/tr>\n<tr>\n<td colspan=\"2\" width=\"680\"><strong>\u00a0<\/strong><\/td>\n<\/tr>\n<tr>\n<td style=\"text-align: center;\" width=\"112\"><strong>7.00<\/strong><\/td>\n<td width=\"568\">1.) + Wies\u0142aw\u0119 Bie\u0144 (25 GR)<\/p>\n<p>2.) + Marzen\u0119 Zuzann\u0119 Krawczyk w 30 dni po \u015bmierci<\/td>\n<\/tr>\n<tr>\n<td style=\"text-align: center;\" width=\"112\"><strong>8.00<\/strong><\/td>\n<td width=\"568\">+ Teres\u0119 Helen\u0119 Zar\u0119ba<\/td>\n<\/tr>\n<tr>\n<td style=\"text-align: center;\" width=\"112\"><strong>17.45<\/strong><\/td>\n<td width=\"568\">NOWENNA DO MATKI BO\u017bEJ NIEUSTAJ\u0104CEJ POMOCY I MSZA \u015aWI\u0118TA<\/td>\n<\/tr>\n<tr>\n<td colspan=\"2\" width=\"680\">\n<p style=\"text-align: center;\"><strong>Czwartek<\/strong>\u00a0 26 lipca 2018<\/p>\n<\/td>\n<\/tr>\n<tr>\n<td colspan=\"2\" width=\"680\"><strong>\u00a0<\/strong><\/td>\n<\/tr>\n<tr>\n<td style=\"text-align: center;\" width=\"112\"><strong>7.00<\/strong><\/td>\n<td width=\"568\">+ Wies\u0142aw\u0119 Bie\u0144 (26 GR)<\/td>\n<\/tr>\n<tr>\n<td style=\"text-align: center;\" width=\"112\"><strong>8.00<\/strong><\/td>\n<td width=\"568\">O potrzebne \u0142aski, zdrowie, Bo\u017ce b\u0142ogos\u0142awie\u0144stwo, dary Ducha \u015aw. i opiek\u0119 MB Loreta\u0144skiej dla Miros\u0142awy<\/td>\n<\/tr>\n<tr>\n<td style=\"text-align: center;\" width=\"112\"><strong>18.00<\/strong><\/td>\n<td width=\"568\">+ Ann\u0119, Antoniego, Andrzeja, Wand\u0119 Staszkiewicz<\/td>\n<\/tr>\n<tr>\n<td style=\"text-align: center;\" colspan=\"2\" width=\"680\"><strong>Pi\u0105tek <\/strong>27 lipca \u00a02018<\/td>\n<\/tr>\n<tr>\n<td colspan=\"2\" width=\"680\"><strong>\u00a0<\/strong><\/td>\n<\/tr>\n<tr>\n<td style=\"text-align: center;\" width=\"112\"><strong>7.00<\/strong><\/td>\n<td width=\"568\">+ Wies\u0142aw\u0119 Bie\u0144 (27 GR)<\/td>\n<\/tr>\n<tr>\n<td style=\"text-align: center;\" width=\"112\"><strong>8.00<\/strong><\/td>\n<td width=\"568\">+ Krzysztofa Tylka<\/td>\n<\/tr>\n<tr>\n<td style=\"text-align: center;\" width=\"112\"><strong>18.00<\/strong><\/td>\n<td width=\"568\">Dzi\u0119kczynno \u2013 b\u0142agalna z pro\u015bb\u0105 o zdrowie, opiek\u0119 MB Loreta\u0144skiej i potrzebne \u0142aski dla Roberta w 60 r. urodzin<\/td>\n<\/tr>\n<tr>\n<td colspan=\"2\" width=\"680\">\n<p style=\"text-align: center;\"><strong>Sobota<\/strong> 28 lipca \u00a02018<\/p>\n<\/td>\n<\/tr>\n<tr>\n<td colspan=\"2\" width=\"680\"><strong>\u00a0<\/strong><\/td>\n<\/tr>\n<tr>\n<td style=\"text-align: center;\" width=\"112\"><strong>7.00<\/strong><\/td>\n<td width=\"568\">+ Rocha Kowalskiego (362 r. \u015bmierci)i wszystkich poleg\u0142ych w bitwie o Warszaw\u0119 oraz Jerzego Wieteska w 6 r. \u015bmierci<\/td>\n<\/tr>\n<tr>\n<td style=\"text-align: center;\" width=\"112\"><strong>8.00<\/strong><\/td>\n<td width=\"568\">+ Roman\u0119 Grudzie\u0144 w 10 r. \u015bmierci<\/td>\n<\/tr>\n<tr>\n<td style=\"text-align: center;\" width=\"112\"><strong>18.00<\/strong><\/td>\n<td width=\"568\">+ Wies\u0142aw\u0119 Bie\u0144 (28 GR)<\/td>\n<\/tr>\n<\/tbody>\n<\/table>\n<p>&nbsp;<\/p>\n<p>&nbsp;<\/p>\n","protected":false},"excerpt":{"rendered":"<p>XVI NIEDZIELA ZWYK\u0141A\u00a022\u00a0 lipca 2018 7.00 + Stanis\u0142awa Surowiec w 9 r. \u015bmierci 8.30 + rodzic\u00f3w i brata: Ann\u0119, Stefana, Janka Dietrych\u00f3w, Ann\u0119 Kurylak, ma\u0142\u017conk\u00f3w Salwarowskich, Mari\u0119 Zygmuntowicz 10.00 1. + Wies\u0142aw\u0119 Bie\u0144 (22 GR) 2. + Waldemara Bejma w 1 r. \u015bmierci 11.00 + Stefani\u0119, Stanis\u0142aw\u0119 i Aleksandra Horowaj 12.30 + Ewelin\u0119 i Micha\u0142a [&hellip;]<\/p>\n","protected":false},"author":1,"featured_media":0,"comment_status":"closed","ping_status":"open","sticky":false,"template":"","format":"standard","meta":{"ngg_post_thumbnail":0,"footnotes":""},"categories":[6],"tags":[],"class_list":["post-1829","post","type-post","status-publish","format-standard","hentry","category-intencje-mszalne"],"_links":{"self":[{"href":"https:\/\/mbloretanska.pl\/index.php?rest_route=\/wp\/v2\/posts\/1829","targetHints":{"allow":["GET"]}}],"collection":[{"href":"https:\/\/mbloretanska.pl\/index.php?rest_route=\/wp\/v2\/posts"}],"about":[{"href":"https:\/\/mbloretanska.pl\/index.php?rest_route=\/wp\/v2\/types\/post"}],"author":[{"embeddable":true,"href":"https:\/\/mbloretanska.pl\/index.php?rest_route=\/wp\/v2\/users\/1"}],"replies":[{"embeddable":true,"href":"https:\/\/mbloretanska.pl\/index.php?rest_route=%2Fwp%2Fv2%2Fcomments&post=1829"}],"version-history":[{"count":4,"href":"https:\/\/mbloretanska.pl\/index.php?rest_route=\/wp\/v2\/posts\/1829\/revisions"}],"predecessor-version":[{"id":1831,"href":"https:\/\/mbloretanska.pl\/index.php?rest_route=\/wp\/v2\/posts\/1829\/revisions\/1831"}],"wp:attachment":[{"href":"https:\/\/mbloretanska.pl\/index.php?rest_route=%2Fwp%2Fv2%2Fmedia&parent=1829"}],"wp:term":[{"taxonomy":"category","embeddable":true,"href":"https:\/\/mbloretanska.pl\/index.php?rest_route=%2Fwp%2Fv2%2Fcategories&post=1829"},{"taxonomy":"post_tag","embeddable":true,"href":"https:\/\/mbloretanska.pl\/index.php?rest_route=%2Fwp%2Fv2%2Ftags&post=1829"}],"curies":[{"name":"wp","href":"https:\/\/api.w.org\/{rel}","templated":true}]}}