{"id":1815,"date":"2018-07-13T13:25:05","date_gmt":"2018-07-13T11:25:05","guid":{"rendered":"http:\/\/mbloretanska.pl\/?p=1815"},"modified":"2018-07-16T13:47:25","modified_gmt":"2018-07-16T11:47:25","slug":"xv-niedziela-zwykla-15-lipca-2018","status":"publish","type":"post","link":"https:\/\/mbloretanska.pl\/?p=1815","title":{"rendered":"XV NIEDZIELA ZWYK\u0141A, 15 LIPCA 2018"},"content":{"rendered":"<ol>\n<li>W poniedzia\u0142ek wspomnienie NMP z G\u00f3ry Karmel, dzie\u0144 patronalny nosz\u0105cych szkaplerz karmelita\u0144ski. Na Mszy wieczornej b\u0119dzie mo\u017cliwo\u015b\u0107 przyj\u0119cia szkaplerza. Ch\u0119tne osoby prosimy o zapisanie si\u0119 w zakrystii.<\/li>\n<li>We wtorek i czwartek s\u0105 jeszcze wolne intencje na mszach porannych.<\/li>\n<li>Przy ogrodzeniu ko\u015bcio\u0142a, u zbiegu ul. Ratuszowej i Jagiello\u0144skiej zostanie uruchomiona tzw. \u201eJad\u0142odzielnia\u201d &#8211; szafka na suche produkty \u017cywno\u015bciowe, kt\u00f3re b\u0119dzie mo\u017cna zostawi\u0107, aby kto\u015b potrzebuj\u0105cy m\u00f3g\u0142 z nich skorzysta\u0107. Otwarcie Jad\u0142odzielni zaplanowane jest na wtorek 17.07 o g. 17.00. Serdecznie zapraszamy naszych\u00a0 parafian do wspierania inicjatywy \u201ePodziel si\u0119 \u017cywno\u015bci\u0105 na Pradze\u201d.<\/li>\n<li>Trwa nawiedzenie rodzin naszej parafii przez u\u015bwi\u0119cony Jasnog\u00f3rsk\u0105 Ikon\u0105 wizerunek Maryi.\u00a0 Osoby, kt\u00f3re chcia\u0142yby przyj\u0105\u0107 do siebie obraz Matki Bo\u017cej prosimy o kontakt w zakrystii.<\/li>\n<li>Za tydzie\u0144, w niedziel\u0119 22 lipca z racji wspomnienia \u015bw. Krzysztofa\u00a0patrona kierowc\u00f3w, na ka\u017cdej Mszy \u015aw. b\u0119dzie specjalne b\u0142ogos\u0142awie\u0144stwo dla wszystkich uczestnik\u00f3w ruchu drogowego. Gdyby kto\u015b chcia\u0142 indywidualnie po\u015bwi\u0119ci\u0107 swoje auto, motocykl, skuter, rower lub hulajnog\u0119, zapraszamy w tygodniu po Mszy \u015bw. na parking przy plebanii.<\/li>\n<li>M\u0142odzie\u017c licealn\u0105, student\u00f3w i starszych zapraszamy na Pielgrzymk\u0119 Akademick\u0105 na Jasn\u0105 G\u00f3r\u0119 w dniach 5-14 sierpnia. Polecamy grup\u0119 fioletow\u0105, kt\u00f3rej przewodnikiem jest ks. Jarek, Szczeg\u00f3\u0142y na plakacie oraz osobi\u015bcie u ks. Jarka.<\/li>\n<li>Na stoliku prasowym znajdziemy tygodnik\u00a0<em>Idziemy<\/em>\u00a0z ciekaw\u0105 lektur\u0105 na wakacje, mi\u0119dzy innymi o pielgrzymkach na Jasn\u0105 G\u00f3r\u0119 oraz gazetk\u0119 parafialn\u0105\u00a0<em>We\u017a Ewangeli\u0119\u00a0do domu\u00a0<\/em>z aktualnymi og\u0142oszeniami i tekstami S\u0142owa Bo\u017cego.<\/li>\n<li>Wszystkim naszym parafianom i go\u015bciom \u017cyczymy mi\u0142ej, udanej niedzieli i dobrego, b\u0142ogos\u0142awionego tygodnia.<\/li>\n<\/ol>\n","protected":false},"excerpt":{"rendered":"<p>W poniedzia\u0142ek wspomnienie NMP z G\u00f3ry Karmel, dzie\u0144 patronalny nosz\u0105cych szkaplerz karmelita\u0144ski. Na Mszy wieczornej b\u0119dzie mo\u017cliwo\u015b\u0107 przyj\u0119cia szkaplerza. Ch\u0119tne osoby prosimy o zapisanie si\u0119 w zakrystii. We wtorek i czwartek s\u0105 jeszcze wolne intencje na mszach porannych. Przy ogrodzeniu ko\u015bcio\u0142a, u zbiegu ul. Ratuszowej i Jagiello\u0144skiej zostanie uruchomiona tzw. \u201eJad\u0142odzielnia\u201d &#8211; szafka na suche [&hellip;]<\/p>\n","protected":false},"author":1,"featured_media":0,"comment_status":"closed","ping_status":"open","sticky":false,"template":"","format":"standard","meta":{"ngg_post_thumbnail":0,"footnotes":""},"categories":[3],"tags":[],"class_list":["post-1815","post","type-post","status-publish","format-standard","hentry","category-ogloszenia-duszpasterskie"],"_links":{"self":[{"href":"https:\/\/mbloretanska.pl\/index.php?rest_route=\/wp\/v2\/posts\/1815","targetHints":{"allow":["GET"]}}],"collection":[{"href":"https:\/\/mbloretanska.pl\/index.php?rest_route=\/wp\/v2\/posts"}],"about":[{"href":"https:\/\/mbloretanska.pl\/index.php?rest_route=\/wp\/v2\/types\/post"}],"author":[{"embeddable":true,"href":"https:\/\/mbloretanska.pl\/index.php?rest_route=\/wp\/v2\/users\/1"}],"replies":[{"embeddable":true,"href":"https:\/\/mbloretanska.pl\/index.php?rest_route=%2Fwp%2Fv2%2Fcomments&post=1815"}],"version-history":[{"count":4,"href":"https:\/\/mbloretanska.pl\/index.php?rest_route=\/wp\/v2\/posts\/1815\/revisions"}],"predecessor-version":[{"id":1824,"href":"https:\/\/mbloretanska.pl\/index.php?rest_route=\/wp\/v2\/posts\/1815\/revisions\/1824"}],"wp:attachment":[{"href":"https:\/\/mbloretanska.pl\/index.php?rest_route=%2Fwp%2Fv2%2Fmedia&parent=1815"}],"wp:term":[{"taxonomy":"category","embeddable":true,"href":"https:\/\/mbloretanska.pl\/index.php?rest_route=%2Fwp%2Fv2%2Fcategories&post=1815"},{"taxonomy":"post_tag","embeddable":true,"href":"https:\/\/mbloretanska.pl\/index.php?rest_route=%2Fwp%2Fv2%2Ftags&post=1815"}],"curies":[{"name":"wp","href":"https:\/\/api.w.org\/{rel}","templated":true}]}}