{"id":1812,"date":"2018-07-13T13:23:02","date_gmt":"2018-07-13T11:23:02","guid":{"rendered":"http:\/\/mbloretanska.pl\/?p=1812"},"modified":"2018-07-16T13:40:55","modified_gmt":"2018-07-16T11:40:55","slug":"intencje-mszalne-15-07-21-07-2018","status":"publish","type":"post","link":"https:\/\/mbloretanska.pl\/?p=1812","title":{"rendered":"intencje mszalne 15.07-21.07.2018"},"content":{"rendered":"<table width=\"680\">\n<tbody>\n<tr>\n<td colspan=\"2\" width=\"680\">\n<p style=\"text-align: center;\"><strong>XV NIEDZIELA ZWYK\u0141A,\u00a0<\/strong>15 \u00a0lipca 2018<\/p>\n<\/td>\n<\/tr>\n<tr>\n<td colspan=\"2\" width=\"680\"><\/td>\n<\/tr>\n<tr>\n<td width=\"112\">\n<p style=\"text-align: center;\"><strong>7.00<\/strong><\/p>\n<\/td>\n<td width=\"568\">+ Genowef\u0119 Starzyk w 18 r. \u015bmierci, Stanis\u0142awa \u0141\u0105ckiego w 37 r. \u015bmierci, zmar\u0142ych rodzic\u00f3w i rodze\u0144stwo<\/td>\n<\/tr>\n<tr>\n<td width=\"112\">\n<p style=\"text-align: center;\"><strong>8.30<\/strong><\/p>\n<\/td>\n<td width=\"568\">+ Sebastiana Jab\u0142o\u0144skiego w 10 r. \u015bm.<\/td>\n<\/tr>\n<tr>\n<td width=\"112\">\n<p style=\"text-align: center;\"><strong>10.00<\/strong><\/p>\n<\/td>\n<td width=\"568\">+ Mariana \u017bo\u0142\u0105dka, C.R. \u017bo\u0142\u0105dk\u00f3w, Sadoch i Salach<\/td>\n<\/tr>\n<tr>\n<td width=\"112\">\n<p style=\"text-align: center;\"><strong>11.00<\/strong><\/p>\n<\/td>\n<td width=\"568\">+ Antoniego \u017bbikowskiego w 25 r. \u015bm., jego rodzic\u00f3w Kazimier\u0119 i Antoniego \u017bbikowskich<\/td>\n<\/tr>\n<tr>\n<td width=\"112\">\n<p style=\"text-align: center;\"><strong>12.30<\/strong><\/p>\n<\/td>\n<td width=\"568\">+ Wies\u0142aw\u0119 Bie\u0144 (15 GR)<\/p>\n<p>Chrzest: Wiktor Jan Koncewicz<\/td>\n<\/tr>\n<tr>\n<td width=\"112\">\n<p style=\"text-align: center;\"><strong>18.00<\/strong><\/p>\n<\/td>\n<td width=\"568\">+ W\u0142odzimierza Wojcieszuka z racji imienin<\/td>\n<\/tr>\n<tr>\n<td colspan=\"2\" width=\"680\">\n<p style=\"text-align: center;\"><strong>Poniedzia\u0142ek,<\/strong>\u00a0 16 lipca 2018<\/p>\n<\/td>\n<\/tr>\n<tr>\n<td colspan=\"2\" width=\"680\"><strong>\u00a0<\/strong><\/td>\n<\/tr>\n<tr>\n<td width=\"112\">\n<p style=\"text-align: center;\"><strong>7.00<\/strong><\/p>\n<\/td>\n<td width=\"568\">+ Andrzeja Leppera (o wieczny pok\u00f3j i zbawienie)<\/td>\n<\/tr>\n<tr>\n<td width=\"112\">\n<p style=\"text-align: center;\"><strong>8.00<\/strong><\/p>\n<\/td>\n<td width=\"568\">+ Wies\u0142aw\u0119 Bie\u0144 (16 GR)<\/td>\n<\/tr>\n<tr>\n<td width=\"112\">\n<p style=\"text-align: center;\"><strong>18.00<\/strong><\/p>\n<\/td>\n<td width=\"568\">+ C.R. Osowieckich, Gadomskich, Kowalskich i Winter\u00f3w<\/td>\n<\/tr>\n<tr>\n<td colspan=\"2\" width=\"680\">\n<p style=\"text-align: center;\"><strong>Wtorek,\u00a0<\/strong>17 lipca 2018<\/p>\n<\/td>\n<\/tr>\n<tr>\n<td colspan=\"2\" width=\"680\"><strong>\u00a0<\/strong><\/td>\n<\/tr>\n<tr>\n<td width=\"112\">\n<p style=\"text-align: center;\"><strong>7.00<\/strong><\/p>\n<\/td>\n<td width=\"568\">\u00a0+ Henryka Wardaka i C.R.<\/td>\n<\/tr>\n<tr>\n<td width=\"112\">\n<p style=\"text-align: center;\"><strong>8.00<\/strong><\/p>\n<\/td>\n<td width=\"568\">+ Teres\u0119 Helen\u0119 Zar\u0119ba w 30 dni po \u015bmierci<\/td>\n<\/tr>\n<tr>\n<td width=\"112\">\n<p style=\"text-align: center;\"><strong>18.00<\/strong><\/p>\n<\/td>\n<td width=\"568\">+ Wies\u0142aw\u0119 Bie\u0144 (17 GR)<\/td>\n<\/tr>\n<tr>\n<td colspan=\"2\" width=\"680\">\n<p style=\"text-align: center;\"><strong>\u015aroda,<\/strong>\u00a0 18 lipca 2018<\/p>\n<\/td>\n<\/tr>\n<tr>\n<td colspan=\"2\" width=\"680\"><strong>\u00a0<\/strong><\/td>\n<\/tr>\n<tr>\n<td width=\"112\">\n<p style=\"text-align: center;\"><strong>7.00<\/strong><\/p>\n<\/td>\n<td width=\"568\">+ Wies\u0142aw\u0119 Bie\u0144 (18 GR)<\/td>\n<\/tr>\n<tr>\n<td width=\"112\">\n<p style=\"text-align: center;\"><strong>8.00<\/strong><\/p>\n<\/td>\n<td width=\"568\">+ Franciszka Urbanka w 11 r. \u015bm.<\/td>\n<\/tr>\n<tr>\n<td width=\"112\">\n<p style=\"text-align: center;\"><strong>17.45<\/strong><\/p>\n<\/td>\n<td width=\"568\">NOWENNA DO MATKI BO\u017bEJ NIEUSTAJ\u0104CEJ POMOCY I MSZA \u015aWI\u0118TA<\/td>\n<\/tr>\n<tr>\n<td colspan=\"2\" width=\"680\">\n<p style=\"text-align: center;\"><strong>Czwartek,<\/strong>\u00a0 19 lipca 2018<\/p>\n<\/td>\n<\/tr>\n<tr>\n<td colspan=\"2\" width=\"680\"><strong>\u00a0<\/strong><\/td>\n<\/tr>\n<tr>\n<td width=\"112\">\n<p style=\"text-align: center;\"><strong>7.00<\/strong><\/p>\n<\/td>\n<td width=\"568\">+ Krzysztofa Kosiorka (od kierownictwa i pracownik\u00f3w Zak\u0142adu Linii Kolejowych w Warszawie)<\/td>\n<\/tr>\n<tr>\n<td width=\"112\">\n<p style=\"text-align: center;\"><strong>8.30<\/strong><\/p>\n<\/td>\n<td width=\"568\">+ Krystyn\u0119 i Antoniego D\u0105browskich<\/td>\n<\/tr>\n<tr>\n<td width=\"112\">\n<p style=\"text-align: center;\"><strong>18.00<\/strong><\/p>\n<\/td>\n<td width=\"568\">+ Wies\u0142aw\u0119 Bie\u0144 (19 GR)<\/td>\n<\/tr>\n<tr>\n<td colspan=\"2\" width=\"680\">\n<p style=\"text-align: center;\"><strong>Pi\u0105tek,\u00a0<\/strong>20 lipca \u00a02018<\/p>\n<\/td>\n<\/tr>\n<tr>\n<td colspan=\"2\" width=\"680\"><strong>\u00a0<\/strong><\/td>\n<\/tr>\n<tr>\n<td width=\"112\">\n<p style=\"text-align: center;\"><strong>7.00<\/strong><\/p>\n<\/td>\n<td width=\"568\">+ Wies\u0142aw\u0119 Bie\u0144 (20 GR)<\/td>\n<\/tr>\n<tr>\n<td width=\"112\">\n<p style=\"text-align: center;\"><strong>8.00<\/strong><\/p>\n<\/td>\n<td width=\"568\">Dzi\u0119kczynno \u2013 b\u0142agalna o Bo\u017ce b\u0142ogos\u0142awie\u0144stwo, zdrowie, dary Ducha \u015aw. i opiek\u0119 MB Loreta\u0144skiej dla Czes\u0142awy (im.)<\/td>\n<\/tr>\n<tr>\n<td width=\"112\">\n<p style=\"text-align: center;\"><strong>18.00<\/strong><\/p>\n<\/td>\n<td width=\"568\">+ Czes\u0142awa Raczkowskiego (im.)<\/td>\n<\/tr>\n<tr>\n<td colspan=\"2\" width=\"680\">\n<p style=\"text-align: center;\"><strong>Sobota,<\/strong> 21 lipca \u00a02018<\/p>\n<\/td>\n<\/tr>\n<tr>\n<td colspan=\"2\" width=\"680\"><strong>\u00a0<\/strong><\/td>\n<\/tr>\n<tr>\n<td width=\"112\">\n<p style=\"text-align: center;\"><strong>7.00<\/strong><\/p>\n<\/td>\n<td width=\"568\">+ Jolant\u0119 W\u00f3jcick\u0105 w 11 r. \u015bm.<\/td>\n<\/tr>\n<tr>\n<td width=\"112\">\n<p style=\"text-align: center;\"><strong>8.00<\/strong><\/p>\n<\/td>\n<td width=\"568\">+ Wies\u0142aw\u0119 Bie\u0144 (21 GR)<\/td>\n<\/tr>\n<tr>\n<td width=\"112\">\n<p style=\"text-align: center;\"><strong>18.00<\/strong><\/p>\n<\/td>\n<td width=\"568\">+ Janusza (12 r. \u015bm.), Genowef\u0119, Wiktora, Paw\u0142a Jasi\u0144skich, Jana, Aniel\u0119, Stanis\u0142aw\u0119, Piotra Zieli\u0144skich, Tomasza Kwas<\/td>\n<\/tr>\n<tr>\n<td width=\"112\">\n<p style=\"text-align: center;\"><strong>18.00<\/strong><\/p>\n<\/td>\n<td width=\"568\">+ Waldemara Krasnod\u0119bskiego<\/td>\n<\/tr>\n<\/tbody>\n<\/table>\n","protected":false},"excerpt":{"rendered":"<p>XV NIEDZIELA ZWYK\u0141A,\u00a015 \u00a0lipca 2018 7.00 + Genowef\u0119 Starzyk w 18 r. \u015bmierci, Stanis\u0142awa \u0141\u0105ckiego w 37 r. \u015bmierci, zmar\u0142ych rodzic\u00f3w i rodze\u0144stwo 8.30 + Sebastiana Jab\u0142o\u0144skiego w 10 r. \u015bm. 10.00 + Mariana \u017bo\u0142\u0105dka, C.R. \u017bo\u0142\u0105dk\u00f3w, Sadoch i Salach 11.00 + Antoniego \u017bbikowskiego w 25 r. \u015bm., jego rodzic\u00f3w Kazimier\u0119 i Antoniego \u017bbikowskich 12.30 [&hellip;]<\/p>\n","protected":false},"author":1,"featured_media":0,"comment_status":"closed","ping_status":"open","sticky":false,"template":"","format":"standard","meta":{"ngg_post_thumbnail":0,"footnotes":""},"categories":[6],"tags":[],"class_list":["post-1812","post","type-post","status-publish","format-standard","hentry","category-intencje-mszalne"],"_links":{"self":[{"href":"https:\/\/mbloretanska.pl\/index.php?rest_route=\/wp\/v2\/posts\/1812","targetHints":{"allow":["GET"]}}],"collection":[{"href":"https:\/\/mbloretanska.pl\/index.php?rest_route=\/wp\/v2\/posts"}],"about":[{"href":"https:\/\/mbloretanska.pl\/index.php?rest_route=\/wp\/v2\/types\/post"}],"author":[{"embeddable":true,"href":"https:\/\/mbloretanska.pl\/index.php?rest_route=\/wp\/v2\/users\/1"}],"replies":[{"embeddable":true,"href":"https:\/\/mbloretanska.pl\/index.php?rest_route=%2Fwp%2Fv2%2Fcomments&post=1812"}],"version-history":[{"count":3,"href":"https:\/\/mbloretanska.pl\/index.php?rest_route=\/wp\/v2\/posts\/1812\/revisions"}],"predecessor-version":[{"id":1820,"href":"https:\/\/mbloretanska.pl\/index.php?rest_route=\/wp\/v2\/posts\/1812\/revisions\/1820"}],"wp:attachment":[{"href":"https:\/\/mbloretanska.pl\/index.php?rest_route=%2Fwp%2Fv2%2Fmedia&parent=1812"}],"wp:term":[{"taxonomy":"category","embeddable":true,"href":"https:\/\/mbloretanska.pl\/index.php?rest_route=%2Fwp%2Fv2%2Fcategories&post=1812"},{"taxonomy":"post_tag","embeddable":true,"href":"https:\/\/mbloretanska.pl\/index.php?rest_route=%2Fwp%2Fv2%2Ftags&post=1812"}],"curies":[{"name":"wp","href":"https:\/\/api.w.org\/{rel}","templated":true}]}}