{"id":1806,"date":"2018-07-08T01:33:44","date_gmt":"2018-07-07T23:33:44","guid":{"rendered":"http:\/\/mbloretanska.pl\/?p=1806"},"modified":"2018-07-08T01:34:44","modified_gmt":"2018-07-07T23:34:44","slug":"1806","status":"publish","type":"post","link":"https:\/\/mbloretanska.pl\/?p=1806","title":{"rendered":"intencje mszalne, 08-14.07.2018"},"content":{"rendered":"<table width=\"619\">\n<tbody>\n<tr>\n<td colspan=\"3\" width=\"619\">\n<p style=\"text-align: center;\"><strong>14 Niedziela zwyk\u0142a,\u00a0<\/strong>8 lipiec 2018<\/p>\n<\/td>\n<\/tr>\n<tr>\n<td colspan=\"3\" width=\"619\"><\/td>\n<\/tr>\n<tr>\n<td colspan=\"2\" width=\"91\">\n<p style=\"text-align: center;\"><strong>7.00<\/strong><\/p>\n<\/td>\n<td width=\"529\">+ Mariann\u0119 i Janusza Malenty, Wac\u0142awa Oleszczuka, zm.\u00a0 z rodz. Ko\u0144k\u00f3w, Malent\u00f3w, Mate\u0144k\u00f3w i Oleszczuk\u00f3w<\/td>\n<\/tr>\n<tr>\n<td colspan=\"2\" width=\"91\">\n<p style=\"text-align: center;\"><strong>8.30<\/strong><\/p>\n<\/td>\n<td width=\"529\">+ zm. rodzic\u00f3w Teodozj\u0119 i Romana Ulikowskich, cr. Szmit\u00f3w i Jab\u0142eckich<\/td>\n<\/tr>\n<tr>\n<td colspan=\"2\" width=\"91\">\n<p style=\"text-align: center;\"><strong>10.00<\/strong><\/p>\n<\/td>\n<td width=\"529\">+ Stefani\u0119 Sta\u0144czuk, W\u0142adys\u0142aw\u0119 i Kazimierza Siekluckich<\/td>\n<\/tr>\n<tr>\n<td colspan=\"2\" width=\"91\">\n<p style=\"text-align: center;\"><strong>11.00<\/strong><\/p>\n<\/td>\n<td width=\"529\">+ Mari\u0119 Winiarz w 1 r. \u015bm.<\/td>\n<\/tr>\n<tr>\n<td colspan=\"2\" width=\"91\">\n<p style=\"text-align: center;\"><strong>12.30<\/strong><\/p>\n<\/td>\n<td width=\"529\">+ Wies\u0142aw\u0119 Bie\u0144 (8 gr)<\/td>\n<\/tr>\n<tr>\n<td colspan=\"2\" width=\"91\">\n<p style=\"text-align: center;\"><strong>18.00<\/strong><\/p>\n<\/td>\n<td width=\"529\">+ Wies\u0142awa Szatkowskiego w 9 r. \u015bm.<\/td>\n<\/tr>\n<tr>\n<td colspan=\"3\" width=\"619\">\n<p style=\"text-align: center;\"><strong>Poniedzia\u0142ek,<\/strong>\u00a0 9 lipiec 2018<\/p>\n<\/td>\n<\/tr>\n<tr>\n<td colspan=\"3\" width=\"619\"><strong>\u00a0<\/strong><\/td>\n<\/tr>\n<tr>\n<td width=\"88\">\n<p style=\"text-align: center;\"><strong>7.00<\/strong><\/p>\n<\/td>\n<td colspan=\"2\" width=\"531\">+ Stefani\u0119 Ko\u017ami\u0144sk\u0105\u00a0 \/int od Darka i Tatiany i synami\/<\/td>\n<\/tr>\n<tr>\n<td width=\"88\">\n<p style=\"text-align: center;\"><strong>\u00a08.00<\/strong><\/p>\n<\/td>\n<td colspan=\"2\" width=\"531\">+ Wies\u0142aw\u0119 Bie\u0144 (9 gr)<\/td>\n<\/tr>\n<tr>\n<td width=\"88\">\n<p style=\"text-align: center;\"><strong>18.00<\/strong><\/p>\n<\/td>\n<td colspan=\"2\" width=\"531\">+ Edmunda w 16 r. \u015bm. i Henryk\u0119 Czapla<\/td>\n<\/tr>\n<tr>\n<td colspan=\"3\" width=\"619\">\n<p style=\"text-align: center;\"><strong>Wtorek,\u00a0<\/strong>10 lipiec 2018<\/p>\n<\/td>\n<\/tr>\n<tr>\n<td colspan=\"3\" width=\"619\"><strong>\u00a0<\/strong><\/td>\n<\/tr>\n<tr>\n<td width=\"88\">\n<p style=\"text-align: center;\"><strong>7.00<\/strong><\/p>\n<\/td>\n<td colspan=\"2\" width=\"531\">+ Wies\u0142aw\u0119\u00a0 Bie\u0144 (10 gr)<\/td>\n<\/tr>\n<tr>\n<td width=\"88\">\n<p style=\"text-align: center;\"><strong>8.00<\/strong><\/p>\n<\/td>\n<td colspan=\"2\" width=\"531\">+ Danut\u0119 w 4 r. \u015bm., Eugeni\u0119 i W\u0142adys\u0142awa<\/td>\n<\/tr>\n<tr>\n<td width=\"88\">\n<p style=\"text-align: center;\"><strong>18.00<\/strong><\/p>\n<\/td>\n<td colspan=\"2\" width=\"531\">+ Mariann\u0119, Stanis\u0142awa i S\u0142awomira Sykulskich, cr. Bered\u00f3w<br \/>\ni Sykulskich, Stanis\u0142awa Zawad\u0119, cr. Wyszy\u0144skich<\/td>\n<\/tr>\n<tr>\n<td colspan=\"3\" width=\"619\">\n<p style=\"text-align: center;\"><strong>\u015aroda,<\/strong>\u00a0 11 lipiec 2018,\u00a0\u015awi\u0119to \u015bw. Benedykta patrona Europy<\/p>\n<\/td>\n<\/tr>\n<tr>\n<td colspan=\"3\" width=\"619\"><strong>\u00a0<\/strong><\/td>\n<\/tr>\n<tr>\n<td width=\"88\">\n<p style=\"text-align: center;\"><strong>7.00<\/strong><\/p>\n<\/td>\n<td colspan=\"2\" width=\"531\">+ Janin\u0119 Blicharsk\u0105 w miesi\u0105c po \u015bm.<\/td>\n<\/tr>\n<tr>\n<td width=\"88\"><strong>8.00<\/strong><\/td>\n<td colspan=\"2\" width=\"531\">+ Wies\u0142aw\u0119 Bie\u0144 (11 gr)<\/td>\n<\/tr>\n<tr>\n<td width=\"88\"><strong>17.45<\/strong><\/td>\n<td colspan=\"2\" width=\"531\">NOWENNA DO MATKI BO\u017bEJ NIEUSTAJ\u0104CEJ POMOCY<\/p>\n<p>I MSZA \u015aWI\u0118TA<\/td>\n<\/tr>\n<tr>\n<td colspan=\"3\" width=\"619\">\n<p style=\"text-align: center;\"><strong>Czwartek,<\/strong>\u00a0 12\u00a0 lipiec 2018<\/p>\n<\/td>\n<\/tr>\n<tr>\n<td colspan=\"3\" width=\"619\"><strong>\u00a0<\/strong><\/td>\n<\/tr>\n<tr>\n<td width=\"88\">\n<p style=\"text-align: center;\"><strong>7.00<\/strong><\/p>\n<\/td>\n<td colspan=\"2\" width=\"531\">+ Witolda Bartosiewicza<\/td>\n<\/tr>\n<tr>\n<td width=\"88\">\n<p style=\"text-align: center;\"><strong>\u00a08.00<\/strong><\/p>\n<\/td>\n<td colspan=\"2\" width=\"531\">+ Wies\u0142aw\u0119 Bie\u0144 (12 gr)<\/td>\n<\/tr>\n<tr>\n<td width=\"88\">\n<p style=\"text-align: center;\"><strong>18.00<\/strong><\/p>\n<\/td>\n<td colspan=\"2\" width=\"531\">+ Konrada Antoniuka w 8 r. \u015bm.<\/td>\n<\/tr>\n<tr>\n<td colspan=\"3\" width=\"619\">\n<p style=\"text-align: center;\"><strong>Pi\u0105tek,\u00a0<\/strong>13 lipiec \u00a0\u00a02018<\/p>\n<\/td>\n<\/tr>\n<tr>\n<td colspan=\"3\" width=\"619\"><strong>\u00a0<\/strong><\/td>\n<\/tr>\n<tr>\n<td width=\"88\">\n<p style=\"text-align: center;\"><strong>7.00<\/strong><\/p>\n<\/td>\n<td colspan=\"2\" width=\"531\">+ Wies\u0142aw\u0119 Bie\u0144 (13 gr)<\/td>\n<\/tr>\n<tr>\n<td width=\"88\">\n<p style=\"text-align: center;\"><strong>8.00<\/strong><\/p>\n<\/td>\n<td colspan=\"2\" width=\"531\"><strong>+ <\/strong>Stefana w 27 r. \u015bm. i Stefani\u0119 Mozal<\/td>\n<\/tr>\n<tr>\n<td width=\"88\">\n<p style=\"text-align: center;\"><strong>18.00<\/strong><\/p>\n<\/td>\n<td colspan=\"2\" width=\"531\">+ Ma\u0142gorzat\u0119 i J\u00f3zefa Gutowskich<\/td>\n<\/tr>\n<tr>\n<td colspan=\"3\" width=\"619\">\n<p style=\"text-align: center;\"><strong>Sobota,<\/strong> 14 lipiec \u00a02018<\/p>\n<\/td>\n<\/tr>\n<tr>\n<td colspan=\"3\" width=\"619\"><strong>\u00a0<\/strong><\/td>\n<\/tr>\n<tr>\n<td width=\"88\">\n<p style=\"text-align: center;\"><strong>7.00<\/strong><\/p>\n<\/td>\n<td colspan=\"2\" width=\"531\">+ Wies\u0142aw\u0119 Bie\u0144 (14 gr)<\/td>\n<\/tr>\n<tr>\n<td width=\"88\">\n<p style=\"text-align: center;\"><strong>8.00<\/strong><\/p>\n<\/td>\n<td colspan=\"2\" width=\"531\">\u015aw. Micha\u0142 Archanio\u0142<\/td>\n<\/tr>\n<tr>\n<td width=\"88\">\n<p style=\"text-align: center;\"><strong>18.00<\/strong><\/p>\n<\/td>\n<td colspan=\"2\" width=\"531\">+ Henryka Szajkowskiego i Haliny Szajkowskiej w miesi\u0105c po \u015bm.<\/td>\n<\/tr>\n<\/tbody>\n<\/table>\n","protected":false},"excerpt":{"rendered":"<p>14 Niedziela zwyk\u0142a,\u00a08 lipiec 2018 7.00 + Mariann\u0119 i Janusza Malenty, Wac\u0142awa Oleszczuka, zm.\u00a0 z rodz. Ko\u0144k\u00f3w, Malent\u00f3w, Mate\u0144k\u00f3w i Oleszczuk\u00f3w 8.30 + zm. rodzic\u00f3w Teodozj\u0119 i Romana Ulikowskich, cr. Szmit\u00f3w i Jab\u0142eckich 10.00 + Stefani\u0119 Sta\u0144czuk, W\u0142adys\u0142aw\u0119 i Kazimierza Siekluckich 11.00 + Mari\u0119 Winiarz w 1 r. \u015bm. 12.30 + Wies\u0142aw\u0119 Bie\u0144 (8 gr) [&hellip;]<\/p>\n","protected":false},"author":1,"featured_media":0,"comment_status":"closed","ping_status":"open","sticky":false,"template":"","format":"standard","meta":{"ngg_post_thumbnail":0,"footnotes":""},"categories":[6],"tags":[],"class_list":["post-1806","post","type-post","status-publish","format-standard","hentry","category-intencje-mszalne"],"_links":{"self":[{"href":"https:\/\/mbloretanska.pl\/index.php?rest_route=\/wp\/v2\/posts\/1806","targetHints":{"allow":["GET"]}}],"collection":[{"href":"https:\/\/mbloretanska.pl\/index.php?rest_route=\/wp\/v2\/posts"}],"about":[{"href":"https:\/\/mbloretanska.pl\/index.php?rest_route=\/wp\/v2\/types\/post"}],"author":[{"embeddable":true,"href":"https:\/\/mbloretanska.pl\/index.php?rest_route=\/wp\/v2\/users\/1"}],"replies":[{"embeddable":true,"href":"https:\/\/mbloretanska.pl\/index.php?rest_route=%2Fwp%2Fv2%2Fcomments&post=1806"}],"version-history":[{"count":3,"href":"https:\/\/mbloretanska.pl\/index.php?rest_route=\/wp\/v2\/posts\/1806\/revisions"}],"predecessor-version":[{"id":1808,"href":"https:\/\/mbloretanska.pl\/index.php?rest_route=\/wp\/v2\/posts\/1806\/revisions\/1808"}],"wp:attachment":[{"href":"https:\/\/mbloretanska.pl\/index.php?rest_route=%2Fwp%2Fv2%2Fmedia&parent=1806"}],"wp:term":[{"taxonomy":"category","embeddable":true,"href":"https:\/\/mbloretanska.pl\/index.php?rest_route=%2Fwp%2Fv2%2Fcategories&post=1806"},{"taxonomy":"post_tag","embeddable":true,"href":"https:\/\/mbloretanska.pl\/index.php?rest_route=%2Fwp%2Fv2%2Ftags&post=1806"}],"curies":[{"name":"wp","href":"https:\/\/api.w.org\/{rel}","templated":true}]}}