{"id":1802,"date":"2018-07-08T01:27:33","date_gmt":"2018-07-07T23:27:33","guid":{"rendered":"http:\/\/mbloretanska.pl\/?p=1802"},"modified":"2018-07-08T01:28:28","modified_gmt":"2018-07-07T23:28:28","slug":"xiv-niedziela-zwykla-8-lipiec-2018","status":"publish","type":"post","link":"https:\/\/mbloretanska.pl\/?p=1802","title":{"rendered":"XIV niedziela zwyk\u0142a, 8 lipiec 2018"},"content":{"rendered":"<p><span style=\"color: #000000;\">1. Witamy w naszej parafii ks. Daniela Luba\u0144skiego, kt\u00f3ry w tym miesi\u0105cu nam pomaga\u0142 w pracy duszpasterskiej. Otoczmy go \u017cyczliwo\u015bci\u0105 i modlitw\u0105, aby czu\u0142 si\u0119 u nas jak w domu i by jego pos\u0142uga by\u0142a radosna i owocna dla naszej wsp\u00f3lnoty.<\/span><\/p>\n<p><span style=\"color: #000000;\">2. Trwa nawiedzenie rodzin naszej parafii przez u\u015bwi\u0119cony Jasnog\u00f3rsk\u0105 Ikon\u0105 wizerunek Maryi.\u00a0 Osoby, kt\u00f3re chcia\u0142yby przyj\u0105\u0107 do siebie obraz Matki Bo\u017cej prosimy o kontakt w zakrystii.<\/span><\/p>\n<p><span style=\"color: #000000;\">3. W \u015brody zapraszamy na nowenn\u0119 do M.B. Nieustaj\u0105cej Pomocy, w czwartki na\u00a0 adoracj\u0119 Naj\u015bwi\u0119tszego Sakramentu, w pi\u0105tki o godz. 17.00 na wsp\u00f3ln\u0105 koronk\u0119 do Mi\u0142osierdzia Bo\u017cego.<\/span><\/p>\n<p><span style=\"color: #000000;\">4. W \u015brod\u0119 11 lipca obchodzimy \u015bwi\u0119to \u015bw. Benedykta patrona Europy.<\/span><\/p>\n<p><span style=\"color: #000000;\">5. W pi\u0105tek 13 lipca po mszy \u015bw. wieczornej zapraszamy na kolejne nabo\u017ce\u0144stwo fatimskie z procesj\u0105 r\u00f3\u017ca\u0144cow\u0105.<\/span><\/p>\n<p><span style=\"color: #000000;\">6. Za dwa tygodnie, w niedziel\u0119 22 lipca z racji wspomnienia \u015bw. Krzysztofa\u00a0patrona kierowc\u00f3w, na ka\u017cdej Mszy \u015aw. b\u0119dzie specjalne b\u0142ogos\u0142awie\u0144stwo dla wszystkich uczestnik\u00f3w ruchu drogowego. Gdyby kto\u015b chcia\u0142 indywidualnie po\u015bwi\u0119ci\u0107 swoje auto, motocykl, skuter, rower lub hulajnog\u0119, zapraszamy w tygodniu po Mszy \u015bw. na parking przy plebanii.<\/span><\/p>\n<p><span style=\"color: #000000;\">7. M\u0142odzie\u017c licealn\u0105, student\u00f3w i starszych zapraszamy na Pielgrzymk\u0119 Akademick\u0105 na Jasn\u0105 G\u00f3r\u0119 w dniach 5 -14 sierpnia. Polecamy grup\u0119 fioletow\u0105, kt\u00f3rej przewodnikiem jest ks. Jarek, Szczeg\u00f3\u0142y na plakacie oraz osobi\u015bcie u ks. Jarka.<\/span><\/p>\n<p><span style=\"color: #000000;\">8. Na stoliku prasowym znajdziemy tygodnik<i> Idziemy<\/i> oraz gazetk\u0119 parafialn\u0105 <i>We\u017a Ewangeli\u0119\u00a0 do domu.<\/i><\/span><\/p>\n","protected":false},"excerpt":{"rendered":"<p>1. Witamy w naszej parafii ks. Daniela Luba\u0144skiego, kt\u00f3ry w tym miesi\u0105cu nam pomaga\u0142 w pracy duszpasterskiej. Otoczmy go \u017cyczliwo\u015bci\u0105 i modlitw\u0105, aby czu\u0142 si\u0119 u nas jak w domu i by jego pos\u0142uga by\u0142a radosna i owocna dla naszej wsp\u00f3lnoty. 2. Trwa nawiedzenie rodzin naszej parafii przez u\u015bwi\u0119cony Jasnog\u00f3rsk\u0105 Ikon\u0105 wizerunek Maryi.\u00a0 Osoby, kt\u00f3re [&hellip;]<\/p>\n","protected":false},"author":1,"featured_media":0,"comment_status":"closed","ping_status":"open","sticky":false,"template":"","format":"standard","meta":{"ngg_post_thumbnail":0,"footnotes":""},"categories":[3],"tags":[],"class_list":["post-1802","post","type-post","status-publish","format-standard","hentry","category-ogloszenia-duszpasterskie"],"_links":{"self":[{"href":"https:\/\/mbloretanska.pl\/index.php?rest_route=\/wp\/v2\/posts\/1802","targetHints":{"allow":["GET"]}}],"collection":[{"href":"https:\/\/mbloretanska.pl\/index.php?rest_route=\/wp\/v2\/posts"}],"about":[{"href":"https:\/\/mbloretanska.pl\/index.php?rest_route=\/wp\/v2\/types\/post"}],"author":[{"embeddable":true,"href":"https:\/\/mbloretanska.pl\/index.php?rest_route=\/wp\/v2\/users\/1"}],"replies":[{"embeddable":true,"href":"https:\/\/mbloretanska.pl\/index.php?rest_route=%2Fwp%2Fv2%2Fcomments&post=1802"}],"version-history":[{"count":3,"href":"https:\/\/mbloretanska.pl\/index.php?rest_route=\/wp\/v2\/posts\/1802\/revisions"}],"predecessor-version":[{"id":1804,"href":"https:\/\/mbloretanska.pl\/index.php?rest_route=\/wp\/v2\/posts\/1802\/revisions\/1804"}],"wp:attachment":[{"href":"https:\/\/mbloretanska.pl\/index.php?rest_route=%2Fwp%2Fv2%2Fmedia&parent=1802"}],"wp:term":[{"taxonomy":"category","embeddable":true,"href":"https:\/\/mbloretanska.pl\/index.php?rest_route=%2Fwp%2Fv2%2Fcategories&post=1802"},{"taxonomy":"post_tag","embeddable":true,"href":"https:\/\/mbloretanska.pl\/index.php?rest_route=%2Fwp%2Fv2%2Ftags&post=1802"}],"curies":[{"name":"wp","href":"https:\/\/api.w.org\/{rel}","templated":true}]}}